{"id":956,"date":"2018-04-04T09:11:37","date_gmt":"2018-04-04T14:11:37","guid":{"rendered":"http:\/\/noticias.inderbu.gov.co\/?p=956"},"modified":"2018-04-04T09:14:25","modified_gmt":"2018-04-04T14:14:25","slug":"juventud-activa-y-ocupada-productivamente-con-el-inderbu","status":"publish","type":"post","link":"https:\/\/noticias.inderbu.gov.co\/index.php\/2018\/04\/04\/juventud-activa-y-ocupada-productivamente-con-el-inderbu\/","title":{"rendered":"Juventud activa y ocupada productivamente con el INDERBU"},"content":{"rendered":"<p style=\"text-align: justify;\"><strong>Diferentes actividades deportivas, recreativas y de formaci\u00f3n ofrece el INDERBU para los j\u00f3venes de Bucaramanga, como alternativa de ocupaci\u00f3n productiva del tiempo libre. <\/strong><\/p>\n<div id=\"attachment_958\" style=\"width: 881px\" class=\"wp-caption alignnone\"><img loading=\"lazy\" decoding=\"async\" aria-describedby=\"caption-attachment-958\" class=\"size-full wp-image-958\" src=\"http:\/\/noticias.inderbu.gov.co\/wp-content\/uploads\/2018\/04\/JOVENES-e1522849519505.jpeg\" alt=\"\" width=\"871\" height=\"489\" \/><p id=\"caption-attachment-958\" class=\"wp-caption-text\">J\u00f3venes con el INDERBU<\/p><\/div>\n<p style=\"text-align: justify;\">En casas de Juventud, colegios, salones comunales y canchas de los barrios, el INDERBU realiza jornadas deportivas, talleres, cursos, actividades pedag\u00f3gicas con orientaci\u00f3n psicol\u00f3gica y de prevenci\u00f3n, brindando a los j\u00f3venes de Bucaramanga diversas opciones para capacitarse, ocuparse y\/o recrearse en su tiempo libre.<\/p>\n<p style=\"text-align: justify;\">Se adelantan capacitaciones en marroquiner\u00eda, culinaria y manualidades como decoraciones para eventos sociales y empresariales, con el prop\u00f3sito de ofrecer alternativas de generaci\u00f3n de ingresos familiares; del mismo modo, el INDERBU tambi\u00e9n propicia espacios de expresi\u00f3n art\u00edstica juvenil a trav\u00e9s de la m\u00fasica y la danza, entre otras actividades formativas, deportivas y recreativas.<\/p>\n<p style=\"text-align: justify;\">El pasado lunes 2 de abril, el INDERBU estuvo en el colegio La Libertad con intervenciones de psicolog\u00eda sobre prevenci\u00f3n de violencia y maltrato escolar; en la Casa de Juventud de la vereda El Pabl\u00f3n con taller de foamy, en la Casa de Juventud ubicada en Campo Hermoso, con estrategias para el manejo de emociones a trav\u00e9s del juego y en el barrio San Francisco con taller productivo de marroquiner\u00eda.<\/p>\n\n\t\t<style>\n\t\t\t#gallery-1 {\n\t\t\t\tmargin: auto;\n\t\t\t}\n\t\t\t#gallery-1 .gallery-item {\n\t\t\t\tfloat: left;\n\t\t\t\tmargin-top: 10px;\n\t\t\t\ttext-align: center;\n\t\t\t\twidth: 50%;\n\t\t\t}\n\t\t\t#gallery-1 img {\n\t\t\t\tborder: 2px solid #cfcfcf;\n\t\t\t}\n\t\t\t#gallery-1 .gallery-caption {\n\t\t\t\tmargin-left: 0;\n\t\t\t}\n\t\t\t\/* see gallery_shortcode() in wp-includes\/media.php *\/\n\t\t<\/style>\n\t\t<div id='gallery-1' class='gallery galleryid-956 gallery-columns-2 gallery-size-medium'><dl class='gallery-item'>\n\t\t\t<dt class='gallery-icon landscape'>\n\t\t\t\t<a href='https:\/\/noticias.inderbu.gov.co\/index.php\/2018\/03\/15\/ocupacion-productiva-del-tiempo-para-jovenes-con-inderbu\/tallercountry\/'><img loading=\"lazy\" decoding=\"async\" width=\"300\" height=\"225\" src=\"https:\/\/noticias.inderbu.gov.co\/wp-content\/uploads\/2018\/03\/TALLERCOUNTRY-300x225.jpg\" class=\"attachment-medium size-medium no-lazy\" alt=\"\" aria-describedby=\"gallery-1-886\" srcset=\"https:\/\/noticias.inderbu.gov.co\/wp-content\/uploads\/2018\/03\/TALLERCOUNTRY-300x225.jpg 300w, https:\/\/noticias.inderbu.gov.co\/wp-content\/uploads\/2018\/03\/TALLERCOUNTRY-768x576.jpg 768w, https:\/\/noticias.inderbu.gov.co\/wp-content\/uploads\/2018\/03\/TALLERCOUNTRY.jpg 871w\" sizes=\"auto, (max-width: 300px) 100vw, 300px\" \/><\/a>\n\t\t\t<\/dt>\n\t\t\t\t<dd class='wp-caption-text gallery-caption' id='gallery-1-886'>\n\t\t\t\tTaller country para j\u00f3venes\n\t\t\t\t<\/dd><\/dl><dl class='gallery-item'>\n\t\t\t<dt class='gallery-icon landscape'>\n\t\t\t\t<a href='https:\/\/noticias.inderbu.gov.co\/index.php\/2018\/03\/15\/ocupacion-productiva-del-tiempo-para-jovenes-con-inderbu\/tallerjovenesfoami\/'><img loading=\"lazy\" decoding=\"async\" width=\"300\" height=\"225\" src=\"https:\/\/noticias.inderbu.gov.co\/wp-content\/uploads\/2018\/03\/TALLERJOVENESFOAMI-300x225.jpg\" class=\"attachment-medium size-medium no-lazy\" alt=\"\" aria-describedby=\"gallery-1-889\" srcset=\"https:\/\/noticias.inderbu.gov.co\/wp-content\/uploads\/2018\/03\/TALLERJOVENESFOAMI-300x225.jpg 300w, https:\/\/noticias.inderbu.gov.co\/wp-content\/uploads\/2018\/03\/TALLERJOVENESFOAMI-768x576.jpg 768w, https:\/\/noticias.inderbu.gov.co\/wp-content\/uploads\/2018\/03\/TALLERJOVENESFOAMI.jpg 871w\" sizes=\"auto, (max-width: 300px) 100vw, 300px\" \/><\/a>\n\t\t\t<\/dt>\n\t\t\t\t<dd class='wp-caption-text gallery-caption' id='gallery-1-889'>\n\t\t\t\tTaller j\u00f3venes foamy\n\t\t\t\t<\/dd><\/dl><br style=\"clear: both\" \/>\n\t\t<\/div>\n\n<p style=\"text-align: justify;\">Ayer martes, el INDERBU brind\u00f3 talleres de m\u00fasica a los j\u00f3venes en la Casa de Juventud del barrio Bucaramanga y en las instituciones educativas Rural Bosconia y Francisco de Paula Santander, en la ma\u00f1ana y en la tarde respectivamente; las intervenciones psicol\u00f3gicas se realizaron en la Casa de Juventud del Centro Cultural en horas de la ma\u00f1ana con el taller Reto Vida, mientras que en la tarde se realizaron charlas y orientaciones en la Casa de Juventud de la vereda El Pabl\u00f3n. \u00a0En el corregimiento 2, cancha de Bosconia, el INDERBU continu\u00f3 \u00a0con la estrategia de prevenci\u00f3n a trav\u00e9s de la pr\u00e1ctica del boxeo. Los j\u00f3venes de la Casa de Juventud ubicada en Pablo VI estuvieron aprendiendo culinaria en horas de la tarde y disfrutaron del taller de baile a las 7:00 de la noche.\u00a0 En sectores vulnerables como el barrio La Inmaculada torre 24, el INDERBU ofreci\u00f3 clases del taller productivo de marroquiner\u00eda a las 3:00 de la tarde; en San Mart\u00edn, tambi\u00e9n en la tarde, el taller de cajas decorativas, mo\u00f1os y empaques, y finalizando la tarde, en el sal\u00f3n comunal del Kennedy con taller de pi\u00f1ater\u00eda. En la Casa de Juventud del barrio Girardot se desarroll\u00f3 e taller de bisuter\u00eda e ideas de emprendimiento a las 2:00 de la tarde.<\/p>\n<p><span style=\"font-size: 18pt;\"><strong>Agenda Juvenil con el INDERBU<\/strong><\/span><\/p>\n<p style=\"text-align: justify;\"><strong>Mi\u00e9rcoles 4 de abril<\/strong><\/p>\n<table width=\"0\">\n<tbody>\n<tr>\n<td width=\"189\"><strong>ACTIVIDAD<\/strong><\/td>\n<td width=\"123\"><strong>HORARIO<\/strong><\/td>\n<td width=\"151\"><strong>LUGAR<\/strong><\/td>\n<\/tr>\n<tr>\n<td width=\"189\">CINE FORO<\/td>\n<td width=\"123\">DE: 1:30 P.M<\/p>\n<p>A: 5:00 P.M<\/td>\n<td width=\"151\">CASA DE LA JUVENTUD VEREDA EL PABL\u00d3N<\/td>\n<\/tr>\n<tr>\n<td width=\"189\">JUEGOS DE MESA Y PING-PONG<\/p>\n<p>COMPETENCIA DE FUTBOL<\/td>\n<td width=\"123\">DE: 2:30 P.M<\/p>\n<p>A: 6:30 P.M<\/td>\n<td width=\"151\">CASA DE LA JUVENTUD Y CANCHA DE CAMPOHERMOSO<\/td>\n<\/tr>\n<tr>\n<td width=\"189\">TALLER DE CULINARIA<\/td>\n<td width=\"123\">DE: 2:00 P.M<\/p>\n<p>A: 4:00 P.M<\/td>\n<td width=\"151\">TORRE 23 URBANIZACI\u00d3N LA INMACULADA<\/td>\n<\/tr>\n<tr>\n<td width=\"189\">TALLER DE COUNTRY<\/td>\n<td width=\"123\">DE: 9:00 A.M<\/p>\n<p>A: 12:00 P.M<\/td>\n<td width=\"151\">BARRIO LA CONCORDIA CALLE 48 # 18 &#8211; 79<\/td>\n<\/tr>\n<tr>\n<td width=\"189\">ESTRATEGIA DE PREVENCION A TRAVES DEL BOXEO<\/td>\n<td width=\"123\">DE: 5:00 P.M<\/p>\n<p>A: 8:00 P.M<\/td>\n<td width=\"151\">CANCHA BARRIO EL SOL<\/td>\n<\/tr>\n<tr>\n<td width=\"189\">EXPRESIONES ARTISTICAS A TRAV\u00c9S DE LA PINTURA<\/td>\n<td width=\"123\">DE: 2:00 P.M<\/p>\n<p>A: 6:00 P.M<\/td>\n<td width=\"151\">CASA DE LA JUVENTUD GIRARDOT<\/td>\n<\/tr>\n<tr>\n<td width=\"189\">TARDE DE JUEGOS DE MESA<\/td>\n<td width=\"123\">DE: 3:30 P.M<\/p>\n<p>A: 7:00 P.M<\/td>\n<td width=\"151\">CASA DE LA JUVENTUD CENTRO CULTURAL DEL ORIENTE<\/td>\n<\/tr>\n<tr>\n<td width=\"189\">INTERVENCI\u00d3N PSICO SOCIAL \u201cRETO VIDA\u201d<\/td>\n<td width=\"123\">DE: 5:00 P.M<\/p>\n<p>A: 6:00 P.M<\/td>\n<td width=\"151\">PARQUEADERO BARRIO MINUTO DE DIOS<\/td>\n<\/tr>\n<tr>\n<td width=\"189\">TALLER DE M\u00daSICA<\/td>\n<td width=\"123\">DE: 2:30 P.M<\/p>\n<p>A: 4:30 P.M<\/td>\n<td width=\"151\">INSTITUCI\u00d3N EDUCATIVA LA LIBERTAD<\/td>\n<\/tr>\n<tr>\n<td width=\"189\">TALLER DE FOAMY<\/td>\n<td width=\"123\">DE: 8:00 A.M<\/p>\n<p>A: 10:00 A.M<\/td>\n<td width=\"151\">SAL\u00d3N COMUNAL BARRIO OLAS BAJAS<\/td>\n<\/tr>\n<tr>\n<td width=\"189\">TALLER DE FOAMY<\/td>\n<td width=\"123\">DE: 2:00 P.M<\/p>\n<p>A: 5:00 P.M<\/td>\n<td width=\"151\">ESCUELA SANTA RITA<\/td>\n<\/tr>\n<tr>\n<td width=\"189\">TALLER DE PARTICIPACI\u00d3N Y LIDERAZGO<\/td>\n<td width=\"123\">DE: 9:40 A.M<\/p>\n<p>A: 11:00 A.M<\/td>\n<td width=\"151\">COLEGIO GETSEMANI<\/td>\n<\/tr>\n<\/tbody>\n<\/table>\n<p style=\"text-align: justify;\"><strong>Jueves 5 de abril<\/strong><\/p>\n<table width=\"0\">\n<tbody>\n<tr>\n<td width=\"189\"><strong>ACTIVIDAD<\/strong><\/td>\n<td width=\"123\"><strong>HORARIO<\/strong><\/td>\n<td width=\"151\"><strong>LUGAR<\/strong><\/td>\n<\/tr>\n<tr>\n<td width=\"189\">TALLER DE COUNTRY<\/td>\n<td width=\"123\">DE: 1:30 P.M<\/p>\n<p>A: 5:30\u00a0 P.M<\/td>\n<td width=\"151\">CASA DE LA JUVENTUD VEREDA EL PABL\u00d3N<\/td>\n<\/tr>\n<tr>\n<td width=\"189\">TALLER DE CULINARIA<\/td>\n<td width=\"123\">DE: 2:00 P.M<\/p>\n<p>A: 4:00 P.M<\/td>\n<td width=\"151\">SAL\u00d3N COMUNAL VIJAGUAL<\/td>\n<\/tr>\n<tr>\n<td width=\"189\">TALLER DE BAILE<\/td>\n<td width=\"123\">DE: 2:00 P.M<\/p>\n<p>A: 4:00 P.M<\/td>\n<td width=\"151\">CASA DE LA JUVENTUD CENTRO CULTURAL DEL ORIENTE<\/td>\n<\/tr>\n<tr>\n<td width=\"189\">TALLER MO\u00d1OS Y EMPAQUES<\/td>\n<td width=\"123\">DE: 7:00 P.M<\/p>\n<p>A: 9:00 P.M<\/td>\n<td width=\"151\">ESCUELA PILAR SEDE E PABLO VI<\/td>\n<\/tr>\n<tr>\n<td width=\"189\">ESTRATEGIA DE PREVENCION A TRAVES DEL BOXEO<\/td>\n<td width=\"123\">DE: 3:00 P.M<\/p>\n<p>A: 6:00 P.M<\/td>\n<td width=\"151\">CASA DE LA JUVENTUD BARRIO BUCARAMANGA<\/td>\n<\/tr>\n<tr>\n<td width=\"189\">CINE FORO<\/td>\n<td width=\"123\">DE: 2:00 P.M<\/p>\n<p>A: 6:00 P.M<\/td>\n<td width=\"151\">CASA DE LA JUVENTUD BARRIO BUCARAMANGA<\/td>\n<\/tr>\n<tr>\n<td width=\"189\">JUEGOS DE MESA<\/td>\n<td width=\"123\">DE: 3:30 P.M<\/p>\n<p>A: 7:00 P.M<\/td>\n<td width=\"151\">CASA DE LA JUVENTUD CENTRO\u00a0 CULTURAL DEL ORIENTE<\/td>\n<\/tr>\n<tr>\n<td width=\"189\">INTERVENCI\u00d3N PSICOSOCIAL \u201cRETO VIDA\u201d<\/td>\n<td width=\"123\">DE: 5:00 PM<\/p>\n<p>A: 6:30 PM<\/td>\n<td width=\"151\">CASA DE LA JUVENTUD CENTRO\u00a0 CULTURAL DEL ORIENTE<\/td>\n<\/tr>\n<tr>\n<td width=\"189\">ACTIVIDAD PRE-DEPORTIVA (GRUPO JUVENIL CORREGIMIENTO 2)<\/td>\n<td width=\"123\">DE: 3:30 PM<\/p>\n<p>A: 5:30 PM<\/td>\n<td width=\"151\">CANCHA BOSCONIA<\/td>\n<\/tr>\n<tr>\n<td width=\"189\">TALLER DE CAJAS Y MO\u00d1OS<\/p>\n<p>TARDE DE INTEGRACI\u00d3N JUVENIL<\/td>\n<td width=\"123\">DE: 2:30 PM<\/p>\n<p>A: 6:30 PM<\/td>\n<td width=\"151\">CASA DE LA JUVENTUD CAMPOHERMOSO<\/td>\n<\/tr>\n<\/tbody>\n<\/table>\n<p style=\"text-align: justify;\"><strong>Viernes 6 de abril<\/strong><\/p>\n<table width=\"0\">\n<tbody>\n<tr>\n<td width=\"189\"><strong>ACTIVIDAD<\/strong><\/td>\n<td width=\"123\"><strong>HORARIO<\/strong><\/td>\n<td width=\"151\"><strong>LUGAR<\/strong><\/td>\n<\/tr>\n<tr>\n<td width=\"189\">TALLER DE MARROQUINERIA<\/td>\n<td width=\"123\">DE: 5:00 P.M<\/p>\n<p>A: 8:00 P.M<\/td>\n<td width=\"151\">SAL\u00d3N COMUNAL BARRIO SAN LUIS<\/td>\n<\/tr>\n<tr>\n<td width=\"189\">TALLER DE BAILE<\/td>\n<td width=\"123\">DE: 4:00 P.M<\/p>\n<p>A: 6:00 P.M<\/td>\n<td width=\"151\">CASA DE LA JUVENTUD PABLO VI<\/td>\n<\/tr>\n<tr>\n<td width=\"189\">JORNADA DEPORTIVA<\/td>\n<td width=\"123\">DE: 1:30 P.M<\/p>\n<p>A: 6:30 P.M<\/td>\n<td width=\"151\">CANCHA\u00a0 PABL\u00d3N<\/td>\n<\/tr>\n<tr>\n<td width=\"189\">ESTRATEGIA DE PREVENCION A TRAVES DEL BOXEO<\/td>\n<td width=\"123\">DE: 5:00 P.M<\/p>\n<p>A: 8:00 P.M<\/td>\n<td width=\"151\">FUNDACI\u00d3N FAS<\/td>\n<\/tr>\n<tr>\n<td width=\"189\">APROVECHAMIENTO DEL TIEMPO LIBRE Y KARAOKE<\/td>\n<td width=\"123\">DE: 2:00 P.M<\/p>\n<p>A: 6:00 P.M<\/td>\n<td width=\"151\">CASA DE LA JUVENTUD DEL GIRARDOT<\/td>\n<\/tr>\n<tr>\n<td width=\"189\">CIRCUITO DE JUEGOS<\/td>\n<td width=\"123\">DE: 3:30 P.M<\/p>\n<p>A: 7:00 P.M<\/td>\n<td width=\"151\">CASA DE LA JUVENTUD CENTRO\u00a0 CULTURAL DEL ORIENTE<\/td>\n<\/tr>\n<tr>\n<td width=\"189\">TALLER DE M\u00daSICA<\/td>\n<td width=\"123\">DE: 2:30 P.M<\/p>\n<p>A: 4:30 P.M<\/td>\n<td width=\"151\">INSTITUCI\u00d3N EDUCATIVA LA LIBERTAD<\/td>\n<\/tr>\n<tr>\n<td width=\"189\">CINE FORO<\/td>\n<td width=\"123\">DE: 2:30 P.M<\/p>\n<p>A: 6:30 P.M<\/td>\n<td width=\"151\">CASA DE LA JUVENTUD CAMPOHERMOSO<\/td>\n<\/tr>\n<\/tbody>\n<\/table>\n<p style=\"text-align: justify;\"><strong>S\u00e1bado 7 de abril<\/strong><\/p>\n<table width=\"0\">\n<tbody>\n<tr>\n<td width=\"189\"><strong>ACTIVIDAD<\/strong><\/td>\n<td width=\"123\"><strong>HORARIO<\/strong><\/td>\n<td width=\"151\"><strong>LUGAR<\/strong><\/td>\n<\/tr>\n<tr>\n<td width=\"189\">TALLER DE BAILE<\/td>\n<td width=\"123\">DE: 9:00 A.M<\/p>\n<p>A: 11:00 A.M<\/td>\n<td width=\"151\">RECREAR MUTIS<\/td>\n<\/tr>\n<tr>\n<td width=\"189\">SALIDA RECREO-DEPORTIVA (GRUPO JUVENIL CORREGIMIENTO 3)<\/td>\n<td width=\"123\">DE: 9:00 A.M<\/p>\n<p>A: 1:00 P.M<\/td>\n<td width=\"151\">POLIDEPORTIVO LAS AMERICAS<\/td>\n<\/tr>\n<tr>\n<td width=\"189\">INTEGRACION\u00a0 GRUPO JUVENIL BARRIO BUCARAMANGA<\/td>\n<td width=\"123\">DE: 11:00 A.M<\/p>\n<p>A: 1:00 P.M<\/td>\n<td width=\"151\">RECREAR MUTIS<\/td>\n<\/tr>\n<tr>\n<td width=\"189\">VISITA SOCIOCULTURAL CON EL GRUPO JUVENIL LA PEDREGOSA<\/td>\n<td width=\"123\">DE: 9:30 A.M<\/p>\n<p>A: 12:00 P.M<\/td>\n<td width=\"151\">CASA CULTURAL DEL ORIENTE<\/td>\n<\/tr>\n<tr>\n<td width=\"189\">ESTRATEGIA DE PREVENCION A TRAVES DEL BOXEO<\/td>\n<td width=\"123\">DE: 9:00 A.M<\/p>\n<p>A: 1:00 P.M<\/td>\n<td width=\"151\">CASA DE LA JUVENTUD VEREDA EL PABL\u00d3N<\/td>\n<\/tr>\n<tr>\n<td width=\"189\">SALIDA RECREATIVA GRUPO JUVENIL EL GIRARDOT<\/td>\n<td width=\"123\">DE: 10:00 A.M<\/p>\n<p>A: 1:00 P.M<\/td>\n<td width=\"151\">RECREAR MUTIS<\/td>\n<\/tr>\n<tr>\n<td width=\"189\">TORNEO DE FUTBOL TENIS<\/p>\n<p>CIRCUITO JUEGOS DE MESA<\/td>\n<td width=\"123\">DE: 3:30 P.M<\/p>\n<p>A: 7:00 P.M<\/td>\n<td width=\"151\">CASA DE LA JUVENTUD CENTRO CULTURAL DEL ORIENTE<\/td>\n<\/tr>\n<tr>\n<td width=\"189\">TALLER DE M\u00daSICA<\/td>\n<td width=\"123\">DE: 2:00 P.M<\/p>\n<p>A: 4:00 P.M<\/td>\n<td width=\"151\">REFUGIO SAN JOS\u00c9 BARRIO GARCIA ROVIRA<\/td>\n<\/tr>\n<tr>\n<td width=\"189\">TALLER DE M\u00daSICA<\/td>\n<td width=\"123\">DE: 4:00 P.M<\/p>\n<p>A: 6:00 P.M<\/td>\n<td width=\"151\">CASA DE LA JUVENTUD CENTRO CULTURAL DEL ORIENTE<\/td>\n<\/tr>\n<\/tbody>\n<\/table>\n<p style=\"text-align: justify;\"><strong>Domingo 8 de abril<\/strong><\/p>\n<table width=\"0\">\n<tbody>\n<tr>\n<td width=\"189\"><strong>ACTIVIDAD<\/strong><\/td>\n<td width=\"123\"><strong>HORARIO<\/strong><\/td>\n<td width=\"151\"><strong>LUGAR<\/strong><\/td>\n<\/tr>\n<tr>\n<td width=\"189\">TALLER DE CULINARIA<\/td>\n<td width=\"123\">DE: 9:00 A.M<\/p>\n<p>A: 12:00 P.M<\/td>\n<td width=\"151\">SAL\u00d3N COMUNAL BRISAS DE PROVENZA<\/td>\n<\/tr>\n<\/tbody>\n<\/table>\n<p>&nbsp;<\/p>\n","protected":false},"excerpt":{"rendered":"<p>Diferentes actividades deportivas, recreativas y de formaci\u00f3n ofrece el INDERBU para los j\u00f3venes de Bucaramanga, como alternativa de ocupaci\u00f3n productiva&#46;&#46;&#46;<\/p>\n","protected":false},"author":3,"featured_media":958,"comment_status":"closed","ping_status":"open","sticky":false,"template":"","format":"standard","meta":{"_bbp_topic_count":0,"_bbp_reply_count":0,"_bbp_total_topic_count":0,"_bbp_total_reply_count":0,"_bbp_voice_count":0,"_bbp_anonymous_reply_count":0,"_bbp_topic_count_hidden":0,"_bbp_reply_count_hidden":0,"_bbp_forum_subforum_count":0,"footnotes":""},"categories":[13,4],"tags":[],"class_list":["post-956","post","type-post","status-publish","format-standard","has-post-thumbnail","hentry","category-juventud","category-noticias"],"_links":{"self":[{"href":"https:\/\/noticias.inderbu.gov.co\/index.php\/wp-json\/wp\/v2\/posts\/956","targetHints":{"allow":["GET"]}}],"collection":[{"href":"https:\/\/noticias.inderbu.gov.co\/index.php\/wp-json\/wp\/v2\/posts"}],"about":[{"href":"https:\/\/noticias.inderbu.gov.co\/index.php\/wp-json\/wp\/v2\/types\/post"}],"author":[{"embeddable":true,"href":"https:\/\/noticias.inderbu.gov.co\/index.php\/wp-json\/wp\/v2\/users\/3"}],"replies":[{"embeddable":true,"href":"https:\/\/noticias.inderbu.gov.co\/index.php\/wp-json\/wp\/v2\/comments?post=956"}],"version-history":[{"count":3,"href":"https:\/\/noticias.inderbu.gov.co\/index.php\/wp-json\/wp\/v2\/posts\/956\/revisions"}],"predecessor-version":[{"id":961,"href":"https:\/\/noticias.inderbu.gov.co\/index.php\/wp-json\/wp\/v2\/posts\/956\/revisions\/961"}],"wp:featuredmedia":[{"embeddable":true,"href":"https:\/\/noticias.inderbu.gov.co\/index.php\/wp-json\/wp\/v2\/media\/958"}],"wp:attachment":[{"href":"https:\/\/noticias.inderbu.gov.co\/index.php\/wp-json\/wp\/v2\/media?parent=956"}],"wp:term":[{"taxonomy":"category","embeddable":true,"href":"https:\/\/noticias.inderbu.gov.co\/index.php\/wp-json\/wp\/v2\/categories?post=956"},{"taxonomy":"post_tag","embeddable":true,"href":"https:\/\/noticias.inderbu.gov.co\/index.php\/wp-json\/wp\/v2\/tags?post=956"}],"curies":[{"name":"wp","href":"https:\/\/api.w.org\/{rel}","templated":true}]}}