{"id":858,"date":"2018-03-13T09:42:55","date_gmt":"2018-03-13T14:42:55","guid":{"rendered":"http:\/\/noticias.inderbu.gov.co\/?p=858"},"modified":"2018-03-13T16:57:33","modified_gmt":"2018-03-13T21:57:33","slug":"858","status":"publish","type":"post","link":"https:\/\/noticias.inderbu.gov.co\/index.php\/2018\/03\/13\/858\/","title":{"rendered":"Taller \u201cComplementaDOS, distintos, no desiguales\u201d para j\u00f3venes"},"content":{"rendered":"<p style=\"text-align: justify;\"><strong>En el mes de la mujer, el INDERBU a trav\u00e9s del \u00e1rea de Juventud, realiz\u00f3 el taller \u201cComplementaDOS, distintos, no desiguales\u201d sensibilizando los roles de mujeres y hombres dentro de la sociedad. <\/strong><\/p>\n<div id=\"attachment_859\" style=\"width: 881px\" class=\"wp-caption alignnone\"><img loading=\"lazy\" decoding=\"async\" aria-describedby=\"caption-attachment-859\" class=\"size-full wp-image-859\" src=\"http:\/\/noticias.inderbu.gov.co\/wp-content\/uploads\/2018\/03\/TALLER-complementaDOS2-e1520951930595.jpg\" alt=\"\" width=\"871\" height=\"653\" \/><p id=\"caption-attachment-859\" class=\"wp-caption-text\">Taller \u00abComplementaDOS, Distintos, no Desiguales\u00bb<\/p><\/div>\n<p style=\"text-align: justify;\">El pasado 8 de marzo, en el auditorio del colegio Jos\u00e9 Celestino Mutis, el INDERBU desarroll\u00f3 un taller que sensibiliz\u00f3 a m\u00e1s de 120 j\u00f3venes sobre los importantes roles que mujeres y hombres asumen en la sociedad.\u00a0 Se abarcaron tem\u00e1ticas como las semejanzas en los anhelos de desarrollo personal y proyecto de vida, a pesar de las diferencias a nivel fisiol\u00f3gico y emocional.<\/p>\n<p style=\"text-align: justify;\">El taller, \u201cComplemantaDOS, distintos, no desiguales\u201d, impartido por la profesional en psicolog\u00eda de la Casa de Juventud del INDERBU ubicada en el barrio Bucaramanga, \u00a0impact\u00f3 en los j\u00f3venes, generando conciencia y admiraci\u00f3n por el otro g\u00e9nero, que contribuye sustancialmente al desarrollo de la sociedad, desde sus perspectivas, luchas y esfuerzos.<\/p>\n<div id=\"attachment_860\" style=\"width: 881px\" class=\"wp-caption alignnone\"><img loading=\"lazy\" decoding=\"async\" aria-describedby=\"caption-attachment-860\" class=\"size-full wp-image-860\" src=\"http:\/\/noticias.inderbu.gov.co\/wp-content\/uploads\/2018\/03\/TALLER-complementaDOS1-e1520952052736.jpg\" alt=\"\" width=\"871\" height=\"653\" \/><p id=\"caption-attachment-860\" class=\"wp-caption-text\">Taller \u00abComplementaDOS, Distintos, no Desiguales\u00bb.<\/p><\/div>\n<p style=\"text-align: justify;\">Son diferentes las tem\u00e1ticas que se abarcan con los j\u00f3venes en las <em>Casas de Juventud<\/em>, con estrategias de cobertura al sector circunvecino donde est\u00e1n los colegios, canchas, salones comunales y dem\u00e1s sitios de concurrencia juvenil, con el prop\u00f3sito de brindar oportunidades de encuentro y reflexi\u00f3n, as\u00ed como espacios de sano esparcimiento.<\/p>\n<p><strong>D\u00d3NDE ESTAN LAS CASAS DE JUVENTUD DEL INDERBU<\/strong><\/p>\n<table>\n<tbody>\n<tr>\n<td style=\"text-align: center;\" width=\"152\"><strong>CASA<\/strong><\/td>\n<td style=\"text-align: center;\" width=\"148\"><strong>UBICACI\u00d3N<\/strong><\/td>\n<td style=\"text-align: center;\" width=\"265\"><strong>HORARIO ATENCI\u00d3N<\/strong><\/td>\n<\/tr>\n<tr>\n<td width=\"152\"><em><strong>Vereda El PABL\u00d3N<\/strong><\/em><\/td>\n<td width=\"148\"><em>Carrera 11#61N-10<\/em><\/td>\n<td width=\"265\"><em>Lunes a viernes de 1:30 a 5:30 pm<\/em><\/td>\n<\/tr>\n<tr>\n<td width=\"152\"><em><strong>CAMPO HERMOSO<\/strong><\/em><\/td>\n<td width=\"148\"><em>Calle 47 # 10Occ &#8211; 58<\/em><\/td>\n<td width=\"265\"><em>Lunes a viernes de 2:30 a 6:30 pm<\/em><\/td>\n<\/tr>\n<tr>\n<td width=\"152\"><em><strong>PABLO VI<\/strong><\/em><\/td>\n<td width=\"148\"><em>Carrera 10D#67\u00aa-13<\/em><\/td>\n<td width=\"265\"><em>Lunes a viernes de 2:30 a 6:30 pm<\/em><\/td>\n<\/tr>\n<tr>\n<td width=\"152\"><em><strong>BUCARAMANGA<\/strong><\/em><\/td>\n<td width=\"148\"><em>Carrera 7 # 66-54<\/em><\/td>\n<td width=\"265\"><em>Martes a viernes de 2:30 a 6:30 pm, s\u00e1bados de 8:00 a 12:00 del mediod\u00eda<\/em><\/td>\n<\/tr>\n<tr>\n<td width=\"152\"><em><strong>GIRARDOT<\/strong><\/em><\/td>\n<td width=\"148\"><em>Carrera 6 # 24-50 piso 2<\/em><\/td>\n<td width=\"265\"><em>Martes a viernes de 2:00 a 6:00 pm, s\u00e1bados de 10:00am a 2:00 pm.<\/em><\/td>\n<\/tr>\n<tr>\n<td width=\"152\"><em><strong>CENTRO CULTURAL DEL ORIENTE<\/strong><\/em><\/td>\n<td width=\"148\"><em>Carrera 19 #31-65<\/em><\/td>\n<td width=\"265\"><em>Martes a S\u00e1bados de 3:00 a 7:99 pm<\/em><\/td>\n<\/tr>\n<\/tbody>\n<\/table>\n<p><strong>\u00a0<\/strong><\/p>\n","protected":false},"excerpt":{"rendered":"<p>En el mes de la mujer, el INDERBU a trav\u00e9s del \u00e1rea de Juventud, realiz\u00f3 el taller \u201cComplementaDOS, distintos, no&#46;&#46;&#46;<\/p>\n","protected":false},"author":3,"featured_media":859,"comment_status":"closed","ping_status":"open","sticky":false,"template":"","format":"standard","meta":{"_bbp_topic_count":0,"_bbp_reply_count":0,"_bbp_total_topic_count":0,"_bbp_total_reply_count":0,"_bbp_voice_count":0,"_bbp_anonymous_reply_count":0,"_bbp_topic_count_hidden":0,"_bbp_reply_count_hidden":0,"_bbp_forum_subforum_count":0,"footnotes":""},"categories":[13,4],"tags":[],"class_list":["post-858","post","type-post","status-publish","format-standard","has-post-thumbnail","hentry","category-juventud","category-noticias"],"_links":{"self":[{"href":"https:\/\/noticias.inderbu.gov.co\/index.php\/wp-json\/wp\/v2\/posts\/858","targetHints":{"allow":["GET"]}}],"collection":[{"href":"https:\/\/noticias.inderbu.gov.co\/index.php\/wp-json\/wp\/v2\/posts"}],"about":[{"href":"https:\/\/noticias.inderbu.gov.co\/index.php\/wp-json\/wp\/v2\/types\/post"}],"author":[{"embeddable":true,"href":"https:\/\/noticias.inderbu.gov.co\/index.php\/wp-json\/wp\/v2\/users\/3"}],"replies":[{"embeddable":true,"href":"https:\/\/noticias.inderbu.gov.co\/index.php\/wp-json\/wp\/v2\/comments?post=858"}],"version-history":[{"count":2,"href":"https:\/\/noticias.inderbu.gov.co\/index.php\/wp-json\/wp\/v2\/posts\/858\/revisions"}],"predecessor-version":[{"id":866,"href":"https:\/\/noticias.inderbu.gov.co\/index.php\/wp-json\/wp\/v2\/posts\/858\/revisions\/866"}],"wp:featuredmedia":[{"embeddable":true,"href":"https:\/\/noticias.inderbu.gov.co\/index.php\/wp-json\/wp\/v2\/media\/859"}],"wp:attachment":[{"href":"https:\/\/noticias.inderbu.gov.co\/index.php\/wp-json\/wp\/v2\/media?parent=858"}],"wp:term":[{"taxonomy":"category","embeddable":true,"href":"https:\/\/noticias.inderbu.gov.co\/index.php\/wp-json\/wp\/v2\/categories?post=858"},{"taxonomy":"post_tag","embeddable":true,"href":"https:\/\/noticias.inderbu.gov.co\/index.php\/wp-json\/wp\/v2\/tags?post=858"}],"curies":[{"name":"wp","href":"https:\/\/api.w.org\/{rel}","templated":true}]}}