{"id":7608,"date":"2026-03-03T15:42:44","date_gmt":"2026-03-03T20:42:44","guid":{"rendered":"https:\/\/noticias.inderbu.gov.co\/?p=7608"},"modified":"2026-03-03T15:42:53","modified_gmt":"2026-03-03T20:42:53","slug":"este-domingo-8-de-marzo-por-elecciones-legislativas-se-suspende-recreovia-y-atencion-en-escenarios-deportivos-y-recreativos","status":"publish","type":"post","link":"https:\/\/noticias.inderbu.gov.co\/index.php\/2026\/03\/03\/este-domingo-8-de-marzo-por-elecciones-legislativas-se-suspende-recreovia-y-atencion-en-escenarios-deportivos-y-recreativos\/","title":{"rendered":"Este domingo 8 de marzo, por elecciones legislativas se suspende Recreov\u00eda y atenci\u00f3n en escenarios deportivos y recreativos"},"content":{"rendered":"\n\n\n<div id=\"attachment_7609\" style=\"width: 1010px\" class=\"wp-caption alignnone\"><img loading=\"lazy\" decoding=\"async\" aria-describedby=\"caption-attachment-7609\" class=\"wp-image-7609 size-full\" src=\"https:\/\/noticias.inderbu.gov.co\/wp-content\/uploads\/2026\/03\/296.RECREOVIA-02.jpg-scaled-e1772570500640.jpeg\" alt=\"8 de marzo, por elecciones legislativas se suspende Recreov\u00eda y atenci\u00f3n en escenarios deportivos y recreativos\" width=\"1000\" height=\"509\" \/><p id=\"caption-attachment-7609\" class=\"wp-caption-text\">8 de marzo, por elecciones legislativas se suspende Recreov\u00eda y atenci\u00f3n en escenarios deportivos y recreativos<\/p><\/div>\n<p style=\"text-align: justify;\">El Instituto de la Juventud, el Deporte y la Recreaci\u00f3n, INDERBU informa a toda la ciudadan\u00eda que este pr\u00f3ximo <strong>domingo 8 de marzo no se prestar\u00e1 el servicio de Recreov\u00eda ni habr\u00e1 atenci\u00f3n en los escenarios deportivos ni parques recreodeportivos de la ciudad.<\/strong><\/p>\n<p style=\"text-align: justify;\"><strong>\u00a0<\/strong><\/p>\n<p style=\"text-align: justify;\">Esta decisi\u00f3n se toma con el prop\u00f3sito de contribuir al correcto flujo vehicular durante la jornada electoral y, al mismo tiempo, facilitar la participaci\u00f3n masiva de los ciudadanos en las votaciones.<\/p>\n<p style=\"text-align: justify;\">\u00a0<\/p>\n<p style=\"text-align: justify;\">Desde el INDERBU reafirmamos nuestro compromiso con la ciudad, entendiendo que el ejercicio democr\u00e1tico es una prioridad y una responsabilidad de todos.<\/p>\n<p style=\"text-align: justify;\">\u00a0<\/p>\n<p style=\"text-align: justify;\">Invitamos a la comunidad a programar sus actividades deportivas y recreativas para los dem\u00e1s d\u00edas de la semana y a participar activamente en esta importante jornada electoral.<\/p>\n<p style=\"text-align: justify;\">\u00a0<\/p>\n<p style=\"text-align: justify;\">Nos reencontramos el pr\u00f3ximo domingo 15 de marzo con toda la energ\u00eda para seguir promoviendo la actividad f\u00edsica y los h\u00e1bitos y estilos de vida saludables.<\/p>\n","protected":false},"excerpt":{"rendered":"<p>El Instituto de la Juventud, el Deporte y la Recreaci\u00f3n, INDERBU informa a toda la ciudadan\u00eda que este pr\u00f3ximo domingo&#46;&#46;&#46;<\/p>\n","protected":false},"author":1,"featured_media":7609,"comment_status":"closed","ping_status":"closed","sticky":false,"template":"","format":"standard","meta":{"_bbp_topic_count":0,"_bbp_reply_count":0,"_bbp_total_topic_count":0,"_bbp_total_reply_count":0,"_bbp_voice_count":0,"_bbp_anonymous_reply_count":0,"_bbp_topic_count_hidden":0,"_bbp_reply_count_hidden":0,"_bbp_forum_subforum_count":0,"footnotes":""},"categories":[6,26,4,99],"tags":[80,45,61,117],"class_list":["post-7608","post","type-post","status-publish","format-standard","has-post-thumbnail","hentry","category-actifisica","category-escenarios-deportivos","category-noticias","category-recreovias","tag-administracion-escenarios-deportivos","tag-escenarios-deportivos","tag-recreovias-inderbu","tag-vias-activas-y-saludables"],"_links":{"self":[{"href":"https:\/\/noticias.inderbu.gov.co\/index.php\/wp-json\/wp\/v2\/posts\/7608","targetHints":{"allow":["GET"]}}],"collection":[{"href":"https:\/\/noticias.inderbu.gov.co\/index.php\/wp-json\/wp\/v2\/posts"}],"about":[{"href":"https:\/\/noticias.inderbu.gov.co\/index.php\/wp-json\/wp\/v2\/types\/post"}],"author":[{"embeddable":true,"href":"https:\/\/noticias.inderbu.gov.co\/index.php\/wp-json\/wp\/v2\/users\/1"}],"replies":[{"embeddable":true,"href":"https:\/\/noticias.inderbu.gov.co\/index.php\/wp-json\/wp\/v2\/comments?post=7608"}],"version-history":[{"count":1,"href":"https:\/\/noticias.inderbu.gov.co\/index.php\/wp-json\/wp\/v2\/posts\/7608\/revisions"}],"predecessor-version":[{"id":7610,"href":"https:\/\/noticias.inderbu.gov.co\/index.php\/wp-json\/wp\/v2\/posts\/7608\/revisions\/7610"}],"wp:featuredmedia":[{"embeddable":true,"href":"https:\/\/noticias.inderbu.gov.co\/index.php\/wp-json\/wp\/v2\/media\/7609"}],"wp:attachment":[{"href":"https:\/\/noticias.inderbu.gov.co\/index.php\/wp-json\/wp\/v2\/media?parent=7608"}],"wp:term":[{"taxonomy":"category","embeddable":true,"href":"https:\/\/noticias.inderbu.gov.co\/index.php\/wp-json\/wp\/v2\/categories?post=7608"},{"taxonomy":"post_tag","embeddable":true,"href":"https:\/\/noticias.inderbu.gov.co\/index.php\/wp-json\/wp\/v2\/tags?post=7608"}],"curies":[{"name":"wp","href":"https:\/\/api.w.org\/{rel}","templated":true}]}}