{"id":7484,"date":"2025-12-15T10:38:16","date_gmt":"2025-12-15T15:38:16","guid":{"rendered":"https:\/\/noticias.inderbu.gov.co\/?p=7484"},"modified":"2025-12-16T10:45:30","modified_gmt":"2025-12-16T15:45:30","slug":"inderbu-cumplio-juventud-deporte-y-recreacion-en-grandes-cifras","status":"publish","type":"post","link":"https:\/\/noticias.inderbu.gov.co\/index.php\/2025\/12\/15\/inderbu-cumplio-juventud-deporte-y-recreacion-en-grandes-cifras\/","title":{"rendered":"INDERBU CUMPLI\u00d3: Juventud, Deporte y Recreaci\u00f3n en grandes cifras"},"content":{"rendered":"\n\n\n<div id=\"attachment_7485\" style=\"width: 808px\" class=\"wp-caption alignnone\"><img loading=\"lazy\" decoding=\"async\" aria-describedby=\"caption-attachment-7485\" class=\"size-full wp-image-7485\" src=\"https:\/\/noticias.inderbu.gov.co\/wp-content\/uploads\/2025\/12\/PORTADA-NOTICIA.jpg\" alt=\"INDERBU CUMPLI\u00d3: Juventud, Deporte y Recreaci\u00f3n en grandes cifras\" width=\"798\" height=\"598\" srcset=\"https:\/\/noticias.inderbu.gov.co\/wp-content\/uploads\/2025\/12\/PORTADA-NOTICIA.jpg 798w, https:\/\/noticias.inderbu.gov.co\/wp-content\/uploads\/2025\/12\/PORTADA-NOTICIA-300x225.jpg 300w, https:\/\/noticias.inderbu.gov.co\/wp-content\/uploads\/2025\/12\/PORTADA-NOTICIA-768x576.jpg 768w\" sizes=\"auto, (max-width: 798px) 100vw, 798px\" \/><p id=\"caption-attachment-7485\" class=\"wp-caption-text\">INDERBU CUMPLI\u00d3: Juventud, Deporte y Recreaci\u00f3n en grandes cifras<\/p><\/div>\n<p style=\"text-align: justify;\">El Instituto de la Juventud, el Deporte y la Recreaci\u00f3n de Bucaramanga \u2013 INDERBU present\u00f3 ante la comunidad su Rendici\u00f3n de Cuentas 2025, en un encuentro realizado en el Coliseo Bicentenario, que reuni\u00f3 a m\u00e1s de 3.500 personas, entre ni\u00f1os, ni\u00f1as, j\u00f3venes, padres de familia, formadores, entrenadores y talento humano que hacen parte activa de los programas institucionales.<\/p>\n<p style=\"text-align: justify;\">\u00a0<\/p>\n<p style=\"text-align: justify;\">Durante esta jornada participativa y cercana a la ciudadan\u00eda, el INDERBU dio a conocer los principales resultados de un a\u00f1o de trabajo enfocado en fortalecer la juventud, el deporte y la recreaci\u00f3n como ejes fundamentales del desarrollo social de la ciudad.<\/p>\n<p style=\"text-align: justify;\">\u00a0<\/p>\n<p style=\"text-align: justify;\">En 2025, m\u00e1s de 206 mil personas hicieron parte de los programas, procesos y escenarios administrados por el INDERBU, reflejando el impacto real de la gesti\u00f3n institucional en los barrios, comunas y corregimientos de Bucaramanga.<\/p>\n<p style=\"text-align: justify;\">\u00a0<\/p>\n<p style=\"text-align: justify;\">Entre las cifras m\u00e1s representativas se destacan:<\/p>\n<p style=\"text-align: justify;\">\u00a0<\/p>\n<ul style=\"text-align: justify;\">\n<li><strong>4.199<\/strong> ni\u00f1os, ni\u00f1as y adolescentes form\u00e1ndose en las Escuelas de Formaci\u00f3n Deportiva, apost\u00e1ndole al talento, la disciplina y los valores desde la infancia.<\/li>\n<\/ul>\n<p style=\"text-align: justify;\">\u00a0<\/p>\n<ul style=\"text-align: justify;\">\n<li><strong>86.918<\/strong> personas activas en programas que mueven la ciudad como Centros de Educaci\u00f3n F\u00edsica, Intercolegiados, HEVS, Recreaci\u00f3n y V\u00edas Activas y Saludables (VAS).<\/li>\n<\/ul>\n<p style=\"text-align: justify;\">\u00a0<\/p>\n<ul style=\"text-align: justify;\">\n<li><strong>2.344<\/strong> deportistas apoyados para representar con orgullo a Bucaramanga en escenarios locales, regionales y nacionales.<\/li>\n<li><strong>7.693<\/strong> j\u00f3venes que encontraron oportunidades de crecimiento y participaci\u00f3n a trav\u00e9s de semilleros, talleres y eventos juveniles.<\/li>\n<\/ul>\n<p style=\"text-align: justify;\">\u00a0<\/p>\n<ul style=\"text-align: justify;\">\n<li><strong>1.349<\/strong> familias acompa\u00f1adas y fortalecidas mediante procesos sociales y comunitarios.<\/li>\n<\/ul>\n<p style=\"text-align: justify;\">\u00a0<\/p>\n<ul style=\"text-align: justify;\">\n<li><strong>103.916<\/strong> pr\u00e9stamos de escenarios deportivos, hoy convertidos en espacios vivos, llenos de deporte, encuentro ciudadano y construcci\u00f3n de comunidad.<\/li>\n<\/ul>\n<p style=\"text-align: justify;\">\u00a0<\/p>\n<p style=\"text-align: justify;\">El evento que fue transmitido en directo a trav\u00e9s de Facebook institucional, permiti\u00f3 compartir estos resultados de manera clara, participativa y transparente, reafirmando el compromiso con la ciudadan\u00eda y con una gesti\u00f3n que pone a las personas en el centro de cada acci\u00f3n.<\/p>\n<p style=\"text-align: justify;\">\u00a0<\/p>\n<p style=\"text-align: justify;\">Enlace transmisi\u00f3n en directo: <a href=\"https:\/\/web.facebook.com\/INDERBU\/videos\/sigue-en-vivo-la-rendici%C3%B3n-de-cuentas-2025acomp%C3%A1%C3%B1anos-en-la-transmisi%C3%B3n-oficial-\/733561102705571\/?mibextid=wwXIfr&amp;rdid=7aDRZ6QJJCxqWh1p\">https:\/\/web.facebook.com\/INDERBU\/videos\/sigue-en-vivo-la-rendici%C3%B3n-de-cuentas-2025acomp%C3%A1%C3%B1anos-en-la-transmisi%C3%B3n-oficial-\/733561102705571\/?mibextid=wwXIfr&amp;rdid=7aDRZ6QJJCxqWh1p<\/a><\/p>\n<p style=\"text-align: justify;\">\u00a0<\/p>\n<p style=\"text-align: justify;\">\u00a0<\/p>\n<p style=\"text-align: justify;\">La Rendici\u00f3n de Cuentas 2025 fue tambi\u00e9n un espacio para reconocer el trabajo conjunto con entrenadores, profesores, monitores y aliados, quienes d\u00eda a d\u00eda hacen posible que los programas lleguen a m\u00e1s bumangueses. Con estos resultados, el INDERBU ratifica su compromiso de seguir trabajando por una ciudad m\u00e1s activa, saludable e incluyente, donde la juventud, el deporte y la recreaci\u00f3n sigan siendo motores de transformaci\u00f3n social.<\/p>\n<p style=\"text-align: justify;\">\u00a0<\/p>\n<p style=\"text-align: justify;\">Porque cuando el deporte y la recreaci\u00f3n llegan a la gente, Bucaramanga se mueve.<\/p>\n<p style=\"text-align: justify;\">\u00a0<\/p>\n<p style=\"text-align: justify;\">\u00a0<\/p>\n","protected":false},"excerpt":{"rendered":"<p>El Instituto de la Juventud, el Deporte y la Recreaci\u00f3n de Bucaramanga \u2013 INDERBU present\u00f3 ante la comunidad su Rendici\u00f3n&#46;&#46;&#46;<\/p>\n","protected":false},"author":3,"featured_media":7485,"comment_status":"closed","ping_status":"closed","sticky":false,"template":"","format":"standard","meta":{"_bbp_topic_count":0,"_bbp_reply_count":0,"_bbp_total_topic_count":0,"_bbp_total_reply_count":0,"_bbp_voice_count":0,"_bbp_anonymous_reply_count":0,"_bbp_topic_count_hidden":0,"_bbp_reply_count_hidden":0,"_bbp_forum_subforum_count":0,"footnotes":""},"categories":[4,94],"tags":[60],"class_list":["post-7484","post","type-post","status-publish","format-standard","has-post-thumbnail","hentry","category-noticias","category-rendicion-de-cuentas","tag-rendicion-de-cuentas"],"_links":{"self":[{"href":"https:\/\/noticias.inderbu.gov.co\/index.php\/wp-json\/wp\/v2\/posts\/7484","targetHints":{"allow":["GET"]}}],"collection":[{"href":"https:\/\/noticias.inderbu.gov.co\/index.php\/wp-json\/wp\/v2\/posts"}],"about":[{"href":"https:\/\/noticias.inderbu.gov.co\/index.php\/wp-json\/wp\/v2\/types\/post"}],"author":[{"embeddable":true,"href":"https:\/\/noticias.inderbu.gov.co\/index.php\/wp-json\/wp\/v2\/users\/3"}],"replies":[{"embeddable":true,"href":"https:\/\/noticias.inderbu.gov.co\/index.php\/wp-json\/wp\/v2\/comments?post=7484"}],"version-history":[{"count":1,"href":"https:\/\/noticias.inderbu.gov.co\/index.php\/wp-json\/wp\/v2\/posts\/7484\/revisions"}],"predecessor-version":[{"id":7486,"href":"https:\/\/noticias.inderbu.gov.co\/index.php\/wp-json\/wp\/v2\/posts\/7484\/revisions\/7486"}],"wp:featuredmedia":[{"embeddable":true,"href":"https:\/\/noticias.inderbu.gov.co\/index.php\/wp-json\/wp\/v2\/media\/7485"}],"wp:attachment":[{"href":"https:\/\/noticias.inderbu.gov.co\/index.php\/wp-json\/wp\/v2\/media?parent=7484"}],"wp:term":[{"taxonomy":"category","embeddable":true,"href":"https:\/\/noticias.inderbu.gov.co\/index.php\/wp-json\/wp\/v2\/categories?post=7484"},{"taxonomy":"post_tag","embeddable":true,"href":"https:\/\/noticias.inderbu.gov.co\/index.php\/wp-json\/wp\/v2\/tags?post=7484"}],"curies":[{"name":"wp","href":"https:\/\/api.w.org\/{rel}","templated":true}]}}