{"id":7425,"date":"2025-10-22T18:06:36","date_gmt":"2025-10-22T23:06:36","guid":{"rendered":"https:\/\/noticias.inderbu.gov.co\/?p=7425"},"modified":"2025-10-23T11:18:33","modified_gmt":"2025-10-23T16:18:33","slug":"este-sabado-25-vive-el-reconocimiento-de-ruta-de-la-media-maraton-ciudad-bonita","status":"publish","type":"post","link":"https:\/\/noticias.inderbu.gov.co\/index.php\/2025\/10\/22\/este-sabado-25-vive-el-reconocimiento-de-ruta-de-la-media-maraton-ciudad-bonita\/","title":{"rendered":"Este s\u00e1bado 25, vive el reconocimiento de ruta de la Media Marat\u00f3n Ciudad Bonita\u00a0"},"content":{"rendered":"\n\n\n<p><img loading=\"lazy\" decoding=\"async\" class=\"alignnone size-full wp-image-7427\" src=\"https:\/\/noticias.inderbu.gov.co\/wp-content\/uploads\/2025\/10\/RECONOCIMIENTO-HORIZONTAL-e1761174330596.jpeg\" alt=\"\" width=\"871\" height=\"490\" \/><\/p>\n<p style=\"text-align: justify;\">La cita para salir a reconocer la ruta de la <strong>Media Marat\u00f3n Ciudad Bonita 2025 <\/strong>es este s\u00e1bado 25 de octubre y vivir una experiencia deportiva memorable para los amantes del running, que desde ya se preparan para disfrutar la gran competencia con conciencia ambiental del 21 de diciembre.<\/p>\n<p style=\"text-align: justify;\">\u00a0<\/p>\n<p style=\"text-align: justify;\">Todo est\u00e1 listo en el estadio de atletismo <strong>Luis Enrique Figueroa Rey<\/strong> de la Flora, para que los corredores de los <strong>5K, 10K y 21K<\/strong>, conozcan en detalle el recorrido y puedan anticiparse a los retos que les depara la <strong>Media Marat\u00f3n por las calles de la Ciudad Bonita de Colombia<\/strong>.<\/p>\n<div style=\"width: 1280px;\" class=\"wp-video\"><!--[if lt IE 9]><script>document.createElement('video');<\/script><![endif]-->\n<video class=\"wp-video-shortcode\" id=\"video-7425-1\" width=\"1280\" height=\"720\" preload=\"metadata\" controls=\"controls\"><source type=\"video\/mp4\" src=\"https:\/\/noticias.inderbu.gov.co\/wp-content\/uploads\/2025\/10\/entrev-karol-gonzalez_OK.mp4?_=1\" \/><a href=\"https:\/\/noticias.inderbu.gov.co\/wp-content\/uploads\/2025\/10\/entrev-karol-gonzalez_OK.mp4\">https:\/\/noticias.inderbu.gov.co\/wp-content\/uploads\/2025\/10\/entrev-karol-gonzalez_OK.mp4<\/a><\/video><\/div>\n<p>Karoll Gonzalez, Subdirectora Operativa del INDERBU.<\/p>\n<p style=\"text-align: justify;\">Ser\u00e1 un encuentro de corredores que les permitir\u00e1 familiarizarse con el recorrido, planificar la estrategia para la carrera, identificar los puntos de asistencia e hidrataci\u00f3n, detectar las zonas de mayor esfuerzo y preparaci\u00f3n, as\u00ed como estimar sus tiempos; todo en un ambiente de fraternidad entre atletas, con sorpresas, snacks saludables, hidrataci\u00f3n y toma de fotograf\u00edas para empezar a avivar la fiesta de la <strong>Media Marat\u00f3n Ciudad Bonita<\/strong> <strong>del 21 de diciembre del 2025.<\/strong><\/p>\n<p style=\"text-align: justify;\">\u00a0<\/p>\n<p style=\"text-align: justify;\"><strong>Punto de encuentro<\/strong>:<\/p>\n<p style=\"text-align: justify;\">El punto de encuentro es el Estadio de Atletismo Luis Enrique Figueroa Rey, escenario deportivo administrado por el <strong>Instituto de la Juventud, el Deporte y la Recreaci\u00f3n de Bucaramanga \u2013 INDERBU<\/strong>.\u00a0 Es importe resaltar que en los diferentes eventos y actividades institucionales de organizaci\u00f3n gubernamental municipal, <strong>se encuentra prohibida toda propaganda proselitista<\/strong>, luego no se permitir\u00e1 el ingreso al escenario de ning\u00fan elemento alusivo a las campa\u00f1as pol\u00edticas.<\/p>\n<p style=\"text-align: justify;\">\u00a0<\/p>\n<p style=\"text-align: justify;\"><strong>La Media Marat\u00f3n Ciudad Bonita 2025<\/strong>, este a\u00f1o contar\u00e1 con la participaci\u00f3n de atletas de otros pa\u00edses que eleva el nivel de competitividad; \u00a0adem\u00e1s se tendr\u00e1 el evento especial \u201cCarrera Bonita Kids\u201d del 1 de noviembre que vincula ni\u00f1os y j\u00f3venes de 4 a 14 a\u00f1os.<\/p>\n<p style=\"text-align: justify;\">\u00a0<\/p>\n<p style=\"text-align: justify;\">Les invitamos a seguir las redes sociales @mediamaratonciudadbonita y @inderbubga para mantenerse informados sobre todo el proceso de inscripci\u00f3n, entrega de kits y dem\u00e1s detalles del evento.\u00a0 Para cualquier inquietud pueden escribir al correo: <a href=\"mailto:mediamaratonciudadbonita@inderbu.gov.co\">mediamaratonciudadbonita@inderbu.gov.co<\/a><\/p>\n<p style=\"text-align: justify;\">\u00a0<\/p>\n<p style=\"text-align: justify;\"><strong>Cada gota cuenta, Media Marat\u00f3n Ciudad Bonita 2025 MMCB<\/strong><\/p>\n<p style=\"text-align: justify;\">\u00a0\u00a0<\/p>\n<p style=\"text-align: justify;\">\u00a0<\/p>\n<p style=\"text-align: justify;\">\u00a0<\/p>\n","protected":false},"excerpt":{"rendered":"<p>La cita para salir a reconocer la ruta de la Media Marat\u00f3n Ciudad Bonita 2025 es este s\u00e1bado 25 de&#46;&#46;&#46;<\/p>\n","protected":false},"author":3,"featured_media":7427,"comment_status":"closed","ping_status":"closed","sticky":false,"template":"","format":"standard","meta":{"_bbp_topic_count":0,"_bbp_reply_count":0,"_bbp_total_topic_count":0,"_bbp_total_reply_count":0,"_bbp_voice_count":0,"_bbp_anonymous_reply_count":0,"_bbp_topic_count_hidden":0,"_bbp_reply_count_hidden":0,"_bbp_forum_subforum_count":0,"footnotes":""},"categories":[182,4],"tags":[181],"class_list":["post-7425","post","type-post","status-publish","format-standard","has-post-thumbnail","hentry","category-media-maraton-ciudad-bonita","category-noticias","tag-media-maraton-ciudad-bonita"],"_links":{"self":[{"href":"https:\/\/noticias.inderbu.gov.co\/index.php\/wp-json\/wp\/v2\/posts\/7425","targetHints":{"allow":["GET"]}}],"collection":[{"href":"https:\/\/noticias.inderbu.gov.co\/index.php\/wp-json\/wp\/v2\/posts"}],"about":[{"href":"https:\/\/noticias.inderbu.gov.co\/index.php\/wp-json\/wp\/v2\/types\/post"}],"author":[{"embeddable":true,"href":"https:\/\/noticias.inderbu.gov.co\/index.php\/wp-json\/wp\/v2\/users\/3"}],"replies":[{"embeddable":true,"href":"https:\/\/noticias.inderbu.gov.co\/index.php\/wp-json\/wp\/v2\/comments?post=7425"}],"version-history":[{"count":3,"href":"https:\/\/noticias.inderbu.gov.co\/index.php\/wp-json\/wp\/v2\/posts\/7425\/revisions"}],"predecessor-version":[{"id":7431,"href":"https:\/\/noticias.inderbu.gov.co\/index.php\/wp-json\/wp\/v2\/posts\/7425\/revisions\/7431"}],"wp:featuredmedia":[{"embeddable":true,"href":"https:\/\/noticias.inderbu.gov.co\/index.php\/wp-json\/wp\/v2\/media\/7427"}],"wp:attachment":[{"href":"https:\/\/noticias.inderbu.gov.co\/index.php\/wp-json\/wp\/v2\/media?parent=7425"}],"wp:term":[{"taxonomy":"category","embeddable":true,"href":"https:\/\/noticias.inderbu.gov.co\/index.php\/wp-json\/wp\/v2\/categories?post=7425"},{"taxonomy":"post_tag","embeddable":true,"href":"https:\/\/noticias.inderbu.gov.co\/index.php\/wp-json\/wp\/v2\/tags?post=7425"}],"curies":[{"name":"wp","href":"https:\/\/api.w.org\/{rel}","templated":true}]}}