{"id":7255,"date":"2025-06-05T20:02:09","date_gmt":"2025-06-06T01:02:09","guid":{"rendered":"https:\/\/noticias.inderbu.gov.co\/?p=7255"},"modified":"2025-06-05T20:02:11","modified_gmt":"2025-06-06T01:02:11","slug":"despues-de-mas-de-una-decada-bucaramanga-vuelve-a-disfrutar-con-la-apertura-de-los-juegos-intercolegiados-2025","status":"publish","type":"post","link":"https:\/\/noticias.inderbu.gov.co\/index.php\/2025\/06\/05\/despues-de-mas-de-una-decada-bucaramanga-vuelve-a-disfrutar-con-la-apertura-de-los-juegos-intercolegiados-2025\/","title":{"rendered":"Despu\u00e9s de m\u00e1s de una d\u00e9cada, Bucaramanga vuelve a disfrutar con la apertura de los Juegos Intercolegiados 2025"},"content":{"rendered":"\n\n\n<p><img loading=\"lazy\" decoding=\"async\" class=\"alignnone size-full wp-image-7256\" src=\"https:\/\/noticias.inderbu.gov.co\/wp-content\/uploads\/2025\/06\/INAUGURACION-INTERCOLEGIADOS-e1749171636245.jpg\" alt=\"\" width=\"871\" height=\"446\" \/><\/p>\n<p style=\"text-align: justify;\">Gracias al compromiso del alcalde <strong>Jaime Andr\u00e9s Beltr\u00e1n<\/strong> y al liderazgo de <strong>la directora del Instituto de la Juventud, el Deporte y la Recreaci\u00f3n INDERBU, Sandra Milena Rodr\u00edguez,<\/strong> Bucaramanga vuelve a vivir despu\u00e9s de m\u00e1s de una d\u00e9cada la fiesta deportiva inaugural de los Juegos Deportivos Intercolegiados, que para este a\u00f1o 2025, cuenta con 10.736 estudiantes inscritos en la plataforma del ministerio del deporte.<\/p>\n<p style=\"text-align: justify;\">\u00a0<\/p>\n<p style=\"text-align: justify;\">La jornada inaugural marc\u00f3 el inicio de la fase municipal de los Juegos Intercolegiados 2025. Un espacio donde el talento, la disciplina y el esp\u00edritu de equipo se convierten en protagonistas. Desde las gradas, los estudiantes, docentes y familias vibraron con las muestras deportivas y art\u00edsticas. Adem\u00e1s del desfile de delegaciones que representan a las 118 instituciones educativas de la ciudad.<\/p>\n<p style=\"text-align: justify;\">\u00a0<\/p>\n<p style=\"text-align: justify;\">\u201c<em>Volvimos a encontrarnos aqu\u00ed en el Coliseo Bicentenario en esta gran inauguraci\u00f3n. Nos sentimos muy orgullosos porque Bucaramanga cuenta con m\u00e1s de 10.000 j\u00f3venes que se unen a esta fiesta deportiva<\/em>\u201d.\u00a0 Expres\u00f3 <strong>Sandra Milena Rodr\u00edguez, directora del INDERBU<\/strong>. \u201c<em>Desde el Instituto de la Juventud, el Deporte y la Recreaci\u00f3n, estamos comprometidos con el deporte como herramienta de transformaci\u00f3n social y crecimiento personal para nuestros estudiantes<\/em>\u201d. Agreg\u00f3.<\/p>\n<p style=\"text-align: justify;\">\u00a0<\/p>\n<p style=\"text-align: justify;\">En el acto inaugural se premiaron las instituciones que se destacaron por su participaci\u00f3n con las madrinas, heraldos, delegaciones y presentaciones art\u00edsticas, otorgando kits deportivos para los mejores.<\/p>\n<ul style=\"text-align: justify;\">\n<li>El heraldo ganador fue el que port\u00f3 Jhoiner Stiven Rojas Vargas, estudiante del T\u00e9cnico Superior D\u00e1maso Zapata.<\/li>\n<li>La mejor delegaci\u00f3n que acompa\u00f1\u00f3 y anim\u00f3 el evento fue la de la Instituci\u00f3n Educativa Gabriela Mistral.<\/li>\n<li>La madrina destacada fue Hanna Valentina Duarte G\u00f3mez, estudiante del colegio Maipor\u00e9.<\/li>\n<li>La mejor presentaci\u00f3n art\u00edstica fue la Coreograf\u00eda LITHIUM 2025 de la Instituci\u00f3n Educativa La Libertad.<\/li>\n<\/ul>\n<p style=\"text-align: justify;\">\u00a0<\/p>\n<p style=\"text-align: justify;\">Con 33 disciplinas que van desde atletismo y f\u00fatbol, hasta ajedrez y voleibol, los Juegos Intercolegiados 2025 no solo celebran el esfuerzo f\u00edsico, sino tambi\u00e9n los valores del respeto, la sana competencia y la inclusi\u00f3n.<\/p>\n<p style=\"text-align: justify;\">\u00a0<\/p>\n<p style=\"text-align: justify;\">Bucaramanga sigue demostrando que lleva la delantera en inscritos para participar en los Intercolegiados. Lo cual nos puede dar la oportunidad de ser sede para realizar la final de este certamen y que el deporte escolar es una apuesta firme por el presente y el futuro de nuestros j\u00f3venes.<\/p>\n<p style=\"text-align: justify;\"><strong>\u00a0<\/strong><\/p>\n<h3 style=\"text-align: center;\"><span style=\"color: #008000;\"><strong>\u00a1Unidos Bucaramanga Avanza!<\/strong><\/span><\/h3>\n<p><strong>\u00a0<\/strong><\/p>\n<p><span style=\"color: #008000;\"><strong>\u00c1rea de Prensa y Comunicaciones<\/strong><\/span><\/p>\n<p><strong><br \/><br \/><\/strong><\/p>\n","protected":false},"excerpt":{"rendered":"<p>Gracias al compromiso del alcalde Jaime Andr\u00e9s Beltr\u00e1n y al liderazgo de la directora del Instituto de la Juventud, el&#46;&#46;&#46;<\/p>\n","protected":false},"author":3,"featured_media":7256,"comment_status":"open","ping_status":"open","sticky":false,"template":"","format":"standard","meta":{"_bbp_topic_count":0,"_bbp_reply_count":0,"_bbp_total_topic_count":0,"_bbp_total_reply_count":0,"_bbp_voice_count":0,"_bbp_anonymous_reply_count":0,"_bbp_topic_count_hidden":0,"_bbp_reply_count_hidden":0,"_bbp_forum_subforum_count":0,"footnotes":""},"categories":[44,4],"tags":[121],"class_list":["post-7255","post","type-post","status-publish","format-standard","has-post-thumbnail","hentry","category-intercolegiados","category-noticias","tag-juegos-intercolegiados-inderbu"],"_links":{"self":[{"href":"https:\/\/noticias.inderbu.gov.co\/index.php\/wp-json\/wp\/v2\/posts\/7255","targetHints":{"allow":["GET"]}}],"collection":[{"href":"https:\/\/noticias.inderbu.gov.co\/index.php\/wp-json\/wp\/v2\/posts"}],"about":[{"href":"https:\/\/noticias.inderbu.gov.co\/index.php\/wp-json\/wp\/v2\/types\/post"}],"author":[{"embeddable":true,"href":"https:\/\/noticias.inderbu.gov.co\/index.php\/wp-json\/wp\/v2\/users\/3"}],"replies":[{"embeddable":true,"href":"https:\/\/noticias.inderbu.gov.co\/index.php\/wp-json\/wp\/v2\/comments?post=7255"}],"version-history":[{"count":1,"href":"https:\/\/noticias.inderbu.gov.co\/index.php\/wp-json\/wp\/v2\/posts\/7255\/revisions"}],"predecessor-version":[{"id":7257,"href":"https:\/\/noticias.inderbu.gov.co\/index.php\/wp-json\/wp\/v2\/posts\/7255\/revisions\/7257"}],"wp:featuredmedia":[{"embeddable":true,"href":"https:\/\/noticias.inderbu.gov.co\/index.php\/wp-json\/wp\/v2\/media\/7256"}],"wp:attachment":[{"href":"https:\/\/noticias.inderbu.gov.co\/index.php\/wp-json\/wp\/v2\/media?parent=7255"}],"wp:term":[{"taxonomy":"category","embeddable":true,"href":"https:\/\/noticias.inderbu.gov.co\/index.php\/wp-json\/wp\/v2\/categories?post=7255"},{"taxonomy":"post_tag","embeddable":true,"href":"https:\/\/noticias.inderbu.gov.co\/index.php\/wp-json\/wp\/v2\/tags?post=7255"}],"curies":[{"name":"wp","href":"https:\/\/api.w.org\/{rel}","templated":true}]}}