{"id":7245,"date":"2025-05-15T17:33:48","date_gmt":"2025-05-15T22:33:48","guid":{"rendered":"https:\/\/noticias.inderbu.gov.co\/?p=7245"},"modified":"2025-05-15T17:33:50","modified_gmt":"2025-05-15T22:33:50","slug":"juventud-activa-y-participativa-con-el-inderbu","status":"publish","type":"post","link":"https:\/\/noticias.inderbu.gov.co\/index.php\/2025\/05\/15\/juventud-activa-y-participativa-con-el-inderbu\/","title":{"rendered":"Juventud activa y participativa con el INDERBU"},"content":{"rendered":"\n\n\n<div id=\"attachment_6062\" style=\"width: 881px\" class=\"wp-caption alignnone\"><img loading=\"lazy\" decoding=\"async\" aria-describedby=\"caption-attachment-6062\" class=\"size-full wp-image-6062\" src=\"https:\/\/noticias.inderbu.gov.co\/wp-content\/uploads\/2022\/12\/A-JUVENTUD-e1670938656370.jpeg\" alt=\"\" width=\"871\" height=\"581\" \/><p id=\"caption-attachment-6062\" class=\"wp-caption-text\">J\u00d3VENES<\/p><\/div>\n<p style=\"text-align: justify;\">El INDERBU fomenta el desarrollo integral de los j\u00f3venes de Bucaramanga, implementando varias estrategias para atender sus necesidades e intereses en temas del deporte, la cultura, el liderazgo y la participaci\u00f3n ciudadana; como es el caso de los Semilleros Juveniles, que pueden ser deportivos, art\u00edsticos o culturales, y tambi\u00e9n los cursos o talleres de formaci\u00f3n para la vida.<\/p>\n<p>\u00a0<\/p>\n<p><strong>\u00bfQu\u00e9 son los semilleros deportivos?<\/strong><\/p>\n<p style=\"text-align: justify;\">Son espacios para la pr\u00e1ctica deportiva regular, que brindan ocupaci\u00f3n del tiempo libre, promoviendo el ejercicio f\u00edsico como medio para la formaci\u00f3n integral y la cohesi\u00f3n social del joven.\u00a0 Actualmente se cuenta con semilleros deportivos en las disciplinas de microf\u00fatbol, voleibol, nataci\u00f3n, artes marciales, Ultimate, skateboarding y calistenia<\/p>\n<p>\u00a0<\/p>\n<p>\u00bf<strong>Cu\u00e1les son los semilleros art\u00edsticos y culturales?<\/strong><\/p>\n<p style=\"text-align: justify;\">Los semilleros art\u00edsticos y culturales juveniles, propician que a trav\u00e9s del arte el joven encuentre una herramienta de expresi\u00f3n de sentimientos y emociones.\u00a0 Actualmente se cuenta con semilleros de danza urbana y canto.<\/p>\n<p>\u00a0<\/p>\n<p><strong>\u00bfQu\u00e9 cursos y talleres juveniles hay?<\/strong><\/p>\n<p style=\"text-align: justify;\">Dentro de la estrategia del Sistema Municipal de Capacitaci\u00f3n, actualmente el INDERBU brinda cursos y talleres de manicure, pedicure, barber\u00eda y manualidades, que permiten la formaci\u00f3n personal, vocacional y laboral para el desarrollo y calidad de vida del joven.<\/p>\n<p>\u00a0<\/p>\n<p><strong>\u00bfC\u00f3mo pueden los j\u00f3venes vincularse a los semilleros y cursos?<\/strong><\/p>\n<p>Los j\u00f3venes de 14 a 28 a\u00f1os, interesados en inscribirse <strong>gratuitamente<\/strong> en los semilleros deportivos, art\u00edsticos y culturales o en los cursos y talleres, pueden registrarse en el formulario:<\/p>\n<p><a href=\"https:\/\/docs.google.com\/forms\/d\/e\/1FAIpQLSdGzIVHEHhU0KJazKtKbpe10u3KTVpSKov60j78lTVNdzXxeA\/viewform\">https:\/\/docs.google.com\/forms\/d\/e\/1FAIpQLSdGzIVHEHhU0KJazKtKbpe10u3KTVpSKov60j78lTVNdzXxeA\/viewform<\/a><\/p>\n<p>\u00a0<\/p>\n<p>Igualmente, pueden acercarse a los lugares de clases en los horarios espec\u00edficos \u00a0<\/p>\n\n\t\t<style>\n\t\t\t#gallery-1 {\n\t\t\t\tmargin: auto;\n\t\t\t}\n\t\t\t#gallery-1 .gallery-item {\n\t\t\t\tfloat: left;\n\t\t\t\tmargin-top: 10px;\n\t\t\t\ttext-align: center;\n\t\t\t\twidth: 100%;\n\t\t\t}\n\t\t\t#gallery-1 img {\n\t\t\t\tborder: 2px solid #cfcfcf;\n\t\t\t}\n\t\t\t#gallery-1 .gallery-caption {\n\t\t\t\tmargin-left: 0;\n\t\t\t}\n\t\t\t\/* see gallery_shortcode() in wp-includes\/media.php *\/\n\t\t<\/style>\n\t\t<div id='gallery-1' class='gallery galleryid-7245 gallery-columns-1 gallery-size-full'><dl class='gallery-item'>\n\t\t\t<dt class='gallery-icon landscape'>\n\t\t\t\t<a href='https:\/\/noticias.inderbu.gov.co\/index.php\/2025\/05\/15\/juventud-activa-y-participativa-con-el-inderbu\/1-juventud-ok\/'><img loading=\"lazy\" decoding=\"async\" width=\"1000\" height=\"641\" src=\"https:\/\/noticias.inderbu.gov.co\/wp-content\/uploads\/2025\/05\/1-JUVENTUD-OK.jpg\" class=\"attachment-full size-full no-lazy\" alt=\"\" srcset=\"https:\/\/noticias.inderbu.gov.co\/wp-content\/uploads\/2025\/05\/1-JUVENTUD-OK.jpg 1000w, https:\/\/noticias.inderbu.gov.co\/wp-content\/uploads\/2025\/05\/1-JUVENTUD-OK-300x192.jpg 300w, https:\/\/noticias.inderbu.gov.co\/wp-content\/uploads\/2025\/05\/1-JUVENTUD-OK-768x492.jpg 768w\" sizes=\"auto, (max-width: 1000px) 100vw, 1000px\" \/><\/a>\n\t\t\t<\/dt><\/dl><br style=\"clear: both\" \/><dl class='gallery-item'>\n\t\t\t<dt class='gallery-icon landscape'>\n\t\t\t\t<a href='https:\/\/noticias.inderbu.gov.co\/index.php\/2025\/05\/15\/juventud-activa-y-participativa-con-el-inderbu\/2-juventud-ok\/'><img loading=\"lazy\" decoding=\"async\" width=\"1000\" height=\"560\" src=\"https:\/\/noticias.inderbu.gov.co\/wp-content\/uploads\/2025\/05\/2-JUVENTUD-OK.jpg\" class=\"attachment-full size-full no-lazy\" alt=\"\" srcset=\"https:\/\/noticias.inderbu.gov.co\/wp-content\/uploads\/2025\/05\/2-JUVENTUD-OK.jpg 1000w, https:\/\/noticias.inderbu.gov.co\/wp-content\/uploads\/2025\/05\/2-JUVENTUD-OK-300x168.jpg 300w, https:\/\/noticias.inderbu.gov.co\/wp-content\/uploads\/2025\/05\/2-JUVENTUD-OK-768x430.jpg 768w\" sizes=\"auto, (max-width: 1000px) 100vw, 1000px\" \/><\/a>\n\t\t\t<\/dt><\/dl><br style=\"clear: both\" \/><dl class='gallery-item'>\n\t\t\t<dt class='gallery-icon landscape'>\n\t\t\t\t<a href='https:\/\/noticias.inderbu.gov.co\/index.php\/2025\/05\/15\/juventud-activa-y-participativa-con-el-inderbu\/3-juventud-ok\/'><img loading=\"lazy\" decoding=\"async\" width=\"1000\" height=\"166\" src=\"https:\/\/noticias.inderbu.gov.co\/wp-content\/uploads\/2025\/05\/3-JUVENTUD-OK.jpg\" class=\"attachment-full size-full no-lazy\" alt=\"\" srcset=\"https:\/\/noticias.inderbu.gov.co\/wp-content\/uploads\/2025\/05\/3-JUVENTUD-OK.jpg 1000w, https:\/\/noticias.inderbu.gov.co\/wp-content\/uploads\/2025\/05\/3-JUVENTUD-OK-300x50.jpg 300w, https:\/\/noticias.inderbu.gov.co\/wp-content\/uploads\/2025\/05\/3-JUVENTUD-OK-768x127.jpg 768w\" sizes=\"auto, (max-width: 1000px) 100vw, 1000px\" \/><\/a>\n\t\t\t<\/dt><\/dl><br style=\"clear: both\" \/>\n\t\t<\/div>\n\n<p style=\"text-align: justify;\">El programa de juventud del INDERBU, propende por el desarrollo de 7 estrategias, en las que se encuentran las Casas de Juventud con atenci\u00f3n en siete parques recreodeportivos; el fomento de los Grupos Juveniles; cursos y talleres para el Sistema Municipal de capacitaci\u00f3n; el Trabajo Interdisciplinario con campa\u00f1as, talleres, consejer\u00edas del equipo humano psicosocial; las acciones para el fomento de la Participaci\u00f3n Ciudadana y el Liderazgo Juvenil; los Semilleros Deportivos para la promoci\u00f3n del ejercicio f\u00edsico en varias disciplinas; y la estrategia de Trabajo Intersectorial e Interinstitucional con la implementaci\u00f3n de actividades como olimpiadas juveniles, punto joven, mesas de trabajo y eventos especiales entre otros.<\/p>\n<p>\u00a0<\/p>\n<p><span style=\"color: #008000;\">\u00a1Con atenci\u00f3n integral para los j\u00f3venes, Bucaramanga avanza segura!<\/span><\/p>\n<p>\u00a0<\/p>\n<p><span style=\"color: #008000;\">Oficina de Prensa y Comunicaciones INDERBU<\/span><\/p>\n","protected":false},"excerpt":{"rendered":"<p>El INDERBU fomenta el desarrollo integral de los j\u00f3venes de Bucaramanga, implementando varias estrategias para atender sus necesidades e intereses&#46;&#46;&#46;<\/p>\n","protected":false},"author":3,"featured_media":6062,"comment_status":"open","ping_status":"open","sticky":false,"template":"","format":"standard","meta":{"_bbp_topic_count":0,"_bbp_reply_count":0,"_bbp_total_topic_count":0,"_bbp_total_reply_count":0,"_bbp_voice_count":0,"_bbp_anonymous_reply_count":0,"_bbp_topic_count_hidden":0,"_bbp_reply_count_hidden":0,"_bbp_forum_subforum_count":0,"footnotes":""},"categories":[13,4],"tags":[24],"class_list":["post-7245","post","type-post","status-publish","format-standard","has-post-thumbnail","hentry","category-juventud","category-noticias","tag-juventud"],"_links":{"self":[{"href":"https:\/\/noticias.inderbu.gov.co\/index.php\/wp-json\/wp\/v2\/posts\/7245","targetHints":{"allow":["GET"]}}],"collection":[{"href":"https:\/\/noticias.inderbu.gov.co\/index.php\/wp-json\/wp\/v2\/posts"}],"about":[{"href":"https:\/\/noticias.inderbu.gov.co\/index.php\/wp-json\/wp\/v2\/types\/post"}],"author":[{"embeddable":true,"href":"https:\/\/noticias.inderbu.gov.co\/index.php\/wp-json\/wp\/v2\/users\/3"}],"replies":[{"embeddable":true,"href":"https:\/\/noticias.inderbu.gov.co\/index.php\/wp-json\/wp\/v2\/comments?post=7245"}],"version-history":[{"count":1,"href":"https:\/\/noticias.inderbu.gov.co\/index.php\/wp-json\/wp\/v2\/posts\/7245\/revisions"}],"predecessor-version":[{"id":7249,"href":"https:\/\/noticias.inderbu.gov.co\/index.php\/wp-json\/wp\/v2\/posts\/7245\/revisions\/7249"}],"wp:featuredmedia":[{"embeddable":true,"href":"https:\/\/noticias.inderbu.gov.co\/index.php\/wp-json\/wp\/v2\/media\/6062"}],"wp:attachment":[{"href":"https:\/\/noticias.inderbu.gov.co\/index.php\/wp-json\/wp\/v2\/media?parent=7245"}],"wp:term":[{"taxonomy":"category","embeddable":true,"href":"https:\/\/noticias.inderbu.gov.co\/index.php\/wp-json\/wp\/v2\/categories?post=7245"},{"taxonomy":"post_tag","embeddable":true,"href":"https:\/\/noticias.inderbu.gov.co\/index.php\/wp-json\/wp\/v2\/tags?post=7245"}],"curies":[{"name":"wp","href":"https:\/\/api.w.org\/{rel}","templated":true}]}}