{"id":7240,"date":"2025-05-08T17:28:40","date_gmt":"2025-05-08T22:28:40","guid":{"rendered":"https:\/\/noticias.inderbu.gov.co\/?p=7240"},"modified":"2025-05-08T17:28:42","modified_gmt":"2025-05-08T22:28:42","slug":"sandra-milena-rodriguez-diaz-nueva-directora-del-inderbu","status":"publish","type":"post","link":"https:\/\/noticias.inderbu.gov.co\/index.php\/2025\/05\/08\/sandra-milena-rodriguez-diaz-nueva-directora-del-inderbu\/","title":{"rendered":"Sandra Milena Rodr\u00edguez D\u00edaz nueva directora del INDERBU"},"content":{"rendered":"\n\n\n<div id=\"attachment_7243\" style=\"width: 881px\" class=\"wp-caption alignnone\"><img loading=\"lazy\" decoding=\"async\" aria-describedby=\"caption-attachment-7243\" class=\"size-full wp-image-7243\" src=\"https:\/\/noticias.inderbu.gov.co\/wp-content\/uploads\/2025\/05\/DRA-SANDRA-RODRIGUEZ-OK-e1746743222497.jpg\" alt=\"\" width=\"871\" height=\"566\" \/><p id=\"caption-attachment-7243\" class=\"wp-caption-text\">Sandra Milena Rodr\u00edguez D\u00edaz, Directora General INDERBU<\/p><\/div>\n<p style=\"text-align: justify;\">Desde el lunes 5 de mayo el Instituto de la Juventud, el Deporte y la Recreaci\u00f3n de Bucaramanga \u2013 INDERBU, es dirigido por la doctora Sandra Milena Rodr\u00edguez D\u00edaz, quien es administradora de empresas con especializaci\u00f3n en Gerencia de Proyectos y con m\u00e1s de 8 a\u00f1os de experiencia administrativa en la gesti\u00f3n p\u00fablica.<\/p>\n<p>\u00a0<\/p>\n<p style=\"text-align: justify;\">Su experiencia como Subsecretaria de Desarrollo Social, \u00a0Directora de la Defensor\u00eda de Espacio P\u00fablico as\u00ed como otros cargos directivos y experiencias, le permiten al INDERBU contar con un alto perfil profesional, para continuar con las estrategias de gesti\u00f3n en el desarrollo de los programas deportivos, recreativos, de fomento de la actividad f\u00edsica para todos los bumangueses, as\u00ed como en la generaci\u00f3n de espacios de participaci\u00f3n, encuentro y liderazgo juvenil.<\/p>\n<p>\u00a0<\/p>\n<p><span style=\"color: #008000;\">Oficina de Prensa y Comunicaciones<\/span><\/p>\n<p><span style=\"color: #008000;\">INDERBU<\/span><\/p>\n","protected":false},"excerpt":{"rendered":"<p>Desde el lunes 5 de mayo el Instituto de la Juventud, el Deporte y la Recreaci\u00f3n de Bucaramanga \u2013 INDERBU,&#46;&#46;&#46;<\/p>\n","protected":false},"author":3,"featured_media":7243,"comment_status":"open","ping_status":"open","sticky":false,"template":"","format":"standard","meta":{"_bbp_topic_count":0,"_bbp_reply_count":0,"_bbp_total_topic_count":0,"_bbp_total_reply_count":0,"_bbp_voice_count":0,"_bbp_anonymous_reply_count":0,"_bbp_topic_count_hidden":0,"_bbp_reply_count_hidden":0,"_bbp_forum_subforum_count":0,"footnotes":""},"categories":[161,4],"tags":[185],"class_list":["post-7240","post","type-post","status-publish","format-standard","has-post-thumbnail","hentry","category-administrativa","category-noticias","tag-bga-avanza-segura"],"_links":{"self":[{"href":"https:\/\/noticias.inderbu.gov.co\/index.php\/wp-json\/wp\/v2\/posts\/7240","targetHints":{"allow":["GET"]}}],"collection":[{"href":"https:\/\/noticias.inderbu.gov.co\/index.php\/wp-json\/wp\/v2\/posts"}],"about":[{"href":"https:\/\/noticias.inderbu.gov.co\/index.php\/wp-json\/wp\/v2\/types\/post"}],"author":[{"embeddable":true,"href":"https:\/\/noticias.inderbu.gov.co\/index.php\/wp-json\/wp\/v2\/users\/3"}],"replies":[{"embeddable":true,"href":"https:\/\/noticias.inderbu.gov.co\/index.php\/wp-json\/wp\/v2\/comments?post=7240"}],"version-history":[{"count":2,"href":"https:\/\/noticias.inderbu.gov.co\/index.php\/wp-json\/wp\/v2\/posts\/7240\/revisions"}],"predecessor-version":[{"id":7432,"href":"https:\/\/noticias.inderbu.gov.co\/index.php\/wp-json\/wp\/v2\/posts\/7240\/revisions\/7432"}],"wp:featuredmedia":[{"embeddable":true,"href":"https:\/\/noticias.inderbu.gov.co\/index.php\/wp-json\/wp\/v2\/media\/7243"}],"wp:attachment":[{"href":"https:\/\/noticias.inderbu.gov.co\/index.php\/wp-json\/wp\/v2\/media?parent=7240"}],"wp:term":[{"taxonomy":"category","embeddable":true,"href":"https:\/\/noticias.inderbu.gov.co\/index.php\/wp-json\/wp\/v2\/categories?post=7240"},{"taxonomy":"post_tag","embeddable":true,"href":"https:\/\/noticias.inderbu.gov.co\/index.php\/wp-json\/wp\/v2\/tags?post=7240"}],"curies":[{"name":"wp","href":"https:\/\/api.w.org\/{rel}","templated":true}]}}