{"id":7006,"date":"2024-10-01T08:54:00","date_gmt":"2024-10-01T13:54:00","guid":{"rendered":"https:\/\/noticias.inderbu.gov.co\/?p=7006"},"modified":"2024-10-03T10:47:52","modified_gmt":"2024-10-03T15:47:52","slug":"excelente-balance-del-campeonato-suramericano-de-atletismo-sub-23-realizado-en-bucaramanga","status":"publish","type":"post","link":"https:\/\/noticias.inderbu.gov.co\/index.php\/2024\/10\/01\/excelente-balance-del-campeonato-suramericano-de-atletismo-sub-23-realizado-en-bucaramanga\/","title":{"rendered":"Excelente balance del Campeonato Suramericano de atletismo Sub 23 realizado en Bucaramanga"},"content":{"rendered":"\n<p style=\"text-align: justify;\">Despu\u00e9s de 28 a\u00f1os, Bucaramanga volvi\u00f3 a vivir un Campeonato Suramericano de Atletismo en el estadio Luis Enrique Figueroa Rey, pista avalada por la WA, y con implementaci\u00f3n deportiva de punta de las m\u00e1s altas calidades y tecnolog\u00eda.<\/p>\n<div id=\"attachment_7007\" style=\"width: 881px\" class=\"wp-caption alignnone\"><img loading=\"lazy\" decoding=\"async\" aria-describedby=\"caption-attachment-7007\" class=\"size-full wp-image-7007\" src=\"http:\/\/noticias.inderbu.gov.co\/wp-content\/uploads\/2024\/10\/PORTADA-SURAMERICANO.jpg\" alt=\"\" width=\"871\" height=\"581\" srcset=\"https:\/\/noticias.inderbu.gov.co\/wp-content\/uploads\/2024\/10\/PORTADA-SURAMERICANO.jpg 871w, https:\/\/noticias.inderbu.gov.co\/wp-content\/uploads\/2024\/10\/PORTADA-SURAMERICANO-300x200.jpg 300w, https:\/\/noticias.inderbu.gov.co\/wp-content\/uploads\/2024\/10\/PORTADA-SURAMERICANO-768x512.jpg 768w\" sizes=\"auto, (max-width: 871px) 100vw, 871px\" \/><p id=\"caption-attachment-7007\" class=\"wp-caption-text\">Excelente balance del Campeonato Suramericano de atletismo Sub 23 Bucaramanga 2024<\/p><\/div>\n<p style=\"text-align: justify;\">Satisfactoriamente se vivi\u00f3 del 27 al 29 de septiembre el certamen que congreg\u00f3 a m\u00e1s de 400 atletas destacados de Suram\u00e9rica, y donde la delegaci\u00f3n colombiana obtuvo importantes resultados, logrando un segundo lugar dentro del ranking general con 32 medallas.\u00a0 Brasil obtuvo 50 medallas en total, mientras que el tercer puesto lo obtuvo Argentina con 11 medallas.<\/p>\n<p style=\"text-align: justify;\">\u00a0<\/p>\n<blockquote>\n<p style=\"text-align: justify;\">Seg\u00fan <strong>Julio Roberto G\u00f3mez, director general del evento<\/strong>, se lograron importantes marcas tanto en las pruebas de velocidad, en los 200 metros, 400 vallas varones, 200 femenino, la prueba del salto largo varones con 7,90 casi 8 metros, en los tiempos de los relevos 4&#215;4 tanto varones como damas que fueron muy buenos, el 4&#215;100 de Colombia por debajo de 40 segundos que fue el equipo ganador (en la prueba).\u201d<\/p>\n<\/blockquote>\n<p style=\"text-align: justify;\">\u00a0<\/p>\n<blockquote>\n<p style=\"text-align: justify;\">Igualmente manifest\u00f3 que \u201cLa lucha re\u00f1ida entre Brasil y Colombia por definir el primer lugar fue una muestra del importante nivel t\u00e9cnico que se consigui\u00f3, las medallas de casi todos los pa\u00edses participantes muestran la universalidad y desarrollo de Suram\u00e9rica, y lo m\u00e1s importante es que Bucaramanga volvi\u00f3 a ser sede en un evento internacional despu\u00e9s de tantos a\u00f1os.\u201d<\/p>\n<\/blockquote>\n<p>\u00a0<\/p>\n<p><em>Entrevista Julio Roberto G\u00f3mez, director general del Campeonato Suramericano de Atletismo sub 23:<\/em><\/p>\n<!--[if lt IE 9]><script>document.createElement('audio');<\/script><![endif]-->\n<audio class=\"wp-audio-shortcode\" id=\"audio-7006-1\" preload=\"none\" style=\"width: 100%;\" controls=\"controls\"><source type=\"audio\/mpeg\" src=\"http:\/\/noticias.inderbu.gov.co\/wp-content\/uploads\/2024\/10\/Entrevista-JULIO-ROBERTO.mp3?_=1\" \/><a href=\"http:\/\/noticias.inderbu.gov.co\/wp-content\/uploads\/2024\/10\/Entrevista-JULIO-ROBERTO.mp3\">http:\/\/noticias.inderbu.gov.co\/wp-content\/uploads\/2024\/10\/Entrevista-JULIO-ROBERTO.mp3<\/a><\/audio>\n<p style=\"text-align: justify;\">\u00a0<\/p>\n<p style=\"text-align: justify;\">Es de destacar la presencia de nuestra <strong>medallista ol\u00edmpica Caterin Ibag\u00fcen<\/strong>, quien engalan\u00f3 la inauguraci\u00f3n del Campeonato, siendo un ejemplo de vida para los futuros deportistas.\u00a0 El Alcalde de Bucaramanga Jaime Andr\u00e9s Beltr\u00e1n agradeci\u00f3 la visita de la medallista ol\u00edmpica a la capital santandereana que se proyecta como ciudad de grandes eventos deportivos, donde la presencia de importantes figuras promueven valores y ejemplo de vida en los ni\u00f1os y j\u00f3venes.<\/p>\n<div id=\"attachment_7009\" style=\"width: 881px\" class=\"wp-caption alignnone\"><img loading=\"lazy\" decoding=\"async\" aria-describedby=\"caption-attachment-7009\" class=\"size-full wp-image-7009\" src=\"http:\/\/noticias.inderbu.gov.co\/wp-content\/uploads\/2024\/10\/ALCALDE-Y-CATERINE-PAGINA.jpg\" alt=\"\" width=\"871\" height=\"581\" srcset=\"https:\/\/noticias.inderbu.gov.co\/wp-content\/uploads\/2024\/10\/ALCALDE-Y-CATERINE-PAGINA.jpg 871w, https:\/\/noticias.inderbu.gov.co\/wp-content\/uploads\/2024\/10\/ALCALDE-Y-CATERINE-PAGINA-300x200.jpg 300w, https:\/\/noticias.inderbu.gov.co\/wp-content\/uploads\/2024\/10\/ALCALDE-Y-CATERINE-PAGINA-768x512.jpg 768w\" sizes=\"auto, (max-width: 871px) 100vw, 871px\" \/><p id=\"caption-attachment-7009\" class=\"wp-caption-text\">Acto protocolario inaugural Suramericano Atletismo sub 23, Bga 2024<\/p><\/div>\n<p><strong>Resultados generales Campeonato Suramericano Sub-23 de Atletismo<\/strong><\/p>\n<p>La tabla general de posiciones por puntajes seg\u00fan pruebas tanto para damas como varones fue la siguiente:<\/p>\n<p>\u00a0<\/p>\n<table style=\"width: 56.8056%;\">\n<tbody>\n<tr>\n<td style=\"width: 16.4921%; text-align: center;\" width=\"47\">\n<p><strong>Posici\u00f3n<\/strong><\/p>\n<\/td>\n<td style=\"width: 21.466%; text-align: center;\" width=\"161\">\n<p><strong>Pa\u00eds<\/strong><\/p>\n<\/td>\n<td style=\"width: 17.4084%; text-align: center;\" width=\"76\">\n<p><strong>Puntaje<\/strong><\/p>\n<\/td>\n<\/tr>\n<tr>\n<td style=\"width: 16.4921%; text-align: center;\" width=\"47\">\n<p>1<\/p>\n<\/td>\n<td style=\"width: 21.466%; text-align: center;\" width=\"161\">\n<p>Brasil<\/p>\n<\/td>\n<td style=\"width: 17.4084%; text-align: center;\" width=\"76\">\n<p>456.5<\/p>\n<\/td>\n<\/tr>\n<tr>\n<td style=\"width: 16.4921%; text-align: center;\" width=\"47\">\n<p>2<\/p>\n<\/td>\n<td style=\"width: 21.466%; text-align: center;\" width=\"161\">\n<p>Colombia<\/p>\n<\/td>\n<td style=\"width: 17.4084%; text-align: center;\" width=\"76\">\n<p>345<\/p>\n<\/td>\n<\/tr>\n<tr>\n<td style=\"width: 16.4921%; text-align: center;\" width=\"47\">\n<p>3<\/p>\n<\/td>\n<td style=\"width: 21.466%; text-align: center;\" width=\"161\">\n<p>Argentina<\/p>\n<\/td>\n<td style=\"width: 17.4084%; text-align: center;\" width=\"76\">\n<p>102<\/p>\n<\/td>\n<\/tr>\n<tr>\n<td style=\"width: 16.4921%; text-align: center;\" width=\"47\">\n<p>4<\/p>\n<\/td>\n<td style=\"width: 21.466%; text-align: center;\" width=\"161\">\n<p>Ecuador<\/p>\n<\/td>\n<td style=\"width: 17.4084%; text-align: center;\" width=\"76\">\n<p>92<\/p>\n<\/td>\n<\/tr>\n<tr>\n<td style=\"width: 16.4921%; text-align: center;\" width=\"47\">\n<p>5<\/p>\n<\/td>\n<td style=\"width: 21.466%; text-align: center;\" width=\"161\">\n<p>Per\u00fa<\/p>\n<\/td>\n<td style=\"width: 17.4084%; text-align: center;\" width=\"76\">\n<p>62<\/p>\n<\/td>\n<\/tr>\n<tr>\n<td style=\"width: 16.4921%; text-align: center;\" width=\"47\">\n<p>6<\/p>\n<\/td>\n<td style=\"width: 21.466%; text-align: center;\" width=\"161\">\n<p>Chile<\/p>\n<\/td>\n<td style=\"width: 17.4084%; text-align: center;\" width=\"76\">\n<p>53.5<\/p>\n<\/td>\n<\/tr>\n<tr>\n<td style=\"width: 16.4921%; text-align: center;\" width=\"47\">\n<p>7<\/p>\n<\/td>\n<td style=\"width: 21.466%; text-align: center;\" width=\"161\">\n<p>Paraguay<\/p>\n<\/td>\n<td style=\"width: 17.4084%; text-align: center;\" width=\"76\">\n<p>48<\/p>\n<\/td>\n<\/tr>\n<tr>\n<td style=\"width: 16.4921%; text-align: center;\" width=\"47\">\n<p>8<\/p>\n<\/td>\n<td style=\"width: 21.466%; text-align: center;\" width=\"161\">\n<p>Venezuela<\/p>\n<\/td>\n<td style=\"width: 17.4084%; text-align: center;\" width=\"76\">\n<p>41<\/p>\n<\/td>\n<\/tr>\n<tr>\n<td style=\"width: 16.4921%; text-align: center;\" width=\"47\">\n<p>9<\/p>\n<\/td>\n<td style=\"width: 21.466%; text-align: center;\" width=\"161\">\n<p>Uruguay<\/p>\n<\/td>\n<td style=\"width: 17.4084%; text-align: center;\" width=\"76\">\n<p>28<\/p>\n<\/td>\n<\/tr>\n<tr>\n<td style=\"width: 16.4921%; text-align: center;\" width=\"47\">\n<p>10<\/p>\n<\/td>\n<td style=\"width: 21.466%; text-align: center;\" width=\"161\">\n<p>Bolivia<\/p>\n<\/td>\n<td style=\"width: 17.4084%; text-align: center;\" width=\"76\">\n<p>23<\/p>\n<\/td>\n<\/tr>\n<tr>\n<td style=\"width: 16.4921%; text-align: center;\" width=\"47\">\n<p>11<\/p>\n<\/td>\n<td style=\"width: 21.466%; text-align: center;\" width=\"161\">\n<p>Surinam<\/p>\n<\/td>\n<td style=\"width: 17.4084%; text-align: center;\" width=\"76\">\n<p>2<\/p>\n<\/td>\n<\/tr>\n<\/tbody>\n<\/table>\n<p><strong>\u00a0<\/strong><\/p>\n<p style=\"text-align: justify;\"><strong>R\u00e9cords nacionales y suramericanos<\/strong><\/p>\n<p style=\"text-align: justify;\">La pista con reconocimiento internacional del estadio Luis Enrique Figueroa Rey, de Bucaramanga, fue epicentro de nuevos r\u00e9cords nacionales y suramericanos.<\/p>\n<p style=\"text-align: justify;\">\u00a0<\/p>\n<p style=\"text-align: justify;\">Colombia logr\u00f3 cinco r\u00e9cords nacionales, entre los cuales se destacan el logrado por Marleth Ospino Ramos en los 200 metros planos con 23.25, as\u00ed como el obtenido por Luciana Zapata, en los 100 metros vallas, tanto en Sub-20 como Sub-23.\u00a0 En los varones Ezequiel Arrubla, en los 20.000 metros marcha Sub-20, en la prueba de los 4&#215;400 mixto Sub-23 y el r\u00e9cord suramericano en los 400 vallas.\u00a0 Por su parte Thomas Castro tambi\u00e9n logr\u00f3 un r\u00e9cord en los 1.500 metros Sub-18.<\/p>\n<p style=\"text-align: justify;\">Igualmente se desataca el atleta brasile\u00f1o Mathew Lima DaSilva en los 400 metros vallas con 49.13<\/p>\n<p style=\"text-align: justify;\">\u00a0<\/p>\n<p style=\"text-align: justify;\">Con eventos deportivos internacionales, que dinamizan, visibilizan y proyectan a nuestros talentos, tambi\u00e9n la ciudad reactiva diferentes sectores de la econom\u00eda.<\/p>\n<p><a href=\"https:\/\/www.instagram.com\/reel\/DAlqnCZpBNe\/?igsh=MXUxZTl2cHgxM2pmMA%3D%3D\">https:\/\/www.instagram.com\/reel\/DAlqnCZpBNe\/?igsh=MXUxZTl2cHgxM2pmMA%3D%3D<\/a><\/p>\n<p style=\"text-align: justify;\"><a href=\"https:\/\/www.instagram.com\/reel\/DAmuh8BNaVf\/?igsh=MWtsazY2YzUxbnozdQ==\">https:\/\/www.instagram.com\/reel\/DAmuh8BNaVf\/?igsh=MWtsazY2YzUxbnozdQ==<\/a><\/p>\n<p style=\"text-align: justify;\">#BGAvanzaSegura<\/p>\n<p style=\"text-align: justify;\">#BGATieneEstrella<\/p>\n<p>\u00a0<\/p>\n","protected":false},"excerpt":{"rendered":"<p>Despu\u00e9s de 28 a\u00f1os, Bucaramanga volvi\u00f3 a vivir un Campeonato Suramericano de Atletismo en el estadio Luis Enrique Figueroa Rey,&#46;&#46;&#46;<\/p>\n","protected":false},"author":3,"featured_media":7007,"comment_status":"closed","ping_status":"closed","sticky":false,"template":"","format":"standard","meta":{"_bbp_topic_count":0,"_bbp_reply_count":0,"_bbp_total_topic_count":0,"_bbp_total_reply_count":0,"_bbp_voice_count":0,"_bbp_anonymous_reply_count":0,"_bbp_topic_count_hidden":0,"_bbp_reply_count_hidden":0,"_bbp_forum_subforum_count":0,"footnotes":""},"categories":[48,4],"tags":[172],"class_list":["post-7006","post","type-post","status-publish","format-standard","has-post-thumbnail","hentry","category-deporte-asociado","category-noticias","tag-campeonato-suramericano-de-atletismo"],"_links":{"self":[{"href":"https:\/\/noticias.inderbu.gov.co\/index.php\/wp-json\/wp\/v2\/posts\/7006","targetHints":{"allow":["GET"]}}],"collection":[{"href":"https:\/\/noticias.inderbu.gov.co\/index.php\/wp-json\/wp\/v2\/posts"}],"about":[{"href":"https:\/\/noticias.inderbu.gov.co\/index.php\/wp-json\/wp\/v2\/types\/post"}],"author":[{"embeddable":true,"href":"https:\/\/noticias.inderbu.gov.co\/index.php\/wp-json\/wp\/v2\/users\/3"}],"replies":[{"embeddable":true,"href":"https:\/\/noticias.inderbu.gov.co\/index.php\/wp-json\/wp\/v2\/comments?post=7006"}],"version-history":[{"count":2,"href":"https:\/\/noticias.inderbu.gov.co\/index.php\/wp-json\/wp\/v2\/posts\/7006\/revisions"}],"predecessor-version":[{"id":7012,"href":"https:\/\/noticias.inderbu.gov.co\/index.php\/wp-json\/wp\/v2\/posts\/7006\/revisions\/7012"}],"wp:featuredmedia":[{"embeddable":true,"href":"https:\/\/noticias.inderbu.gov.co\/index.php\/wp-json\/wp\/v2\/media\/7007"}],"wp:attachment":[{"href":"https:\/\/noticias.inderbu.gov.co\/index.php\/wp-json\/wp\/v2\/media?parent=7006"}],"wp:term":[{"taxonomy":"category","embeddable":true,"href":"https:\/\/noticias.inderbu.gov.co\/index.php\/wp-json\/wp\/v2\/categories?post=7006"},{"taxonomy":"post_tag","embeddable":true,"href":"https:\/\/noticias.inderbu.gov.co\/index.php\/wp-json\/wp\/v2\/tags?post=7006"}],"curies":[{"name":"wp","href":"https:\/\/api.w.org\/{rel}","templated":true}]}}