{"id":6917,"date":"2024-06-27T17:11:00","date_gmt":"2024-06-27T22:11:00","guid":{"rendered":"https:\/\/noticias.inderbu.gov.co\/?p=6917"},"modified":"2024-07-17T17:21:11","modified_gmt":"2024-07-17T22:21:11","slug":"semilleros-de-recreacion-en-el-2024-con-el-inderbu","status":"publish","type":"post","link":"https:\/\/noticias.inderbu.gov.co\/index.php\/2024\/06\/27\/semilleros-de-recreacion-en-el-2024-con-el-inderbu\/","title":{"rendered":"Semilleros de recreaci\u00f3n en el 2024 con el INDERBU"},"content":{"rendered":"\n<p style=\"text-align: justify;\">El INDERBU implementa la estrategia Semilleros de Recreaci\u00f3n, con el prop\u00f3sito de fomentar e incentivar el derecho a la recreaci\u00f3n en ni\u00f1os de 6 a 12 a\u00f1os, propiciando que las tardes sean transformadas en viajes entre mundos, explorando diversos temas de manera voluntaria y con gran imaginaci\u00f3n.<\/p>\n<div id=\"attachment_6918\" style=\"width: 881px\" class=\"wp-caption alignnone\"><img loading=\"lazy\" decoding=\"async\" aria-describedby=\"caption-attachment-6918\" class=\"size-full wp-image-6918\" src=\"http:\/\/noticias.inderbu.gov.co\/wp-content\/uploads\/2024\/07\/SEMILLEROS-ok.jpg\" alt=\"\" width=\"871\" height=\"684\" srcset=\"https:\/\/noticias.inderbu.gov.co\/wp-content\/uploads\/2024\/07\/SEMILLEROS-ok.jpg 871w, https:\/\/noticias.inderbu.gov.co\/wp-content\/uploads\/2024\/07\/SEMILLEROS-ok-300x236.jpg 300w, https:\/\/noticias.inderbu.gov.co\/wp-content\/uploads\/2024\/07\/SEMILLEROS-ok-768x603.jpg 768w\" sizes=\"auto, (max-width: 871px) 100vw, 871px\" \/><p id=\"caption-attachment-6918\" class=\"wp-caption-text\">Semilleros de recreaci\u00f3n en el 2024 con el INDERBU<\/p><\/div>\n<p>\u00a0<\/p>\n<p>Se realiza la estrategia Semilleros de Recreaci\u00f3n en 4 puntos estrat\u00e9gicos de la ciudad, asistiendo a los barrios m\u00e1s vulnerables, donde se desarrollan de manera creativa y din\u00e1mica tres ejes tem\u00e1ticos como cuidarte, recrearte y reconocerte, \u00a0mediante actividades recreativas, deportivas y culturales.\u00a0<\/p>\n<p>\u00a0<\/p>\n<p><strong>Sectores comunitarios espec\u00edficos para los Semilleros de Recreaci\u00f3n:<\/strong><\/p>\n<p>Los ni\u00f1os pueden acercarse a los siguientes lugares en los horarios se\u00f1alados para disfrutar de estas tardes creativas y recreativas:<\/p>\n<p>\u00a0<\/p>\n<table width=\"591\">\n<tbody>\n<tr>\n<td width=\"176\">\n<p>NOMBRE MONITOR<\/p>\n<\/td>\n<td width=\"214\">\n<p>\u00a0\u00a0\u00a0\u00a0\u00a0\u00a0 SECTOR BARRIO\u00a0<\/p>\n<\/td>\n<td width=\"201\">\n<p>\u00a0 DIA DE CLASE<\/p>\n<\/td>\n<\/tr>\n<tr>\n<td width=\"176\">\n<p>\u00a0<\/p>\n<p>DANILO ANGARITA<\/p>\n<\/td>\n<td width=\"214\">\n<p>\u00a0<\/p>\n<p>VEGAS DE MORRO<\/p>\n<\/td>\n<td width=\"201\">\n<p>VIERNES<\/p>\n<p>2:PM A 4:00 PM<\/p>\n<p>SALON COMUNAL<\/p>\n<\/td>\n<\/tr>\n<tr>\n<td width=\"176\">\n<p>\u00a0<\/p>\n<p>OSCAR MONSALVE<\/p>\n<\/td>\n<td width=\"214\">\n<p>\u00a0<\/p>\n<p>BARRIO RINCON PAZ<\/p>\n<\/td>\n<td width=\"201\">\n<p>VIERNES<\/p>\n<p>3:00 PM A 5:00 PM<\/p>\n<p>\u00a0<\/p>\n<\/td>\n<\/tr>\n<tr>\n<td width=\"176\">\n<p>\u00a0<\/p>\n<p>CRISTIAM RENE<\/p>\n<\/td>\n<td width=\"214\">\n<p>\u00a0<\/p>\n<p>CLAVERIANO<\/p>\n<p>\u00a0<\/p>\n<\/td>\n<td width=\"201\">\n<p>VIERNES<\/p>\n<p>3:00 PM A 5:00 PM<\/p>\n<p>CANCHA DEL BARRIO<\/p>\n<\/td>\n<\/tr>\n<tr>\n<td width=\"176\">\n<p>\u00a0<\/p>\n<p>JENNY GUALDRON<\/p>\n<\/td>\n<td width=\"214\">\n<p>\u00a0<\/p>\n<p>ALBANIA<\/p>\n<\/td>\n<td width=\"201\">\n<p>VIERNES<\/p>\n<p>2:00 PM A 4:00 PM<\/p>\n<p>SALON COMUNAL<\/p>\n<\/td>\n<\/tr>\n<tr>\n<td width=\"176\">\n<p>\u00a0<\/p>\n<p>DIEGO CACERES<\/p>\n<\/td>\n<td width=\"214\">\n<p>\u00a0<\/p>\n<p>CUYANITAS<\/p>\n<\/td>\n<td width=\"201\">\n<p>VIERNES<\/p>\n<p>6:00 PM A 8:00 PM<\/p>\n<p>SALON COMUNAL<\/p>\n<\/td>\n<\/tr>\n<tr>\n<td width=\"176\">\n<p>\u00a0<\/p>\n<p>\u00a0\u00a0\u00a0\u00a0\u00a0\u00a0\u00a0\u00a0\u00a0 LAURA VILLA<\/p>\n<\/td>\n<td width=\"214\">\n<p>\u00a0<\/p>\n<p>BUENA VISTA<\/p>\n<\/td>\n<td width=\"201\">\n<p>VIERNES<\/p>\n<p>3:00 PM A 5:00 PM<\/p>\n<p>SALON COMUNAL<\/p>\n<\/td>\n<\/tr>\n<\/tbody>\n<\/table>\n<p>Video formato accesible para las personas con discapacidad auditiva:\u00a0<\/p>\n<p><a href=\"https:\/\/www.instagram.com\/reel\/C8r3j4IAeNR\/?igsh=MWdxam9pOHR3bWZteQ%3D%3D\">https:\/\/www.instagram.com\/reel\/C8r3j4IAeNR\/?igsh=MWdxam9pOHR3bWZteQ%3D%3D<\/a><\/p>\n<p>\u00a0<\/p>\n","protected":false},"excerpt":{"rendered":"<p>El INDERBU implementa la estrategia Semilleros de Recreaci\u00f3n, con el prop\u00f3sito de fomentar e incentivar el derecho a la recreaci\u00f3n&#46;&#46;&#46;<\/p>\n","protected":false},"author":3,"featured_media":6918,"comment_status":"closed","ping_status":"closed","sticky":false,"template":"","format":"standard","meta":{"_bbp_topic_count":0,"_bbp_reply_count":0,"_bbp_total_topic_count":0,"_bbp_total_reply_count":0,"_bbp_voice_count":0,"_bbp_anonymous_reply_count":0,"_bbp_topic_count_hidden":0,"_bbp_reply_count_hidden":0,"_bbp_forum_subforum_count":0,"footnotes":""},"categories":[4,8,127],"tags":[68,129],"class_list":["post-6917","post","type-post","status-publish","format-standard","has-post-thumbnail","hentry","category-noticias","category-recreacion","category-recreacion-comunitaria","tag-recreacion-comunitaria","tag-recreacion-con-inderbu"],"_links":{"self":[{"href":"https:\/\/noticias.inderbu.gov.co\/index.php\/wp-json\/wp\/v2\/posts\/6917","targetHints":{"allow":["GET"]}}],"collection":[{"href":"https:\/\/noticias.inderbu.gov.co\/index.php\/wp-json\/wp\/v2\/posts"}],"about":[{"href":"https:\/\/noticias.inderbu.gov.co\/index.php\/wp-json\/wp\/v2\/types\/post"}],"author":[{"embeddable":true,"href":"https:\/\/noticias.inderbu.gov.co\/index.php\/wp-json\/wp\/v2\/users\/3"}],"replies":[{"embeddable":true,"href":"https:\/\/noticias.inderbu.gov.co\/index.php\/wp-json\/wp\/v2\/comments?post=6917"}],"version-history":[{"count":1,"href":"https:\/\/noticias.inderbu.gov.co\/index.php\/wp-json\/wp\/v2\/posts\/6917\/revisions"}],"predecessor-version":[{"id":6919,"href":"https:\/\/noticias.inderbu.gov.co\/index.php\/wp-json\/wp\/v2\/posts\/6917\/revisions\/6919"}],"wp:featuredmedia":[{"embeddable":true,"href":"https:\/\/noticias.inderbu.gov.co\/index.php\/wp-json\/wp\/v2\/media\/6918"}],"wp:attachment":[{"href":"https:\/\/noticias.inderbu.gov.co\/index.php\/wp-json\/wp\/v2\/media?parent=6917"}],"wp:term":[{"taxonomy":"category","embeddable":true,"href":"https:\/\/noticias.inderbu.gov.co\/index.php\/wp-json\/wp\/v2\/categories?post=6917"},{"taxonomy":"post_tag","embeddable":true,"href":"https:\/\/noticias.inderbu.gov.co\/index.php\/wp-json\/wp\/v2\/tags?post=6917"}],"curies":[{"name":"wp","href":"https:\/\/api.w.org\/{rel}","templated":true}]}}