{"id":6882,"date":"2024-06-06T15:37:54","date_gmt":"2024-06-06T20:37:54","guid":{"rendered":"https:\/\/noticias.inderbu.gov.co\/?p=6882"},"modified":"2024-06-06T15:37:59","modified_gmt":"2024-06-06T20:37:59","slug":"pre-seleccion-colombia-del-baloncesto-femenino-lista-para-el-womens-americup-2024-en-bucaramanga","status":"publish","type":"post","link":"https:\/\/noticias.inderbu.gov.co\/index.php\/2024\/06\/06\/pre-seleccion-colombia-del-baloncesto-femenino-lista-para-el-womens-americup-2024-en-bucaramanga\/","title":{"rendered":"Pre-selecci\u00f3n Colombia del baloncesto femenino lista para el Women\u2019s Americup 2024 en Bucaramanga"},"content":{"rendered":"\n<p>\u00a0<\/p>\n<div id=\"attachment_6883\" style=\"width: 881px\" class=\"wp-caption alignnone\"><img loading=\"lazy\" decoding=\"async\" aria-describedby=\"caption-attachment-6883\" class=\"size-full wp-image-6883\" src=\"http:\/\/noticias.inderbu.gov.co\/wp-content\/uploads\/2024\/06\/exaltacion-equipo-femenino-scaled-e1717705251201.jpg\" alt=\"\" width=\"871\" height=\"438\" \/><p id=\"caption-attachment-6883\" class=\"wp-caption-text\">Pre-selecci\u00f3n Colombia del baloncesto femenino lista para el Women\u2019s Americup 2024 en Bucaramanga<\/p><\/div>\n<p>\u00a0<\/p>\n<p style=\"text-align: justify;\">Por primera vez en Colombia se realiza el<strong> CAMPEONATO PRE MUNDIAL FEMENINO U18-COPA AMERICA<\/strong> &#8211;<strong>WOMEN\u00b4S AMERICUP 2024<\/strong> y <strong>Bucaramanga se convierte en la sede de este gran evento deportivo del 17 al 23 de junio<\/strong>. Colombia participar\u00e1 con un equipo altamente competitivo que consta de 16 deportistas entre los 15 y 18 a\u00f1os de edad.<\/p>\n<p>\u00a0<\/p>\n<p style=\"text-align: justify;\"><strong>El alcalde de Bucaramanga Jaime Andr\u00e9s Beltr\u00e1n resalta la participaci\u00f3n de la selecci\u00f3n nacional<\/strong> no solo por el nivel deportivo con el que llegan a competir sino <strong>porque gran parte de la n\u00f3mina del equipo cuenta con deportistas bumanguesas. <\/strong><\/p>\n<p style=\"text-align: justify;\"><strong>\u00a0<\/strong><\/p>\n<p style=\"text-align: justify;\">Como ciudad anfitriona para la FIBA AMERICUP SUB 18 donde el poder femenino se toma las canchas del Bicentenario<strong>, la gestora Social Paula Ram\u00edrez resalta adem\u00e1s de la disciplina<\/strong>,\u00a0 el compromiso de las j\u00f3venes deportistas, reiterando una vez m\u00e1s que con eventos de talla internacional como este\u00a0 <strong>\u2018Bucaramanga es mujer\u2019.<\/strong><\/p>\n<p>\u00a0<\/p>\n<p style=\"text-align: justify;\">El evento contar\u00e1 tambi\u00e9n con la participaci\u00f3n de las selecciones de EE;UU, Canad\u00e1, Argentina, Brasil, M\u00e9xico, Puerto Rico, Rep\u00fablica Dominicana y Colombia que se dar\u00e1n cita para los encuentros deportivos en el Coliseo Bicentenario Alejandro Galvis Ram\u00edrez.<\/p>\n<p style=\"text-align: justify;\">\u00a0<\/p>\n<p style=\"text-align: justify;\"><strong>Deportistas Pre Selecci\u00f3n Colombia de baloncesto femenino Sub 18:<\/strong><\/p>\n<p><img loading=\"lazy\" decoding=\"async\" class=\"alignnone wp-image-6884 size-full\" src=\"http:\/\/noticias.inderbu.gov.co\/wp-content\/uploads\/2024\/06\/PRESELECCION-COLOMBIAFEMENINA-BALONCESTO-e1717705454320.png\" alt=\"\" width=\"871\" height=\"836\" \/><\/p>\n<p style=\"text-align: justify;\">Con este evento internacional, Bucaramanga y Santander siguen dando pasos para consolidarse como regi\u00f3n deportiva y como modelo a seguir en la medida en que se generan espacios de sano esparcimiento y motivaci\u00f3n al deporte.<\/p>\n<p>\u00a0<\/p>\n<p style=\"text-align: center;\"><span style=\"color: #008000;\"><strong>\u201cSi a Bucaramanga le va bien, a TODOS nos va bien\u201d<\/strong><strong>\u00a0<\/strong><\/span><\/p>\n<p>\u00a0<\/p>\n<p><strong>Oficina de Prensa y Comunicaciones \u2013 INDERBU<\/strong><\/p>\n","protected":false},"excerpt":{"rendered":"<p>\u00a0 \u00a0 Por primera vez en Colombia se realiza el CAMPEONATO PRE MUNDIAL FEMENINO U18-COPA AMERICA &#8211;WOMEN\u00b4S AMERICUP 2024 y&#46;&#46;&#46;<\/p>\n","protected":false},"author":3,"featured_media":6883,"comment_status":"closed","ping_status":"closed","sticky":false,"template":"","format":"standard","meta":{"_bbp_topic_count":0,"_bbp_reply_count":0,"_bbp_total_topic_count":0,"_bbp_total_reply_count":0,"_bbp_voice_count":0,"_bbp_anonymous_reply_count":0,"_bbp_topic_count_hidden":0,"_bbp_reply_count_hidden":0,"_bbp_forum_subforum_count":0,"footnotes":""},"categories":[27,4],"tags":[28],"class_list":["post-6882","post","type-post","status-publish","format-standard","has-post-thumbnail","hentry","category-apoyo-al-deporte-asociado","category-noticias","tag-apoyo-al-deporte-asociado"],"_links":{"self":[{"href":"https:\/\/noticias.inderbu.gov.co\/index.php\/wp-json\/wp\/v2\/posts\/6882","targetHints":{"allow":["GET"]}}],"collection":[{"href":"https:\/\/noticias.inderbu.gov.co\/index.php\/wp-json\/wp\/v2\/posts"}],"about":[{"href":"https:\/\/noticias.inderbu.gov.co\/index.php\/wp-json\/wp\/v2\/types\/post"}],"author":[{"embeddable":true,"href":"https:\/\/noticias.inderbu.gov.co\/index.php\/wp-json\/wp\/v2\/users\/3"}],"replies":[{"embeddable":true,"href":"https:\/\/noticias.inderbu.gov.co\/index.php\/wp-json\/wp\/v2\/comments?post=6882"}],"version-history":[{"count":1,"href":"https:\/\/noticias.inderbu.gov.co\/index.php\/wp-json\/wp\/v2\/posts\/6882\/revisions"}],"predecessor-version":[{"id":6885,"href":"https:\/\/noticias.inderbu.gov.co\/index.php\/wp-json\/wp\/v2\/posts\/6882\/revisions\/6885"}],"wp:featuredmedia":[{"embeddable":true,"href":"https:\/\/noticias.inderbu.gov.co\/index.php\/wp-json\/wp\/v2\/media\/6883"}],"wp:attachment":[{"href":"https:\/\/noticias.inderbu.gov.co\/index.php\/wp-json\/wp\/v2\/media?parent=6882"}],"wp:term":[{"taxonomy":"category","embeddable":true,"href":"https:\/\/noticias.inderbu.gov.co\/index.php\/wp-json\/wp\/v2\/categories?post=6882"},{"taxonomy":"post_tag","embeddable":true,"href":"https:\/\/noticias.inderbu.gov.co\/index.php\/wp-json\/wp\/v2\/tags?post=6882"}],"curies":[{"name":"wp","href":"https:\/\/api.w.org\/{rel}","templated":true}]}}