{"id":6719,"date":"2024-03-05T17:06:08","date_gmt":"2024-03-05T22:06:08","guid":{"rendered":"https:\/\/noticias.inderbu.gov.co\/?p=6719"},"modified":"2024-03-06T09:27:31","modified_gmt":"2024-03-06T14:27:31","slug":"este-sabado-caminata-ecologica-5k","status":"publish","type":"post","link":"https:\/\/noticias.inderbu.gov.co\/index.php\/2024\/03\/05\/este-sabado-caminata-ecologica-5k\/","title":{"rendered":"Este s\u00e1bado caminata ecol\u00f3gica 5k"},"content":{"rendered":"\n<p style=\"text-align: justify;\">El INDERBU invita a los bumangueses este s\u00e1bado 9 de marzo a participar activamente en la caminata ecol\u00f3gica 5K Laguna Encantada y realizar actividad f\u00edsica respirando el aire puro de la naturaleza.<\/p>\n<div id=\"attachment_6722\" style=\"width: 881px\" class=\"wp-caption alignnone\"><img loading=\"lazy\" decoding=\"async\" aria-describedby=\"caption-attachment-6722\" class=\"size-full wp-image-6722\" src=\"http:\/\/noticias.inderbu.gov.co\/wp-content\/uploads\/2024\/03\/CAMINATA-OK-PAGINA-e1709676287986.jpg\" alt=\"\" width=\"871\" height=\"871\" \/><p id=\"caption-attachment-6722\" class=\"wp-caption-text\">Caminata ecol\u00f3gica 5k<\/p><\/div>\n<p style=\"text-align: justify;\">El punto de encuentro es el CAI San P\u00edo a las 6:30 de la ma\u00f1ana, desde donde se partir\u00e1 con toda la energ\u00eda rumbo a disfrutar del paisaje de nuestros cerros orientales.<\/p>\n<p>El Subdirector Operativo del INDERBU Wilmer Antonio Ni\u00f1o invita a participar<\/p>\n<!--[if lt IE 9]><script>document.createElement('audio');<\/script><![endif]-->\n<audio class=\"wp-audio-shortcode\" id=\"audio-6719-1\" preload=\"none\" style=\"width: 100%;\" controls=\"controls\"><source type=\"audio\/mpeg\" src=\"http:\/\/noticias.inderbu.gov.co\/wp-content\/uploads\/2024\/03\/WILMER-NIN\u0303O-SUBDIRECTOR-OPERATIVO-INDERBU.mp3?_=1\" \/><a href=\"http:\/\/noticias.inderbu.gov.co\/wp-content\/uploads\/2024\/03\/WILMER-NIN\u0303O-SUBDIRECTOR-OPERATIVO-INDERBU.mp3\">http:\/\/noticias.inderbu.gov.co\/wp-content\/uploads\/2024\/03\/WILMER-NIN\u0303O-SUBDIRECTOR-OPERATIVO-INDERBU.mp3<\/a><\/audio>\n<p><em>Audio Wilmer Antonio Ni\u00f1o Su\u00e1rez, Subdirector Operativo del INDERBU<\/em><\/p>\n<p>\u00a0<\/p>\n<p style=\"text-align: justify;\">Los gestores VAS, as\u00ed como gu\u00edas, instructor y param\u00e9dicos, hacen parte del equipo que lidera la estrategia que fomenta los h\u00e1bitos y estilos de vida saludables, el ejercicio f\u00edsico en entornos naturales 100% libres de humo, en nuestras v\u00edas rurales transformadas en V\u00edas Activas y Saludables -VAS.<\/p>\n<p>\u00a0<\/p>\n<p style=\"text-align: justify;\">Es importante la inscripci\u00f3n en el siguiente enlace para conocimiento de las condiciones de salud de nuestros participantes:<\/p>\n<p style=\"text-align: justify;\"><a href=\"https:\/\/forms.office.com\/r\/F3xLR1qb2b\">https:\/\/forms.office.com\/r\/F3xLR1qb2b<\/a><\/p>\n","protected":false},"excerpt":{"rendered":"<p>El INDERBU invita a los bumangueses este s\u00e1bado 9 de marzo a participar activamente en la caminata ecol\u00f3gica 5K Laguna&#46;&#46;&#46;<\/p>\n","protected":false},"author":3,"featured_media":6725,"comment_status":"closed","ping_status":"closed","sticky":false,"template":"","format":"standard","meta":{"_bbp_topic_count":0,"_bbp_reply_count":0,"_bbp_total_topic_count":0,"_bbp_total_reply_count":0,"_bbp_voice_count":0,"_bbp_anonymous_reply_count":0,"_bbp_topic_count_hidden":0,"_bbp_reply_count_hidden":0,"_bbp_forum_subforum_count":0,"footnotes":""},"categories":[151,4],"tags":[73,117],"class_list":["post-6719","post","type-post","status-publish","format-standard","has-post-thumbnail","hentry","category-caminatas","category-noticias","tag-caminatas-ecologica","tag-vias-activas-y-saludables"],"_links":{"self":[{"href":"https:\/\/noticias.inderbu.gov.co\/index.php\/wp-json\/wp\/v2\/posts\/6719","targetHints":{"allow":["GET"]}}],"collection":[{"href":"https:\/\/noticias.inderbu.gov.co\/index.php\/wp-json\/wp\/v2\/posts"}],"about":[{"href":"https:\/\/noticias.inderbu.gov.co\/index.php\/wp-json\/wp\/v2\/types\/post"}],"author":[{"embeddable":true,"href":"https:\/\/noticias.inderbu.gov.co\/index.php\/wp-json\/wp\/v2\/users\/3"}],"replies":[{"embeddable":true,"href":"https:\/\/noticias.inderbu.gov.co\/index.php\/wp-json\/wp\/v2\/comments?post=6719"}],"version-history":[{"count":1,"href":"https:\/\/noticias.inderbu.gov.co\/index.php\/wp-json\/wp\/v2\/posts\/6719\/revisions"}],"predecessor-version":[{"id":6723,"href":"https:\/\/noticias.inderbu.gov.co\/index.php\/wp-json\/wp\/v2\/posts\/6719\/revisions\/6723"}],"wp:featuredmedia":[{"embeddable":true,"href":"https:\/\/noticias.inderbu.gov.co\/index.php\/wp-json\/wp\/v2\/media\/6725"}],"wp:attachment":[{"href":"https:\/\/noticias.inderbu.gov.co\/index.php\/wp-json\/wp\/v2\/media?parent=6719"}],"wp:term":[{"taxonomy":"category","embeddable":true,"href":"https:\/\/noticias.inderbu.gov.co\/index.php\/wp-json\/wp\/v2\/categories?post=6719"},{"taxonomy":"post_tag","embeddable":true,"href":"https:\/\/noticias.inderbu.gov.co\/index.php\/wp-json\/wp\/v2\/tags?post=6719"}],"curies":[{"name":"wp","href":"https:\/\/api.w.org\/{rel}","templated":true}]}}