{"id":669,"date":"2018-02-09T15:10:26","date_gmt":"2018-02-09T20:10:26","guid":{"rendered":"http:\/\/noticias.inderbu.gov.co\/?p=669"},"modified":"2018-08-09T17:16:18","modified_gmt":"2018-08-09T22:16:18","slug":"669","status":"publish","type":"post","link":"https:\/\/noticias.inderbu.gov.co\/index.php\/2018\/02\/09\/669\/","title":{"rendered":"H\u00c1BITOS Y ESTILOS DE VIDA SALUDABLES EN DIFERENTES SECTORES DE LA CIUDAD"},"content":{"rendered":"<p style=\"text-align: center;\"><span style=\"font-size: 14pt;\"><strong>H\u00c1BITOS Y ESTILOS DE VIDA SALUDABLES EN DIFERENTES SECTORES DE LA CIUDAD<\/strong><\/span><\/p>\n<p>&nbsp;<\/p>\n<p style=\"text-align: justify;\"><img loading=\"lazy\" decoding=\"async\" class=\"alignnone size-full wp-image-670\" src=\"http:\/\/noticias.inderbu.gov.co\/wp-content\/uploads\/2018\/02\/habitos-y-estilos-en-parques-e1518206571277.jpeg\" alt=\"\" width=\"871\" height=\"653\" \/><\/p>\n<p style=\"text-align: justify;\">En parques, canchas, salones comunales y otros escenarios de la ciudad, el INDERBU llega con el programa H\u00e1bitos\u00a0 y Estilos de Vida Saludables. No se trata de solo impartir instrucci\u00f3n aer\u00f3bica, sino de brindar a la comunidad bumanguesa todo un programa integral, con orientaci\u00f3n y acompa\u00f1amiento profesional de licenciados en educaci\u00f3n f\u00edsica, que en jornadas fijas brindan instrucci\u00f3n y rutinas adecuadas para todas las personas, con asesor\u00eda y valoraci\u00f3n de fisioterapia, enfermer\u00eda y nutrici\u00f3n y licenciados en educaci\u00f3n f\u00edsica, que articuladamente brindan atenci\u00f3n a los seguidores del programa.<\/p>\n<p>&nbsp;<\/p>\n<p style=\"text-align: justify;\"><span style=\"font-size: 18pt;\"><strong>DATO<\/strong>:<\/span>\u00a0\u00a028 instructores profesionales benefician a 6 Mil personas\u00a0 organizadas en 140 grupos de actividad f\u00edsica, \u00a0acudiendo regularmente a los siguientes barrios y parques:<\/p>\n<p style=\"text-align: justify;\">Barrios Caf\u00e9 Madrid, Campo Madrid, Campo Hermoso, Primero de Mayo, Girardot, Babar\u00eda II, Mutis, Ciudad Bol\u00edvar, Estoraques, Bucaramanga, La Floresta, Monterredondo, La libertad , Diamante I y II, Morrorico, Miraflores, La Concordia, La Ceiba, Manzanares , El Pabl\u00f3n, Colorados, La Juventud, Kennedy, Los Pinos , San Mart\u00edn, Brisas del Mutis , Alfonso L\u00f3pez , Santander, Conucos, Barrio San Miguel, Quebrada La Iglesia, Chorreras de Don Juan, Cristo Rey, Villa Romero, Quintanilla, El Roc\u00edo, Quintadania, Hamacas, Colorados, Pabl\u00f3n, Coaviconsa, Las Am\u00e9ricas, Centro, Zona industrial, Real de Minas, Kennedy, G\u00f3mez Ni\u00f1o, \u00c1lvarez, Nueva Granada, Candiles, San P\u00edo, Romero, San Miguel, San Alonso, Villa Esmeralda, Comuneros, San Francisco, Provenza, Primero de Mayo, Fontana, La Ceiba, Ciudad Bol\u00edvar, Alfonso L\u00f3pez, Bosque Norte, \u00c1frica, Nueva Granada, Pablo VI, San Mart\u00edn.<\/p>\n<p>&nbsp;<\/p>\n<p style=\"text-align: justify;\">Parques Canelos, San P\u00edo, Los Leones, Bol\u00edvar, Patin\u00f3dromo Ciudadela, Patin\u00f3dromo Provenza, Vel\u00f3dromo Alfonso Fl\u00f3rez, Parque Las Cigarras, Polideportivo Ciudad Bol\u00edvar, Parque La Flora, Parque Fontana, Cancha Porvenir, Parque Concordia, Parque Extremo, Bol\u00edvar, Los Ni\u00f1os, de La Vida, Romero.<\/p>\n<p style=\"text-align: justify;\">En Fundaciones e instituciones: Ideales, Fundaci\u00f3n Fas, c\u00e1rcel Modelo, Reclusi\u00f3n de mujeres, Hogares Claret en La Joya y Centro Vida A\u00f1os Maravillosos.<\/p>\n<p><strong><em>Descargue aqu\u00ed Bolet\u00edn:\u00a0<a href=\"http:\/\/noticias.inderbu.gov.co\/wp-content\/uploads\/2018\/02\/BOLETIN-007-DE-2018.pdf\">BOLETIN 007 DE 2018<\/a><\/em><\/strong><\/p>\n<p>&nbsp;<\/p>\n\n\t\t<style>\n\t\t\t#gallery-1 {\n\t\t\t\tmargin: auto;\n\t\t\t}\n\t\t\t#gallery-1 .gallery-item {\n\t\t\t\tfloat: left;\n\t\t\t\tmargin-top: 10px;\n\t\t\t\ttext-align: center;\n\t\t\t\twidth: 33%;\n\t\t\t}\n\t\t\t#gallery-1 img {\n\t\t\t\tborder: 2px solid #cfcfcf;\n\t\t\t}\n\t\t\t#gallery-1 .gallery-caption {\n\t\t\t\tmargin-left: 0;\n\t\t\t}\n\t\t\t\/* see gallery_shortcode() in wp-includes\/media.php *\/\n\t\t<\/style>\n\t\t<div id='gallery-1' class='gallery galleryid-669 gallery-columns-3 gallery-size-medium'><dl class='gallery-item'>\n\t\t\t<dt class='gallery-icon landscape'>\n\t\t\t\t<a href='https:\/\/noticias.inderbu.gov.co\/index.php\/2018\/02\/09\/669\/habitos-y-estilos-parque-la-flora\/'><img loading=\"lazy\" decoding=\"async\" width=\"300\" height=\"169\" src=\"https:\/\/noticias.inderbu.gov.co\/wp-content\/uploads\/2018\/02\/habitos-y-estilos-parque-la-flora-300x169.jpeg\" class=\"attachment-medium size-medium no-lazy\" alt=\"\" aria-describedby=\"gallery-1-671\" srcset=\"https:\/\/noticias.inderbu.gov.co\/wp-content\/uploads\/2018\/02\/habitos-y-estilos-parque-la-flora-300x169.jpeg 300w, https:\/\/noticias.inderbu.gov.co\/wp-content\/uploads\/2018\/02\/habitos-y-estilos-parque-la-flora-768x432.jpeg 768w, https:\/\/noticias.inderbu.gov.co\/wp-content\/uploads\/2018\/02\/habitos-y-estilos-parque-la-flora-1024x576.jpeg 1024w, https:\/\/noticias.inderbu.gov.co\/wp-content\/uploads\/2018\/02\/habitos-y-estilos-parque-la-flora.jpeg 1032w\" sizes=\"auto, (max-width: 300px) 100vw, 300px\" \/><\/a>\n\t\t\t<\/dt>\n\t\t\t\t<dd class='wp-caption-text gallery-caption' id='gallery-1-671'>\n\t\t\t\tH\u00e1bitos y Estilos de Vida saludables en parques\n\t\t\t\t<\/dd><\/dl><dl class='gallery-item'>\n\t\t\t<dt class='gallery-icon landscape'>\n\t\t\t\t<a href='https:\/\/noticias.inderbu.gov.co\/index.php\/2018\/02\/09\/669\/habitos-y-estilos-de-vida\/'><img loading=\"lazy\" decoding=\"async\" width=\"300\" height=\"225\" src=\"https:\/\/noticias.inderbu.gov.co\/wp-content\/uploads\/2018\/02\/habitos-y-estilos-de-vida--300x225.jpeg\" class=\"attachment-medium size-medium no-lazy\" alt=\"\" aria-describedby=\"gallery-1-672\" srcset=\"https:\/\/noticias.inderbu.gov.co\/wp-content\/uploads\/2018\/02\/habitos-y-estilos-de-vida--300x225.jpeg 300w, https:\/\/noticias.inderbu.gov.co\/wp-content\/uploads\/2018\/02\/habitos-y-estilos-de-vida--768x576.jpeg 768w, https:\/\/noticias.inderbu.gov.co\/wp-content\/uploads\/2018\/02\/habitos-y-estilos-de-vida--1024x768.jpeg 1024w, https:\/\/noticias.inderbu.gov.co\/wp-content\/uploads\/2018\/02\/habitos-y-estilos-de-vida--e1518206840747.jpeg 871w\" sizes=\"auto, (max-width: 300px) 100vw, 300px\" \/><\/a>\n\t\t\t<\/dt>\n\t\t\t\t<dd class='wp-caption-text gallery-caption' id='gallery-1-672'>\n\t\t\t\tHabitos y Estilos de Vida Saludables en parques\n\t\t\t\t<\/dd><\/dl><dl class='gallery-item'>\n\t\t\t<dt class='gallery-icon landscape'>\n\t\t\t\t<a href='https:\/\/noticias.inderbu.gov.co\/index.php\/2018\/02\/09\/669\/habitos-y-estilos\/'><img loading=\"lazy\" decoding=\"async\" width=\"300\" height=\"225\" src=\"https:\/\/noticias.inderbu.gov.co\/wp-content\/uploads\/2018\/02\/habitos-y-estilos-300x225.jpeg\" class=\"attachment-medium size-medium no-lazy\" alt=\"\" aria-describedby=\"gallery-1-673\" srcset=\"https:\/\/noticias.inderbu.gov.co\/wp-content\/uploads\/2018\/02\/habitos-y-estilos-300x225.jpeg 300w, https:\/\/noticias.inderbu.gov.co\/wp-content\/uploads\/2018\/02\/habitos-y-estilos-768x576.jpeg 768w, https:\/\/noticias.inderbu.gov.co\/wp-content\/uploads\/2018\/02\/habitos-y-estilos-1024x768.jpeg 1024w, https:\/\/noticias.inderbu.gov.co\/wp-content\/uploads\/2018\/02\/habitos-y-estilos-e1518206873123.jpeg 871w\" sizes=\"auto, (max-width: 300px) 100vw, 300px\" \/><\/a>\n\t\t\t<\/dt>\n\t\t\t\t<dd class='wp-caption-text gallery-caption' id='gallery-1-673'>\n\t\t\t\tInstrucci\u00f3n en parques,programa Habitos y Estilos de Vida Saludables\n\t\t\t\t<\/dd><\/dl><br style=\"clear: both\" \/>\n\t\t<\/div>\n\n<p><strong>\u00a0<\/strong><\/p>\n","protected":false},"excerpt":{"rendered":"<p>H\u00c1BITOS Y ESTILOS DE VIDA SALUDABLES EN DIFERENTES SECTORES DE LA CIUDAD &nbsp; En parques, canchas, salones comunales y otros&#46;&#46;&#46;<\/p>\n","protected":false},"author":3,"featured_media":670,"comment_status":"open","ping_status":"open","sticky":false,"template":"","format":"standard","meta":{"_bbp_topic_count":0,"_bbp_reply_count":0,"_bbp_total_topic_count":0,"_bbp_total_reply_count":0,"_bbp_voice_count":0,"_bbp_anonymous_reply_count":0,"_bbp_topic_count_hidden":0,"_bbp_reply_count_hidden":0,"_bbp_forum_subforum_count":0,"footnotes":""},"categories":[6,4],"tags":[],"class_list":["post-669","post","type-post","status-publish","format-standard","has-post-thumbnail","hentry","category-actifisica","category-noticias"],"_links":{"self":[{"href":"https:\/\/noticias.inderbu.gov.co\/index.php\/wp-json\/wp\/v2\/posts\/669","targetHints":{"allow":["GET"]}}],"collection":[{"href":"https:\/\/noticias.inderbu.gov.co\/index.php\/wp-json\/wp\/v2\/posts"}],"about":[{"href":"https:\/\/noticias.inderbu.gov.co\/index.php\/wp-json\/wp\/v2\/types\/post"}],"author":[{"embeddable":true,"href":"https:\/\/noticias.inderbu.gov.co\/index.php\/wp-json\/wp\/v2\/users\/3"}],"replies":[{"embeddable":true,"href":"https:\/\/noticias.inderbu.gov.co\/index.php\/wp-json\/wp\/v2\/comments?post=669"}],"version-history":[{"count":3,"href":"https:\/\/noticias.inderbu.gov.co\/index.php\/wp-json\/wp\/v2\/posts\/669\/revisions"}],"predecessor-version":[{"id":1780,"href":"https:\/\/noticias.inderbu.gov.co\/index.php\/wp-json\/wp\/v2\/posts\/669\/revisions\/1780"}],"wp:featuredmedia":[{"embeddable":true,"href":"https:\/\/noticias.inderbu.gov.co\/index.php\/wp-json\/wp\/v2\/media\/670"}],"wp:attachment":[{"href":"https:\/\/noticias.inderbu.gov.co\/index.php\/wp-json\/wp\/v2\/media?parent=669"}],"wp:term":[{"taxonomy":"category","embeddable":true,"href":"https:\/\/noticias.inderbu.gov.co\/index.php\/wp-json\/wp\/v2\/categories?post=669"},{"taxonomy":"post_tag","embeddable":true,"href":"https:\/\/noticias.inderbu.gov.co\/index.php\/wp-json\/wp\/v2\/tags?post=669"}],"curies":[{"name":"wp","href":"https:\/\/api.w.org\/{rel}","templated":true}]}}