{"id":6319,"date":"2023-06-21T16:18:21","date_gmt":"2023-06-21T21:18:21","guid":{"rendered":"http:\/\/noticias.inderbu.gov.co\/?p=6319"},"modified":"2023-06-21T16:18:24","modified_gmt":"2023-06-21T21:18:24","slug":"convocatoria-arrendamiento-de-espacios-fisicos-en-escenarios-deportivos-aptos-para-cafeterias-o-tiendas","status":"publish","type":"post","link":"https:\/\/noticias.inderbu.gov.co\/index.php\/2023\/06\/21\/convocatoria-arrendamiento-de-espacios-fisicos-en-escenarios-deportivos-aptos-para-cafeterias-o-tiendas\/","title":{"rendered":"Convocatoria arrendamiento de espacios f\u00edsicos en escenarios deportivos, aptos para cafeter\u00edas o tiendas"},"content":{"rendered":"\n<p style=\"text-align: justify;\">Con el prop\u00f3sito de dinamizar y articular la econom\u00eda entorno al sector deportivo, desde el INDERBU ofrecemos espacios f\u00edsicos disponibles en escenarios deportivos y recreativos, que permiten la implementaci\u00f3n de cafeter\u00edas o tiendas deportivas.\u00a0<\/p>\n<div id=\"attachment_6163\" style=\"width: 881px\" class=\"wp-caption alignnone\"><img loading=\"lazy\" decoding=\"async\" aria-describedby=\"caption-attachment-6163\" class=\"size-full wp-image-6163\" src=\"http:\/\/noticias.inderbu.gov.co\/wp-content\/uploads\/2023\/02\/COLISEO-BICENTENARIO1-e1677163063213.jpg\" alt=\"\" width=\"871\" height=\"581\" \/><p id=\"caption-attachment-6163\" class=\"wp-caption-text\">Coliseo Bicentenario Alejandro Galvis\/ Foto Archivo INDERBU Internacional Voleibol<\/p><\/div>\n<p style=\"text-align: justify;\">La agenda de eventos en escenarios y parques recreodeportivos es variada durante todo el a\u00f1o, permitiendo gran afluencia de asistentes y participantes, seg\u00fan cronogramas de clubes, ligas y federaciones, as\u00ed como las m\u00faltiples actividades que desde la misionalidad del INDERBU se realizan con sus programas Escuelas de Formaci\u00f3n Deportiva, Juegos Intercolegiados, Deporte y Recreaci\u00f3n Social comunitario, Fomento a los H\u00e1bitos y Estilos de Vida Saludables, y por su puesto la agenda de Juventud.<\/p>\n<p style=\"text-align: justify;\">Es por ello que el Instituto de la Juventud, el Deporte y la Recreaci\u00f3n de Bucaramanga \u201cINDERBU\u201d, convoca a todos los interesados a presentar propuestas para el arrendamiento de los siguientes espacios f\u00edsicos aptos para cafeter\u00edas o tiendas deportivas:<\/p>\n<p><strong>\u00a0<\/strong><\/p>\n<table width=\"510\">\n<tbody>\n<tr>\n<td colspan=\"4\" width=\"510\">\n<p style=\"text-align: center;\"><strong>TARIFAS ARRIENDO CAFETER\u00cdAS<\/strong><\/p>\n<\/td>\n<\/tr>\n<tr>\n<td width=\"170\">\n<p><strong>LUGAR<\/strong><\/p>\n<\/td>\n<td width=\"189\">\n<p>DIRECCI\u00d3N<\/p>\n<\/td>\n<td width=\"66\">\n<p>\u00c1REA<\/p>\n<\/td>\n<td width=\"85\">\n<p>VALOR CANON IVA INCLUIDO<\/p>\n<\/td>\n<\/tr>\n<tr>\n<td width=\"170\">\n<p><strong>Parque Extremo de Bucaramanga (cafeter\u00eda 1)<\/strong><\/p>\n<\/td>\n<td width=\"189\">\n<p>Carrera 27 A # 87-52 Barrio San Martin<\/p>\n<\/td>\n<td width=\"66\">\n<p>\u00a014 Mts2<\/p>\n<\/td>\n<td width=\"85\">\n<p>\u00a0$273.560<\/p>\n<\/td>\n<\/tr>\n<tr>\n<td width=\"170\">\n<p><strong>Patin\u00f3dromo Roberto Garc\u00eda Pe\u00f1a (local)<\/strong><\/p>\n<\/td>\n<td width=\"189\">\n<p>Lote 9B Barrio Real de Minas (Calle de los estudiantes)<\/p>\n<\/td>\n<td width=\"66\">\n<p>22,5 Mts2<\/p>\n<\/td>\n<td width=\"85\">\n<p>$1.557.710<\/p>\n<\/td>\n<\/tr>\n<tr>\n<td width=\"170\">\n<p><strong>Estadio de Atletismo Luis Enrique Figueroa Rey<\/strong><\/p>\n<\/td>\n<td width=\"189\">\n<p>Calle 89 transversal oriental urbanizaci\u00f3n tejar moderno<\/p>\n<\/td>\n<td width=\"66\">\n<p>40Mts2<\/p>\n<\/td>\n<td width=\"85\">\n<p>\u00a0$1.005.502<\/p>\n<\/td>\n<\/tr>\n<tr>\n<td width=\"170\">\n<p><strong>Parque de Los Ni\u00f1os &#8211; canchas de tenis<\/strong><\/p>\n<\/td>\n<td width=\"189\">\n<p>Calle 30 calle 23 cra 25 a cra 27 calle 32 # 26 impar<\/p>\n<\/td>\n<td width=\"66\">\n<p>14Mts2<\/p>\n<\/td>\n<td width=\"85\">\n<p>\u00a0$538.118<\/p>\n<\/td>\n<\/tr>\n<tr>\n<td width=\"170\">\n<p><strong>Parque las Am\u00e9ricas<\/strong><\/p>\n<\/td>\n<td width=\"189\">\n<p>Calle 35 No. 42-14<\/p>\n<\/td>\n<td width=\"66\">\n<p>45Mts2<\/p>\n<\/td>\n<td width=\"85\">\n<p>\u00a0$2.073.849<\/p>\n<\/td>\n<\/tr>\n<tr>\n<td width=\"170\">\n<p><strong>Parque Provenza<\/strong><\/p>\n<\/td>\n<td width=\"189\">\n<p>Carrera \u00a023 #110-35<\/p>\n<\/td>\n<td width=\"66\">\n<p>12Mts2<\/p>\n<\/td>\n<td width=\"85\">\n<p>\u00a0$439.907<\/p>\n<\/td>\n<\/tr>\n<tr>\n<td width=\"170\">\n<p><strong>Parque Norte<\/strong><\/p>\n<\/td>\n<td width=\"189\">\n<p>Carrera 10 # 13N &#8211; 60<\/p>\n<\/td>\n<td width=\"66\">\n<p>38 Mts2<\/p>\n<\/td>\n<td width=\"85\">\n<p>\u00a0$523.600<\/p>\n<\/td>\n<\/tr>\n<tr>\n<td width=\"170\">\n<p><strong>parque Colorados<\/strong><\/p>\n<\/td>\n<td width=\"189\">\n<p>Carrera 23 # 56-221<\/p>\n<\/td>\n<td width=\"66\">\n<p>43 Mts2<\/p>\n<\/td>\n<td width=\"85\">\n<p>\u00a0$120.904<\/p>\n<\/td>\n<\/tr>\n<tr>\n<td width=\"170\">\n<p><strong>Parque Campo Hermoso<\/strong><\/p>\n<\/td>\n<td width=\"189\">\n<p>Carrera 1 Occidental con calle 44<\/p>\n<\/td>\n<td width=\"66\">\n<p>8Mts2<\/p>\n<\/td>\n<td width=\"85\">\n<p>\u00a0$230.009<\/p>\n<\/td>\n<\/tr>\n<tr>\n<td width=\"170\">\n<p><strong>Parque Porvenir<\/strong><\/p>\n<\/td>\n<td width=\"189\">\n<p>Calle 103 # 8a-10<\/p>\n<\/td>\n<td width=\"66\">\n<p>10 Mts2<\/p>\n<\/td>\n<td width=\"85\">\n<p>\u00a0$120.904<\/p>\n<\/td>\n<\/tr>\n<tr>\n<td width=\"170\">\n<p><strong>Cafeter\u00eda coliseo Bicentenario<\/strong><\/p>\n<\/td>\n<td width=\"189\">\n<p>calle 7 No. 30-140<\/p>\n<\/td>\n<td width=\"66\">\n<p>30 Mts2<\/p>\n<\/td>\n<td width=\"85\">\n<p>\u00a0$150.000<\/p>\n<\/td>\n<\/tr>\n<tr>\n<td width=\"170\">\n<p><strong>Parque La Victoria <\/strong><\/p>\n<\/td>\n<td width=\"189\">\n<p>Calle 67 No. 18-74<\/p>\n<\/td>\n<td width=\"66\">\n<p>13Mis2<\/p>\n<\/td>\n<td width=\"85\">\n<p>$754.127<\/p>\n<\/td>\n<\/tr>\n<\/tbody>\n<\/table>\n<p><strong>\u00a0<\/strong><\/p>\n<p style=\"text-align: justify;\">El INDERBU seleccionar\u00e1 por medio de la modalidad de Contrataci\u00f3n Directa, en atenci\u00f3n a la naturaleza y caracter\u00edstica del objeto a contratar por un valor m\u00ednimo mensual a ofrecer de acuerdo a lo indicado anteriormente, seleccionando la propuesta que ofrezca mejor precio para el INDERBU.<\/p>\n<p><strong>\u00a0<\/strong><\/p>\n<p><strong>Plazo de Contrato<\/strong><strong>: Doce Meses<\/strong><\/p>\n<p><strong>\u00a0<\/strong><\/p>\n<p>Plazo Para Presentar la Propuesta:<\/p>\n<p style=\"text-align: justify;\">La propuesta\u00a0deber\u00e1 ser presentada en f\u00edsico, en la oficina jur\u00eddica del INDERBU, calle 7 No 30-140, Coliseo Bicentenario, hasta el d\u00eda:\u00a0VEINTITRES (23) DE JUNIO DE 2023, hora: \u00a04:00 P.M., fecha y hora en que se efectuar\u00e1 el acta de cierre del proceso y se revisar\u00e1 la presentaci\u00f3n de los siguientes documentos seg\u00fan el caso:<\/p>\n<p><strong>\u00a0<\/strong><\/p>\n<ol>\n<li>Propuesta que contenga el valor claro del canon ofrecido. <em>(Descargar ANEXO 1)<\/em><\/li>\n<li>C\u00e9dula de ciudadan\u00eda.<\/li>\n<li>Resoluci\u00f3n de personer\u00eda jur\u00eddica si es persona jur\u00eddica.<\/li>\n<li>Rut de la persona jur\u00eddica o persona natural actualizado.<\/li>\n<li>c\u00e1mara de comercio si es persona jur\u00eddica, si hay lugar a ello.<\/li>\n<li>Certificado de antecedentes expedido por la procuradur\u00eda persona natural o jur\u00eddica y de su representante legal.<\/li>\n<li>Certificado de antecedentes expedido por la contralor\u00eda persona natural o jur\u00eddica y de su representante legal.<\/li>\n<li>Certificado de Medidas Correctivas de la Polic\u00eda Nacional de la persona natural o representante legal.<\/li>\n<li>Certificado judicial persona natural o representante legal.<\/li>\n<li>Carta de inhabilidades. <em>(Descargar ANEXO 2)<\/em><\/li>\n<li>Hoja de vida.<\/li>\n<\/ol>\n<p><strong>\u00a0<\/strong><\/p>\n<p><strong>Lugar donde se pueden consultar las condiciones<\/strong>:\u00a0<\/p>\n<p>Los Estudios previos podr\u00e1n ser consultados en la oficina jur\u00eddica del INDERBU, calle 7 No 30-140, Coliseo Bicentenario, o en la p\u00e1gina web del INDERBU\u00a0en la secci\u00f3n de noticias.\u00a0\u00a0<\/p>\n<p>\u00a0<\/p>\n<h3><strong>Consulte y Descargue aqu\u00ed Aviso de Convocatoria, Anexo 1 y Anexo 2<\/strong><\/h3>\n<p><a href=\"http:\/\/noticias.inderbu.gov.co\/wp-content\/uploads\/2023\/06\/AVISO-DE-CONVOCATORIA-1.pdf\">AVISO DE CONVOCATORIA (1)<\/a><\/p>\n<p><a href=\"http:\/\/noticias.inderbu.gov.co\/wp-content\/uploads\/2023\/06\/ANEXO-1-PROPUESTA.docx\">ANEXO-1-PROPUESTA<\/a><\/p>\n<p><a href=\"http:\/\/noticias.inderbu.gov.co\/wp-content\/uploads\/2023\/06\/ANEXO-2-MANIFESTACIO\u0301N-DE-INHABILIDADES-E-INCOMPATIBILIDADES.docx\">ANEXO-2-MANIFESTACIO\u0301N-DE-INHABILIDADES-E-INCOMPATIBILIDADES<\/a><\/p>\n","protected":false},"excerpt":{"rendered":"<p>Con el prop\u00f3sito de dinamizar y articular la econom\u00eda entorno al sector deportivo, desde el INDERBU ofrecemos espacios f\u00edsicos disponibles&#46;&#46;&#46;<\/p>\n","protected":false},"author":3,"featured_media":6163,"comment_status":"closed","ping_status":"closed","sticky":false,"template":"","format":"standard","meta":{"_bbp_topic_count":0,"_bbp_reply_count":0,"_bbp_total_topic_count":0,"_bbp_total_reply_count":0,"_bbp_voice_count":0,"_bbp_anonymous_reply_count":0,"_bbp_topic_count_hidden":0,"_bbp_reply_count_hidden":0,"_bbp_forum_subforum_count":0,"footnotes":""},"categories":[26,4],"tags":[80,54,132],"class_list":["post-6319","post","type-post","status-publish","format-standard","has-post-thumbnail","hentry","category-escenarios-deportivos","category-noticias","tag-administracion-escenarios-deportivos","tag-contratacion-transparente","tag-escenarios-deportivos-con-inderbu"],"_links":{"self":[{"href":"https:\/\/noticias.inderbu.gov.co\/index.php\/wp-json\/wp\/v2\/posts\/6319","targetHints":{"allow":["GET"]}}],"collection":[{"href":"https:\/\/noticias.inderbu.gov.co\/index.php\/wp-json\/wp\/v2\/posts"}],"about":[{"href":"https:\/\/noticias.inderbu.gov.co\/index.php\/wp-json\/wp\/v2\/types\/post"}],"author":[{"embeddable":true,"href":"https:\/\/noticias.inderbu.gov.co\/index.php\/wp-json\/wp\/v2\/users\/3"}],"replies":[{"embeddable":true,"href":"https:\/\/noticias.inderbu.gov.co\/index.php\/wp-json\/wp\/v2\/comments?post=6319"}],"version-history":[{"count":2,"href":"https:\/\/noticias.inderbu.gov.co\/index.php\/wp-json\/wp\/v2\/posts\/6319\/revisions"}],"predecessor-version":[{"id":7001,"href":"https:\/\/noticias.inderbu.gov.co\/index.php\/wp-json\/wp\/v2\/posts\/6319\/revisions\/7001"}],"wp:featuredmedia":[{"embeddable":true,"href":"https:\/\/noticias.inderbu.gov.co\/index.php\/wp-json\/wp\/v2\/media\/6163"}],"wp:attachment":[{"href":"https:\/\/noticias.inderbu.gov.co\/index.php\/wp-json\/wp\/v2\/media?parent=6319"}],"wp:term":[{"taxonomy":"category","embeddable":true,"href":"https:\/\/noticias.inderbu.gov.co\/index.php\/wp-json\/wp\/v2\/categories?post=6319"},{"taxonomy":"post_tag","embeddable":true,"href":"https:\/\/noticias.inderbu.gov.co\/index.php\/wp-json\/wp\/v2\/tags?post=6319"}],"curies":[{"name":"wp","href":"https:\/\/api.w.org\/{rel}","templated":true}]}}