{"id":6232,"date":"2023-03-31T12:38:24","date_gmt":"2023-03-31T17:38:24","guid":{"rendered":"http:\/\/noticias.inderbu.gov.co\/?p=6232"},"modified":"2023-03-31T12:38:26","modified_gmt":"2023-03-31T17:38:26","slug":"continuidad-de-programas-del-inderbu-en-semana-santa","status":"publish","type":"post","link":"https:\/\/noticias.inderbu.gov.co\/index.php\/2023\/03\/31\/continuidad-de-programas-del-inderbu-en-semana-santa\/","title":{"rendered":"Continuidad de programas del INDERBU en Semana Santa"},"content":{"rendered":"\n<p style=\"text-align: justify;\">El INDERBU contin\u00faa prestando sus servicios de fomento de la actividad f\u00edsica, el deporte, la recreaci\u00f3n y aprovechamiento del tiempo libre en Semana Santa, puesto que habr\u00e1 Recreov\u00eda el domingo 2 de abril y durante los d\u00edas lunes 3, martes 4 y mi\u00e9rcoles 5 de abril, continuar\u00e1 con toda su oferta program\u00e1tica en las comunidades de manera habitual.<\/p>\n<div id=\"attachment_5650\" style=\"width: 880px\" class=\"wp-caption alignnone\"><img loading=\"lazy\" decoding=\"async\" aria-describedby=\"caption-attachment-5650\" class=\"size-full wp-image-5650\" src=\"http:\/\/noticias.inderbu.gov.co\/wp-content\/uploads\/2022\/03\/FACHADA-INDERBU-e1648770200716.jpeg\" alt=\"\" width=\"870\" height=\"580\" \/><p id=\"caption-attachment-5650\" class=\"wp-caption-text\">Coliseo Bicentenario \/ Oficinas INDERBU<\/p><\/div>\n<p style=\"text-align: justify;\">Tanto las Escuelas de Formaci\u00f3n Deportivas como los grupos de Actividad F\u00edsica para la promoci\u00f3n de los h\u00e1bitos y estilos de vida saludables, continuar\u00e1n brindando sus clases y sesiones de manera habitual desde el lunes hasta el mi\u00e9rcoles de Semana Santa.<\/p>\n<p>\u00a0<\/p>\n<p>Los escenarios recreativos y deportivos tambi\u00e9n estar\u00e1n abiertos al p\u00fablico el domingo 2, lunes 3, martes 4 y mi\u00e9rcoles 5, as\u00ed como el s\u00e1bado 8 y domingo 9 de abril.<\/p>\n<p>\u00a0<\/p>\n<p><strong>Sede administrativa no funciona en Semana Santa<\/strong><\/p>\n<p>La sede administrativa del INDERBU no prestar\u00e1 servicios durante los d\u00edas h\u00e1biles de Semana Santa, a fin propiciar tiempos de recogimiento y espiritualidad en las familias, previa recuperaci\u00f3n del tiempo laboral.<\/p>\n<p>\u00a0<\/p>\n<p style=\"text-align: justify;\"><strong>Descargue aqu\u00ed resoluci\u00f3n<\/strong><\/p>\n<p><a href=\"http:\/\/noticias.inderbu.gov.co\/wp-content\/uploads\/2023\/03\/022-RES-2023-SE-MODIFICA-TEMPORALEMNTE-EL-HORARIO-LABORAL-POR-SEMANA-SANTA.pdf\">022-RES-2023- SE MODIFICA TEMPORALEMNTE EL HORARIO LABORAL POR SEMANA SANTA<\/a><\/p>\n","protected":false},"excerpt":{"rendered":"<p>El INDERBU contin\u00faa prestando sus servicios de fomento de la actividad f\u00edsica, el deporte, la recreaci\u00f3n y aprovechamiento del tiempo&#46;&#46;&#46;<\/p>\n","protected":false},"author":3,"featured_media":5650,"comment_status":"closed","ping_status":"closed","sticky":false,"template":"","format":"standard","meta":{"_bbp_topic_count":0,"_bbp_reply_count":0,"_bbp_total_topic_count":0,"_bbp_total_reply_count":0,"_bbp_voice_count":0,"_bbp_anonymous_reply_count":0,"_bbp_topic_count_hidden":0,"_bbp_reply_count_hidden":0,"_bbp_forum_subforum_count":0,"footnotes":""},"categories":[6,5,114,4],"tags":[],"class_list":["post-6232","post","type-post","status-publish","format-standard","has-post-thumbnail","hentry","category-actifisica","category-formaciond","category-gobernar-es-hacer","category-noticias"],"_links":{"self":[{"href":"https:\/\/noticias.inderbu.gov.co\/index.php\/wp-json\/wp\/v2\/posts\/6232","targetHints":{"allow":["GET"]}}],"collection":[{"href":"https:\/\/noticias.inderbu.gov.co\/index.php\/wp-json\/wp\/v2\/posts"}],"about":[{"href":"https:\/\/noticias.inderbu.gov.co\/index.php\/wp-json\/wp\/v2\/types\/post"}],"author":[{"embeddable":true,"href":"https:\/\/noticias.inderbu.gov.co\/index.php\/wp-json\/wp\/v2\/users\/3"}],"replies":[{"embeddable":true,"href":"https:\/\/noticias.inderbu.gov.co\/index.php\/wp-json\/wp\/v2\/comments?post=6232"}],"version-history":[{"count":1,"href":"https:\/\/noticias.inderbu.gov.co\/index.php\/wp-json\/wp\/v2\/posts\/6232\/revisions"}],"predecessor-version":[{"id":6234,"href":"https:\/\/noticias.inderbu.gov.co\/index.php\/wp-json\/wp\/v2\/posts\/6232\/revisions\/6234"}],"wp:featuredmedia":[{"embeddable":true,"href":"https:\/\/noticias.inderbu.gov.co\/index.php\/wp-json\/wp\/v2\/media\/5650"}],"wp:attachment":[{"href":"https:\/\/noticias.inderbu.gov.co\/index.php\/wp-json\/wp\/v2\/media?parent=6232"}],"wp:term":[{"taxonomy":"category","embeddable":true,"href":"https:\/\/noticias.inderbu.gov.co\/index.php\/wp-json\/wp\/v2\/categories?post=6232"},{"taxonomy":"post_tag","embeddable":true,"href":"https:\/\/noticias.inderbu.gov.co\/index.php\/wp-json\/wp\/v2\/tags?post=6232"}],"curies":[{"name":"wp","href":"https:\/\/api.w.org\/{rel}","templated":true}]}}