{"id":6096,"date":"2023-02-06T18:24:39","date_gmt":"2023-02-06T23:24:39","guid":{"rendered":"http:\/\/noticias.inderbu.gov.co\/?p=6096"},"modified":"2023-02-07T16:20:51","modified_gmt":"2023-02-07T21:20:51","slug":"bucaramanga-vibro-con-los-nacionales-de-ruta-2023-y-se-consolido-como-ciudad-de-eventos-deportivos","status":"publish","type":"post","link":"https:\/\/noticias.inderbu.gov.co\/index.php\/2023\/02\/06\/bucaramanga-vibro-con-los-nacionales-de-ruta-2023-y-se-consolido-como-ciudad-de-eventos-deportivos\/","title":{"rendered":"Bucaramanga vibr\u00f3 con los Nacionales de Ruta 2023 y se consolid\u00f3 como ciudad de eventos deportivos"},"content":{"rendered":"\n<p style=\"text-align: justify;\">Bucaramanga sigue de moda a nivel nacional con los eventos deportivos de gran altura y calidad.\u00a0 Del 2 al 5 de febrero se realiz\u00f3 satisfactoriamente el Campeonato Nacional de Ciclismo Ruta 2023, con la presencia de grandes figuras de reconocimiento internacional.\u00a0<\/p>\n<div id=\"attachment_6097\" style=\"width: 881px\" class=\"wp-caption alignnone\"><img loading=\"lazy\" decoding=\"async\" aria-describedby=\"caption-attachment-6097\" class=\"size-full wp-image-6097\" src=\"http:\/\/noticias.inderbu.gov.co\/wp-content\/uploads\/2023\/02\/nairo-e1675725516914.jpeg\" alt=\"\" width=\"871\" height=\"582\" \/><p id=\"caption-attachment-6097\" class=\"wp-caption-text\">Nacionales de Ruta 2023 en Bucaramanga<\/p><\/div>\n<p style=\"text-align: justify;\">Los bumangueses se volcaron a las v\u00edas para aplaudir y animar a los ciclistas, 423 en total, entre los que se destacan por los varones, grandes deportistas como Nairo Quintana, Miguel \u00c1ngel L\u00f3pez y Estevan Chaves, Daniel Felipe Mart\u00ednez y Jes\u00fas David Pe\u00f1a, entre otros. \u00a0De igual manera por las damas, las m\u00e1s reconocidas como Diana Carolina Pe\u00f1uela, \u00a0Lina Hern\u00e1ndez, Ana Cristina Sanabria y Paula Pati\u00f1o, entre otras grandes deportistas.<\/p>\n<p style=\"text-align: justify;\">\u00a0<\/p>\n<p style=\"text-align: justify;\">Las emociones se apoderaron de los espectadores del \u00e1rea metropolitana, puesto que los recorridos incluyeron los municipios de Bucaramanga, Floridablanca y Gir\u00f3n.\u00a0 El sitio de salida y meta fue la entrada al emblem\u00e1tico Estadio Departamental Alfonso L\u00f3pez, donde se llevaron a cabo las ceremonias de premiaci\u00f3n con multitudinarias asistencias de los amantes y seguidores del ciclismo.<\/p>\n<p style=\"text-align: justify;\">\u00a0<\/p>\n<p style=\"text-align: justify;\">Bucaramanga se engalan\u00f3 durante 4 d\u00edas seguidos con un espect\u00e1culo deportivo maravilloso sin igual, que despert\u00f3 los mejores sentimientos en sus habitantes con la emoci\u00f3n y el cari\u00f1o por el ciclismo.\u00a0<\/p>\n<div id=\"attachment_6098\" style=\"width: 881px\" class=\"wp-caption alignnone\"><img loading=\"lazy\" decoding=\"async\" aria-describedby=\"caption-attachment-6098\" class=\"size-full wp-image-6098\" src=\"http:\/\/noticias.inderbu.gov.co\/wp-content\/uploads\/2023\/02\/publico-e1675725594163.jpeg\" alt=\"\" width=\"871\" height=\"582\" \/><p id=\"caption-attachment-6098\" class=\"wp-caption-text\">Nacionales de Ruta 2023 en Bucaramanga<\/p><\/div>\n<p style=\"text-align: justify;\">La Capital Santandereana le cumpli\u00f3 a los colombianos con un evento de altura y gran organizaci\u00f3n, que present\u00f3 un aumento del 15% en la ocupaci\u00f3n hotelera, gracias a la visita de nacionales y extranjeros que viajaron a nuestra ciudad, articulando diferentes sectores econ\u00f3micos.<\/p>\n<div id=\"attachment_6099\" style=\"width: 881px\" class=\"wp-caption alignnone\"><img loading=\"lazy\" decoding=\"async\" aria-describedby=\"caption-attachment-6099\" class=\"size-full wp-image-6099\" src=\"http:\/\/noticias.inderbu.gov.co\/wp-content\/uploads\/2023\/02\/alcalde-e1675725722288.jpeg\" alt=\"\" width=\"871\" height=\"581\" \/><p id=\"caption-attachment-6099\" class=\"wp-caption-text\">Nacionales de Ruta 2023 en Bucaramanga<\/p><\/div>\n<p style=\"text-align: justify;\">La Federaci\u00f3n Colombiana de Ciclismo y el INDERBU aunaron esfuerzos para regalarle a los bumangueses en Campeonato Nacional de Ciclismo Ruta que hac\u00eda cerca de 30 a\u00f1os no ten\u00eda lugar en la ciudad, que al final de cuentas fue la gran ganadora.<\/p>\n<p>\u00a0<\/p>\n<h2><strong>Resultados deportivos<\/strong><\/h2>\n<p>Pruebas de Contrareloj individual<\/p>\n<p>2 de febrero<\/p>\n<p>\u00a0<\/p>\n<p>Podio CRI Damas Sub-23 #NacionalesRuta2023<\/p>\n<table>\n<tbody>\n<tr>\n<td width=\"94\">\n<p>MEDALLA<\/p>\n<\/td>\n<td width=\"494\">\n<p>DEPORTISTA<\/p>\n<\/td>\n<\/tr>\n<tr>\n<td width=\"94\">\n<p>Oro<\/p>\n<\/td>\n<td width=\"494\">\n<p>Gabriela L\u00f3pez (@Mujeres Antioquia &#8211; Orgullo Paisa) &#8211; 41:20<\/p>\n<\/td>\n<\/tr>\n<tr>\n<td width=\"94\">\n<p>Plata<\/p>\n<\/td>\n<td width=\"494\">\n<p>Laura Rojas (Team Boyaca Avanza) &#8211; 41:37<\/p>\n<\/td>\n<\/tr>\n<tr>\n<td width=\"94\">\n<p>Bronce<\/p>\n<\/td>\n<td width=\"494\">\n<p>Carolina Vargas (Eneicat &#8211; CM Team) &#8211; 41:55<\/p>\n<\/td>\n<\/tr>\n<\/tbody>\n<\/table>\n<p>\u00a0<\/p>\n<p>Podio CRI Damas \u00c9lite #NacionalesRuta2023 (26.5km)<\/p>\n<table>\n<tbody>\n<tr>\n<td width=\"94\">\n<p>MEDALLA<\/p>\n<\/td>\n<td width=\"494\">\n<p>DEPORTISTA<\/p>\n<\/td>\n<\/tr>\n<tr>\n<td width=\"94\">\n<p>Oro<\/p>\n<\/td>\n<td width=\"494\">\n<p>Lina Marcela Hern\u00e1ndez (Pacto por el Deporte) &#8211; 39:33<\/p>\n<\/td>\n<\/tr>\n<tr>\n<td width=\"94\">\n<p>Plata<\/p>\n<\/td>\n<td width=\"494\">\n<p>Diana Pe\u00f1uela (@DNA Pro Cycling) &#8211; 39:49<\/p>\n<\/td>\n<\/tr>\n<tr>\n<td width=\"94\">\n<p>Bronce<\/p>\n<\/td>\n<td width=\"494\">\n<p>Ana Cristina Sanabria (Liga de Santander) &#8211; 40:11<\/p>\n<\/td>\n<\/tr>\n<\/tbody>\n<\/table>\n<p>\u00a0<\/p>\n<p>Podio CRI Hombres Sub-23 #NacionalesRuta2023 (35.9km)<\/p>\n<table>\n<tbody>\n<tr>\n<td width=\"94\">\n<p>MEDALLA<\/p>\n<\/td>\n<td width=\"494\">\n<p>DEPORTISTA<\/p>\n<\/td>\n<\/tr>\n<tr>\n<td width=\"94\">\n<p>Oro<\/p>\n<\/td>\n<td width=\"494\">\n<p>Germ\u00e1n Dario G\u00f3mez (GW Shimano Sidermec) &#8211; 48:03<\/p>\n<\/td>\n<\/tr>\n<tr>\n<td width=\"94\">\n<p>Plata<\/p>\n<\/td>\n<td width=\"494\">\n<p>Elkin Malaver (Bierzo Laciaa) &#8211; 48:38<\/p>\n<\/td>\n<\/tr>\n<tr>\n<td width=\"94\">\n<p>Bronce<\/p>\n<\/td>\n<td width=\"494\">\n<p>Juan Jos\u00e9 L\u00f3pez (Avinal) &#8211; 48:41<\/p>\n<\/td>\n<\/tr>\n<\/tbody>\n<\/table>\n<p>\u00a0<\/p>\n<p>\u00a0<\/p>\n<p>Podio CRI Hombres \u00c9lite (43.5 Km) #NacionalesRuta2023<\/p>\n<table>\n<tbody>\n<tr>\n<td width=\"94\">\n<p>MEDALLA<\/p>\n<\/td>\n<td width=\"494\">\n<p>DEPORTISTA<\/p>\n<\/td>\n<\/tr>\n<tr>\n<td width=\"94\">\n<p>Oro<\/p>\n<\/td>\n<td width=\"494\">\n<p>Miguel \u00c1ngel L\u00f3pez (Team Medellin) &#8211; 52:59<\/p>\n<\/td>\n<\/tr>\n<tr>\n<td width=\"94\">\n<p>Plata<\/p>\n<\/td>\n<td width=\"494\">\n<p>Walter Vargas (Team Medellin) &#8211; 54:11<\/p>\n<\/td>\n<\/tr>\n<tr>\n<td width=\"94\">\n<p>Bronce<\/p>\n<\/td>\n<td width=\"494\">\n<p>Rodrigo Contreras (Pacto por el Deporte) &#8211; 55:07<\/p>\n<\/td>\n<\/tr>\n<\/tbody>\n<\/table>\n<p>\u00a0<\/p>\n<p>\u00a0<\/p>\n<p><strong>Ruta damas \u00e9lite y sub 23<\/strong><\/p>\n<p><strong>3 de febrero<\/strong><\/p>\n<p>Podio Prueba de Fondo Sub-23 #NacionalesRuta2023<\/p>\n<table>\n<tbody>\n<tr>\n<td width=\"94\">\n<p>MEDALLA<\/p>\n<\/td>\n<td width=\"494\">\n<p>DEPORTISTA<\/p>\n<\/td>\n<\/tr>\n<tr>\n<td width=\"94\">\n<p>Oro<\/p>\n<\/td>\n<td width=\"494\">\n<p>Stefan\u00eda S\u00e1nchez (Einecat &#8211; CM Team) 3:26:54<\/p>\n<\/td>\n<\/tr>\n<tr>\n<td width=\"94\">\n<p>Plata<\/p>\n<\/td>\n<td width=\"494\">\n<p>Elvia C\u00e1rdenas (Liga de Bogot\u00e1) m.t.<\/p>\n<\/td>\n<\/tr>\n<tr>\n<td width=\"94\">\n<p>Bronce<\/p>\n<\/td>\n<td width=\"494\">\n<p>Sara Juliana Moreno (Pacto por el Deporte) + 9 seg<\/p>\n<\/td>\n<\/tr>\n<\/tbody>\n<\/table>\n<p>\u00a0<\/p>\n<p>Podio Prueba de Fondo \u00c9lite<\/p>\n<table>\n<tbody>\n<tr>\n<td width=\"94\">\n<p>MEDALLA<\/p>\n<\/td>\n<td width=\"494\">\n<p>DEPORTISTA<\/p>\n<\/td>\n<\/tr>\n<tr>\n<td width=\"94\">\n<p>Oro<\/p>\n<\/td>\n<td width=\"494\">\n<p>Diana Pe\u00f1uela (DNA Pro Cycling) 3:26:51<\/p>\n<\/td>\n<\/tr>\n<tr>\n<td width=\"94\">\n<p>Plata<\/p>\n<\/td>\n<td width=\"494\">\n<p>Paula Pati\u00f1o (Movistar Team) m.t.<\/p>\n<\/td>\n<\/tr>\n<tr>\n<td width=\"94\">\n<p>Bronce<\/p>\n<\/td>\n<td width=\"494\">\n<p>Lina Mabel Rojas (Team Sistecr\u00e9dito) + 3 seg<\/p>\n<\/td>\n<\/tr>\n<\/tbody>\n<\/table>\n<p>\u00a0<\/p>\n<p><strong>4 de febrero Ruta hombre categor\u00eda sub 23<\/strong><\/p>\n<p>PODIO HOMBRES SUB-23 \ud83d\udeb4\ud83c\udffc\u200d\u2642\ufe0f #NacionalesRuta2023<\/p>\n<p>\u00a0<\/p>\n<p>En menos de 2 a\u00f1os que lleva como ciclista profesional el risaraldense Kevin Castillo (Team Sistecredito) se convirti\u00f3 en campe\u00f3n nacional.<\/p>\n<table>\n<tbody>\n<tr>\n<td width=\"94\">\n<p>MEDALLA<\/p>\n<\/td>\n<td width=\"494\">\n<p>DEPORTISTA<\/p>\n<\/td>\n<\/tr>\n<tr>\n<td width=\"94\">\n<p>Oro<\/p>\n<\/td>\n<td width=\"494\">\n<p>Kevin Castillo (Team Sistecr\u00e9dito) 4:11:14<\/p>\n<\/td>\n<\/tr>\n<tr>\n<td width=\"94\">\n<p>Plata<\/p>\n<\/td>\n<td width=\"494\">\n<p>Andr\u00e9s Mancipe (GW Shimano Sidermec) + 30 seg.<\/p>\n<\/td>\n<\/tr>\n<tr>\n<td width=\"94\">\n<p>Bronce<\/p>\n<\/td>\n<td width=\"494\">\n<p>Edwin Pati\u00f1o (Team Ingenier\u00eda de V\u00edas) + 34 seg.<\/p>\n<\/td>\n<\/tr>\n<\/tbody>\n<\/table>\n<p>\u00a0<\/p>\n<p><strong>5 de febrero Ruta hombres \u00c9lite<\/strong><\/p>\n<p>PODIO RUTA HOMBRES \u00c9LITE \ud83d\udeb4\ud83c\udffc\u200d\u2642\ufe0f<\/p>\n<p>\u00a0<\/p>\n<p>Con un tiempo de 5 horas 13 minutos y 18 segundos, el bogotano Esteban Chaves de EF Educaci\u00f3n Easypost se coron\u00f3 como el nuevo campe\u00f3n nacional de ruta en los #NacionalesRuta2023<\/p>\n<table>\n<tbody>\n<tr>\n<td width=\"94\">\n<p>MEDALLA<\/p>\n<\/td>\n<td width=\"494\">\n<p>DEPORTISTA<\/p>\n<\/td>\n<\/tr>\n<tr>\n<td width=\"94\">\n<p>Oro<\/p>\n<\/td>\n<td width=\"494\">\n<p>Esteban Chaves (EF Education Easypost) 5:13:18<\/p>\n<\/td>\n<\/tr>\n<tr>\n<td width=\"94\">\n<p>Plata<\/p>\n<\/td>\n<td width=\"494\">\n<p>Daniel Mart\u00ednez (Ineos Grenadiers) + 32 seg<\/p>\n<\/td>\n<\/tr>\n<tr>\n<td width=\"94\">\n<p>Bronce<\/p>\n<\/td>\n<td width=\"494\">\n<p>Nairo Quintana (Boyac\u00e1 Seguimiento Selecci\u00f3n Colombia) m.t.<\/p>\n<\/td>\n<\/tr>\n<\/tbody>\n<\/table>\n<p>\u00a0<\/p>\n<p>\u00a0<\/p>\n","protected":false},"excerpt":{"rendered":"<p>Bucaramanga sigue de moda a nivel nacional con los eventos deportivos de gran altura y calidad.\u00a0 Del 2 al 5&#46;&#46;&#46;<\/p>\n","protected":false},"author":3,"featured_media":6115,"comment_status":"closed","ping_status":"closed","sticky":false,"template":"","format":"standard","meta":{"_bbp_topic_count":0,"_bbp_reply_count":0,"_bbp_total_topic_count":0,"_bbp_total_reply_count":0,"_bbp_voice_count":0,"_bbp_anonymous_reply_count":0,"_bbp_topic_count_hidden":0,"_bbp_reply_count_hidden":0,"_bbp_forum_subforum_count":0,"footnotes":""},"categories":[27,4],"tags":[28],"class_list":["post-6096","post","type-post","status-publish","format-standard","has-post-thumbnail","hentry","category-apoyo-al-deporte-asociado","category-noticias","tag-apoyo-al-deporte-asociado"],"_links":{"self":[{"href":"https:\/\/noticias.inderbu.gov.co\/index.php\/wp-json\/wp\/v2\/posts\/6096","targetHints":{"allow":["GET"]}}],"collection":[{"href":"https:\/\/noticias.inderbu.gov.co\/index.php\/wp-json\/wp\/v2\/posts"}],"about":[{"href":"https:\/\/noticias.inderbu.gov.co\/index.php\/wp-json\/wp\/v2\/types\/post"}],"author":[{"embeddable":true,"href":"https:\/\/noticias.inderbu.gov.co\/index.php\/wp-json\/wp\/v2\/users\/3"}],"replies":[{"embeddable":true,"href":"https:\/\/noticias.inderbu.gov.co\/index.php\/wp-json\/wp\/v2\/comments?post=6096"}],"version-history":[{"count":3,"href":"https:\/\/noticias.inderbu.gov.co\/index.php\/wp-json\/wp\/v2\/posts\/6096\/revisions"}],"predecessor-version":[{"id":6103,"href":"https:\/\/noticias.inderbu.gov.co\/index.php\/wp-json\/wp\/v2\/posts\/6096\/revisions\/6103"}],"wp:featuredmedia":[{"embeddable":true,"href":"https:\/\/noticias.inderbu.gov.co\/index.php\/wp-json\/wp\/v2\/media\/6115"}],"wp:attachment":[{"href":"https:\/\/noticias.inderbu.gov.co\/index.php\/wp-json\/wp\/v2\/media?parent=6096"}],"wp:term":[{"taxonomy":"category","embeddable":true,"href":"https:\/\/noticias.inderbu.gov.co\/index.php\/wp-json\/wp\/v2\/categories?post=6096"},{"taxonomy":"post_tag","embeddable":true,"href":"https:\/\/noticias.inderbu.gov.co\/index.php\/wp-json\/wp\/v2\/tags?post=6096"}],"curies":[{"name":"wp","href":"https:\/\/api.w.org\/{rel}","templated":true}]}}