{"id":6056,"date":"2022-12-05T16:33:54","date_gmt":"2022-12-05T21:33:54","guid":{"rendered":"http:\/\/noticias.inderbu.gov.co\/?p=6056"},"modified":"2022-12-05T16:41:18","modified_gmt":"2022-12-05T21:41:18","slug":"aviso-de-convocatoria-arriendo-de-espacios-para-cafeterias-en-escenarios-deportivos-y-recreativos-del-inderbu-2","status":"publish","type":"post","link":"https:\/\/noticias.inderbu.gov.co\/index.php\/2022\/12\/05\/aviso-de-convocatoria-arriendo-de-espacios-para-cafeterias-en-escenarios-deportivos-y-recreativos-del-inderbu-2\/","title":{"rendered":"Aviso de convocatoria arriendo de espacios para cafeter\u00edas en escenarios deportivos y recreativos del INDERBU"},"content":{"rendered":"\n<p>Se articula y dinamiza el deporte en la capital santandereana, por ello, desde el INDERBU ofrecemos espacios disponibles en escenarios deportivos y recreativos, que permiten la implementaci\u00f3n de cafeter\u00edas o tiendas deportivas.<\/p>\n<div id=\"attachment_5650\" style=\"width: 880px\" class=\"wp-caption alignnone\"><img loading=\"lazy\" decoding=\"async\" aria-describedby=\"caption-attachment-5650\" class=\"size-full wp-image-5650\" src=\"http:\/\/noticias.inderbu.gov.co\/wp-content\/uploads\/2022\/03\/FACHADA-INDERBU-e1648770200716.jpeg\" alt=\"\" width=\"870\" height=\"580\" \/><p id=\"caption-attachment-5650\" class=\"wp-caption-text\">Coliseo Bicentenario \/ Oficinas INDERBU<\/p><\/div>\n<p>El Instituto de la Juventud, el Deporte y la Recreaci\u00f3n de Bucaramanga \u201cINDERBU\u201d, convoca a todos los interesados a presentar propuestas para el arrendamiento del siguiente espacio f\u00edsico apto para cafeter\u00eda:<\/p>\n<p>\u00a0<\/p>\n<table>\n<tbody>\n<tr>\n<td colspan=\"4\" width=\"98%\">\n<p><strong>TARIFAS ARRIENDO CAFETER\u00cdAS<\/strong><\/p>\n<\/td>\n<\/tr>\n<tr>\n<td width=\"36%\">\n<p><strong>LUGAR<\/strong><\/p>\n<\/td>\n<td width=\"35%\">\n<p><strong>DIRECCI\u00d3N<\/strong><\/p>\n<\/td>\n<td width=\"10%\">\n<p><strong>\u00c1REA<\/strong><\/p>\n<\/td>\n<td width=\"16%\">\n<p><strong>VALOR CANON IVA INCLUIDO<\/strong><\/p>\n<\/td>\n<\/tr>\n<tr>\n<td width=\"36%\">\n<p><strong>Unidad Deportiva Alfonso L\u00f3pez \u2013 Coliseo Bicentenario<\/strong><\/p>\n<\/td>\n<td width=\"35%\">\n<p>Calle 10 #30-140 Alfonso L\u00f3pez<\/p>\n<\/td>\n<td width=\"10%\">\n<p>\u00a030 Mts2<\/p>\n<\/td>\n<td width=\"16%\">\n<p>\u00a0$\u00a0 \u00a0130.000<\/p>\n<\/td>\n<\/tr>\n<\/tbody>\n<\/table>\n<p>\u00a0<\/p>\n<p>\u00a0<\/p>\n<p>El INDERBU seleccionar\u00e1 por medio de la modalidad de Contrataci\u00f3n Directa, en atenci\u00f3n a la naturaleza y caracter\u00edstica del objeto a contratar por un valor m\u00ednimo mensual a ofrecer de acuerdo a lo indicado anteriormente, seleccionando la propuesta que ofrezca mejor precio para el INDERBU.<\/p>\n<p><strong>\u00a0<\/strong><\/p>\n<p><strong>PLAZO DE CONTRATO: DOCE (12) MESES<\/strong><\/p>\n<p>PLAZO PARA PRESENTAR LA PROPUESTA: La propuesta\u00a0deber\u00e1 ser presentada en f\u00edsico, en la oficina jur\u00eddica del INDERBU, calle 7 No 30-140, Coliseo Bicentenario, hasta el d\u00eda:\u00a0SEIS (6) DE DICIEMBRE DE 2022, hora: \u00a04:00 P.M., fecha y hora en que se efectuar\u00e1 el acta de cierre del proceso y se revisar\u00e1 la presentaci\u00f3n de los siguientes documentos seg\u00fan el caso:<\/p>\n<p><strong>\u00a0<\/strong><\/p>\n<ol>\n<li>Propuesta que contenga el valor claro del canon ofrecido. <em>(Descargar ANEXO 1)<\/em><\/li>\n<li>C\u00e9dula de ciudadan\u00eda.<\/li>\n<li>Resoluci\u00f3n de personer\u00eda jur\u00eddica si es persona jur\u00eddica.<\/li>\n<li>Rut de la persona jur\u00eddica o persona natural actualizado.<\/li>\n<li>Resoluci\u00f3n de dignatarios vigente o c\u00e1mara de comercio si es persona jur\u00eddica, si hay lugar a ello.<\/li>\n<li>Certificado de antecedentes expedido por la procuradur\u00eda persona natural o jur\u00eddica y de su representante legal.<\/li>\n<li>Certificado de antecedentes expedido por la contralor\u00eda persona natural o jur\u00eddica y de su representante legal.<\/li>\n<li>Certificado de Medidas Correctivas de la Polic\u00eda Nacional de la persona natural o representante legal.<\/li>\n<li>Certificado judicial persona natural o representante legal.<\/li>\n<li>Carta de inhabilidades. <em>(Descargar ANEXO 2)<\/em><\/li>\n<li>Hoja de vida.<strong>\u00a0<\/strong><\/li>\n<\/ol>\n<p>\u00a0<\/p>\n<p>LUGAR DONDE SE PUEDEN CONSULTAR LAS CONDICIONES:\u00a0<\/p>\n<p>Los Estudios previos podr\u00e1n ser consultados en la oficina jur\u00eddica del INDERBU, calle 7 No 30-140, Coliseo Bicentenario, tambi\u00e9n procedemos a publicar dicha convocatoria en la p\u00e1gina web del INDERBU en la secci\u00f3n de noticias.\u00a0\u00a0<\/p>\n<p>\u00a0<\/p>\n<p><strong>Descargue aqu\u00ed AVISO DE CONVOCATORIA Y ANEXOS<\/strong><\/p>\n<p><a href=\"http:\/\/noticias.inderbu.gov.co\/wp-content\/uploads\/2022\/12\/PROPUESTA.pdf\">PROPUESTA AVISO CONVOCATORIA<\/a><\/p>\n<p><a href=\"http:\/\/noticias.inderbu.gov.co\/wp-content\/uploads\/2022\/09\/ANEXO-1-PROPUESTA.docx\">ANEXO 1 PROPUESTA<\/a><\/p>\n<p><a href=\"http:\/\/noticias.inderbu.gov.co\/wp-content\/uploads\/2022\/09\/ANEXO-2-MANIFESTACIO\u0301N-DE-INHABILIDADES-E-INCOMPATIBILIDADES.docx\">ANEXO 2 MANIFESTACIO\u0301N DE INHABILIDADES E INCOMPATIBILIDADES<\/a><\/p>\n","protected":false},"excerpt":{"rendered":"<p>Se articula y dinamiza el deporte en la capital santandereana, por ello, desde el INDERBU ofrecemos espacios disponibles en escenarios&#46;&#46;&#46;<\/p>\n","protected":false},"author":3,"featured_media":5650,"comment_status":"closed","ping_status":"closed","sticky":false,"template":"","format":"standard","meta":{"_bbp_topic_count":0,"_bbp_reply_count":0,"_bbp_total_topic_count":0,"_bbp_total_reply_count":0,"_bbp_voice_count":0,"_bbp_anonymous_reply_count":0,"_bbp_topic_count_hidden":0,"_bbp_reply_count_hidden":0,"_bbp_forum_subforum_count":0,"footnotes":""},"categories":[18,4],"tags":[54,133],"class_list":["post-6056","post","type-post","status-publish","format-standard","has-post-thumbnail","hentry","category-contratacion","category-noticias","tag-contratacion-transparente","tag-escenarios-dignos-y-eficientes"],"_links":{"self":[{"href":"https:\/\/noticias.inderbu.gov.co\/index.php\/wp-json\/wp\/v2\/posts\/6056","targetHints":{"allow":["GET"]}}],"collection":[{"href":"https:\/\/noticias.inderbu.gov.co\/index.php\/wp-json\/wp\/v2\/posts"}],"about":[{"href":"https:\/\/noticias.inderbu.gov.co\/index.php\/wp-json\/wp\/v2\/types\/post"}],"author":[{"embeddable":true,"href":"https:\/\/noticias.inderbu.gov.co\/index.php\/wp-json\/wp\/v2\/users\/3"}],"replies":[{"embeddable":true,"href":"https:\/\/noticias.inderbu.gov.co\/index.php\/wp-json\/wp\/v2\/comments?post=6056"}],"version-history":[{"count":3,"href":"https:\/\/noticias.inderbu.gov.co\/index.php\/wp-json\/wp\/v2\/posts\/6056\/revisions"}],"predecessor-version":[{"id":6250,"href":"https:\/\/noticias.inderbu.gov.co\/index.php\/wp-json\/wp\/v2\/posts\/6056\/revisions\/6250"}],"wp:featuredmedia":[{"embeddable":true,"href":"https:\/\/noticias.inderbu.gov.co\/index.php\/wp-json\/wp\/v2\/media\/5650"}],"wp:attachment":[{"href":"https:\/\/noticias.inderbu.gov.co\/index.php\/wp-json\/wp\/v2\/media?parent=6056"}],"wp:term":[{"taxonomy":"category","embeddable":true,"href":"https:\/\/noticias.inderbu.gov.co\/index.php\/wp-json\/wp\/v2\/categories?post=6056"},{"taxonomy":"post_tag","embeddable":true,"href":"https:\/\/noticias.inderbu.gov.co\/index.php\/wp-json\/wp\/v2\/tags?post=6056"}],"curies":[{"name":"wp","href":"https:\/\/api.w.org\/{rel}","templated":true}]}}