{"id":6048,"date":"2022-12-01T13:05:27","date_gmt":"2022-12-01T18:05:27","guid":{"rendered":"http:\/\/noticias.inderbu.gov.co\/?p=6048"},"modified":"2022-12-01T15:11:24","modified_gmt":"2022-12-01T20:11:24","slug":"satisfactorio-lanzamiento-de-la-carrera-de-la-ciudad-bonita","status":"publish","type":"post","link":"https:\/\/noticias.inderbu.gov.co\/index.php\/2022\/12\/01\/satisfactorio-lanzamiento-de-la-carrera-de-la-ciudad-bonita\/","title":{"rendered":"Satisfactorio lanzamiento de la carrera de la Ciudad Bonita"},"content":{"rendered":"\n<p>El domingo 11 de diciembre se realizar\u00e1 en Bucaramanga la Carrera de la Ciudad Bonita, evento atl\u00e9tico institucional mediante Acuerdo Municipal 007 del 29 de abril que engalanar\u00e1 cada a\u00f1o las calles de la ciudad abarrotodas de deportistas.<\/p>\n<div id=\"attachment_6049\" style=\"width: 881px\" class=\"wp-caption alignnone\"><img loading=\"lazy\" decoding=\"async\" aria-describedby=\"caption-attachment-6049\" class=\"size-full wp-image-6049\" src=\"http:\/\/noticias.inderbu.gov.co\/wp-content\/uploads\/2022\/12\/LANZAMIENTO-CARRERA-e1669917614851.jpeg\" alt=\"\" width=\"871\" height=\"581\" \/><p id=\"caption-attachment-6049\" class=\"wp-caption-text\">Satisfactorio lanzamiento de la carrera de la Ciudad Bonita<\/p><\/div>\n<p>Con la participaci\u00f3n de reconocidos atletas, periodistas y patrocinadores, la jefe de Gobernanza de la alcald\u00eda de Bucaramanga, Sarahay Rojas Tellez; junto con el director del INDERBU, Pedro Alonso Ballesteros Miranda; el presidente de la liga Santandereana de atletismo, Juan Gabriel Henao y el concejal autor de la Acuerdo Luis Eduardo \u00c1vila, se realiz\u00f3 el lanzamiento de la carrera de la Ciudad Bonita.<\/p>\n<p style=\"text-align: justify;\">Los atletas Stephanie L\u00f3pez, campeona Suramericana en obst\u00e1culos intercolegiados, ahora vinculada con la liga de Boyac\u00e1 y Jean Helvert R\u00edos Escobar, triatleta que viene de competir el mundial Ironman 70.3 en St George, Estados Unidos; expresaron su entusiasmo en participar en la Carrera de la Ciudad Bonita e invitaron a inscribirse a la comunidad en general aprovechando la variedad de categor\u00edas.<\/p>\n<p>En los 400 a\u00f1os de Bucaramanga, continuamos organizando eventos deportivos, recreativos y culturales de gran trascendencia para todos los ciudadanos, como lo es este gran evento atl\u00e9tico institucional que brindar\u00e1 la oportunidad de participaci\u00f3n a ni\u00f1os, j\u00f3venes, adultos, poblaci\u00f3n con discapacidad, as\u00ed como grandes atletas locales, departamentales, nacionales e internacionales.<\/p>\n<p>\u00a0<\/p>\n<p><strong>Inscr\u00edbete, corre y deja tu huella en Bucaramanga:<\/strong><\/p>\n<p>La invitaci\u00f3n es para todos los bumangueses a que se inscriban en la p\u00e1gina oficial:<\/p>\n<p><a href=\"https:\/\/n9.cl\/yg2aj\">https:\/\/n9.cl\/yg2aj<\/a><\/p>\n<p>\u00a0<\/p>\n<p style=\"text-align: justify;\"><strong>Distancias y Categor\u00edas Carrera de la Ciudad Bonita<\/strong>:<\/p>\n<p style=\"text-align: justify;\">La carrera de la Ciudad Bonita permitir\u00e1 la competencia en las distancias 21K, 10K y 5K para las categor\u00edas Abiertas, veteranos, juvenil y sillas de ruedas; adem\u00e1s de \u00bd Milla para discapacidades intelectual y visuales, y las categor\u00edas Homiguitas con \u00bc \u00a0y \u00bd Milla.<\/p>\n<p style=\"text-align: justify;\"><img loading=\"lazy\" decoding=\"async\" class=\"alignnone size-full wp-image-6050\" src=\"http:\/\/noticias.inderbu.gov.co\/wp-content\/uploads\/2022\/12\/inscripciones-pieza-e1669917785543.png\" alt=\"\" width=\"871\" height=\"490\" \/><\/p>\n<p style=\"text-align: justify;\">La carrera de la Ciudad Bonita est\u00e1 comprometida con el deporte, la recreaci\u00f3n y la cultura, por ello con sus trayectos se le rinde un tributo a los lugares emblem\u00e1ticos de la capital santandereana, iniciando y finalizando en el estadio de atletismo Luis Enrique Figueroa Rey de la Flora.<\/p>\n<p>\u00a0<\/p>\n<blockquote>\n<p style=\"text-align: justify;\">Ante todo, con nuestra carrera oficial de la Ciudad Bonita, buscamos afianzar un evento institucional de reconocimiento nacional que propicie el aprovechamiento del tiempo libre en un espacio para los atletas, amigos, familiares, compa\u00f1eros de trabajo o estudio, que pueden inscribirse y dejar huella en Bucaramanga, para luchar contra el sedentarismo y fomentar h\u00e1bitos y estilos de vida saludables\u201d. <strong><em>Pedro Alonso Ballesteros Miranda, Director General INDERBU<\/em><\/strong><\/p>\n<\/blockquote>\n<p style=\"text-align: justify;\">\u00a0<\/p>\n<p style=\"text-align: justify;\">Aunamos esfuerzos, entre la Alcald\u00eda de Bucaramanga y la empresa privada para que Bucaramanga se merezca un evento de gran trascendencia con toda la organizaci\u00f3n seria y directa de la Liga Santandereana de Atletismo, el Instituto de la Juventud, El Deporte y la Recreaci\u00f3n de Bucaramanga-INDERBU, el INDERSANTANDER, las Unidades Tecnol\u00f3gicas de Santander, el Acueducto Metropolitano de Bucaramanga y un gran n\u00famero de empresas y entidades del sector privado.<\/p>\n","protected":false},"excerpt":{"rendered":"<p>El domingo 11 de diciembre se realizar\u00e1 en Bucaramanga la Carrera de la Ciudad Bonita, evento atl\u00e9tico institucional mediante Acuerdo&#46;&#46;&#46;<\/p>\n","protected":false},"author":3,"featured_media":6049,"comment_status":"closed","ping_status":"closed","sticky":false,"template":"","format":"standard","meta":{"_bbp_topic_count":0,"_bbp_reply_count":0,"_bbp_total_topic_count":0,"_bbp_total_reply_count":0,"_bbp_voice_count":0,"_bbp_anonymous_reply_count":0,"_bbp_topic_count_hidden":0,"_bbp_reply_count_hidden":0,"_bbp_forum_subforum_count":0,"footnotes":""},"categories":[162,27,4],"tags":[163],"class_list":["post-6048","post","type-post","status-publish","format-standard","has-post-thumbnail","hentry","category-actividad-fisica","category-apoyo-al-deporte-asociado","category-noticias","tag-bga-400-anos"],"_links":{"self":[{"href":"https:\/\/noticias.inderbu.gov.co\/index.php\/wp-json\/wp\/v2\/posts\/6048","targetHints":{"allow":["GET"]}}],"collection":[{"href":"https:\/\/noticias.inderbu.gov.co\/index.php\/wp-json\/wp\/v2\/posts"}],"about":[{"href":"https:\/\/noticias.inderbu.gov.co\/index.php\/wp-json\/wp\/v2\/types\/post"}],"author":[{"embeddable":true,"href":"https:\/\/noticias.inderbu.gov.co\/index.php\/wp-json\/wp\/v2\/users\/3"}],"replies":[{"embeddable":true,"href":"https:\/\/noticias.inderbu.gov.co\/index.php\/wp-json\/wp\/v2\/comments?post=6048"}],"version-history":[{"count":4,"href":"https:\/\/noticias.inderbu.gov.co\/index.php\/wp-json\/wp\/v2\/posts\/6048\/revisions"}],"predecessor-version":[{"id":6054,"href":"https:\/\/noticias.inderbu.gov.co\/index.php\/wp-json\/wp\/v2\/posts\/6048\/revisions\/6054"}],"wp:featuredmedia":[{"embeddable":true,"href":"https:\/\/noticias.inderbu.gov.co\/index.php\/wp-json\/wp\/v2\/media\/6049"}],"wp:attachment":[{"href":"https:\/\/noticias.inderbu.gov.co\/index.php\/wp-json\/wp\/v2\/media?parent=6048"}],"wp:term":[{"taxonomy":"category","embeddable":true,"href":"https:\/\/noticias.inderbu.gov.co\/index.php\/wp-json\/wp\/v2\/categories?post=6048"},{"taxonomy":"post_tag","embeddable":true,"href":"https:\/\/noticias.inderbu.gov.co\/index.php\/wp-json\/wp\/v2\/tags?post=6048"}],"curies":[{"name":"wp","href":"https:\/\/api.w.org\/{rel}","templated":true}]}}