{"id":5909,"date":"2022-09-27T16:44:32","date_gmt":"2022-09-27T21:44:32","guid":{"rendered":"http:\/\/noticias.inderbu.gov.co\/?p=5909"},"modified":"2022-09-27T16:44:34","modified_gmt":"2022-09-27T21:44:34","slug":"aviso-de-convocatoria-arriendo-de-espacios-para-cafeterias-en-escenarios-deportivos-y-recreativos-del-inderbu","status":"publish","type":"post","link":"https:\/\/noticias.inderbu.gov.co\/index.php\/2022\/09\/27\/aviso-de-convocatoria-arriendo-de-espacios-para-cafeterias-en-escenarios-deportivos-y-recreativos-del-inderbu\/","title":{"rendered":"Aviso de convocatoria arriendo de espacios para cafeter\u00edas en escenarios deportivos y recreativos del INDERBU"},"content":{"rendered":"\n<p>Se articula y dinamiza el deporte en la capital santandereana, por ello, desde el INDERBU ofrecemos espacios disponibles en escenarios deportivos y recreativos, que permiten la implementaci\u00f3n de cafeter\u00edas o tiendas deportivas.<\/p>\n<div id=\"attachment_5910\" style=\"width: 882px\" class=\"wp-caption alignnone\"><img loading=\"lazy\" decoding=\"async\" aria-describedby=\"caption-attachment-5910\" class=\"size-full wp-image-5910\" src=\"http:\/\/noticias.inderbu.gov.co\/wp-content\/uploads\/2022\/09\/aviso-de-convocatoria-e1664314454662.jpeg\" alt=\"\" width=\"872\" height=\"653\" \/><p id=\"caption-attachment-5910\" class=\"wp-caption-text\">Vel\u00f3dromo Alfonso Fl\u00f3rez Ortiz<\/p><\/div>\n<p>\u00a0<\/p>\n<p>El Instituto de la Juventud, el Deporte y la Recreaci\u00f3n de Bucaramanga \u201cINDERBU\u201d, convoca a todos los interesados a presentar propuestas para el arrendamiento de los siguientes espacios f\u00edsicos aptos para cafeter\u00edas o tiendas deportivas:<\/p>\n<p><strong>\u00a0<\/strong><\/p>\n<table style=\"width: 100%;\" width=\"642\">\n<tbody>\n<tr>\n<td style=\"width: 98.7904%;\" colspan=\"4\" width=\"642\">\n<p style=\"text-align: center;\"><strong>TARIFAS ARRIENDO CAFETER\u00cdAS<\/strong><\/p>\n<\/td>\n<\/tr>\n<tr>\n<td style=\"width: 36.0887%;\">\n<p style=\"text-align: center;\"><strong>LUGAR<\/strong><\/p>\n<\/td>\n<td style=\"width: 35.6855%;\">\n<p style=\"text-align: center;\"><strong>DIRECCI\u00d3N<\/strong><\/p>\n<\/td>\n<td style=\"width: 10.9879%;\">\n<p><strong>\u00c1REA<\/strong><\/p>\n<\/td>\n<td style=\"width: 16.0283%;\" width=\"134\">\n<p><strong>VALOR CANON IVA INCLUIDO<\/strong><\/p>\n<\/td>\n<\/tr>\n<tr>\n<td style=\"width: 36.0887%;\">\n<p><strong>Parque Extremo de Bucaramanga (cafeter\u00eda 1)<\/strong><\/p>\n<\/td>\n<td style=\"width: 35.6855%;\">\n<p>Carrera 27 A # 87-52 Barrio San Martin<\/p>\n<\/td>\n<td style=\"width: 10.9879%;\">\n<p>\u00a014 Mts2<\/p>\n<\/td>\n<td style=\"width: 16.0283%;\" width=\"134\">\n<p>\u00a0$\u00a0 \u00a0273.560<\/p>\n<\/td>\n<\/tr>\n<tr>\n<td style=\"width: 36.0887%;\">\n<p><strong>Parque Extremo de Bucaramanga (cafeter\u00eda 2)<\/strong><\/p>\n<\/td>\n<td style=\"width: 35.6855%;\">\n<p>Carrera 27 A # 87-52 Barrio San Martin<\/p>\n<\/td>\n<td style=\"width: 10.9879%;\">\n<p>\u00a011 Mts2<\/p>\n<\/td>\n<td style=\"width: 16.0283%;\" width=\"134\">\n<p>\u00a0$\u00a0 454.989<\/p>\n<\/td>\n<\/tr>\n<tr>\n<td style=\"width: 36.0887%;\">\n<p><strong>Patin\u00f3dromo Roberto Garc\u00eda Pe\u00f1a (cafeter\u00eda)<\/strong><\/p>\n<\/td>\n<td style=\"width: 35.6855%;\">\n<p>Lote 9B Barrio Real de Minas (Calle de los estudiantes)<\/p>\n<\/td>\n<td style=\"width: 10.9879%;\">\n<p>\u00a012,5 Mts2<\/p>\n<\/td>\n<td style=\"width: 16.0283%;\" width=\"134\">\n<p>\u00a0$\u00a0 725.543<\/p>\n<\/td>\n<\/tr>\n<tr>\n<td style=\"width: 36.0887%;\">\n<p><strong>Patin\u00f3dromo Roberto Garc\u00eda Pe\u00f1a (local)<\/strong><\/p>\n<\/td>\n<td style=\"width: 35.6855%;\">\n<p>Lote 9B Barrio Real de Minas (Calle de los estudiantes)<\/p>\n<\/td>\n<td style=\"width: 10.9879%;\">\n<p>22,5 Mts2<\/p>\n<\/td>\n<td style=\"width: 16.0283%;\" width=\"134\">\n<p>\u00a0$ 1.557.710<\/p>\n<\/td>\n<\/tr>\n<tr>\n<td style=\"width: 36.0887%;\">\n<p><strong>Polideportivo Ciudad Bol\u00edvar<\/strong><\/p>\n<\/td>\n<td style=\"width: 35.6855%;\">\n<p>Calle 63A N\u00b0 3-52<\/p>\n<\/td>\n<td style=\"width: 10.9879%;\">\n<p>4 Mts2<\/p>\n<\/td>\n<td style=\"width: 16.0283%;\" width=\"134\">\n<p>\u00a0$ 622.155<\/p>\n<\/td>\n<\/tr>\n<tr>\n<td style=\"width: 36.0887%;\">\n<p><strong>Estadio Softbol<\/strong><\/p>\n<\/td>\n<td style=\"width: 35.6855%;\">\n<p>Calle 65 N entre Carreras 1W y 3W &#8211; Ciudad Bol\u00edvar<\/p>\n<\/td>\n<td style=\"width: 10.9879%;\">\n<p>48 Mts2<\/p>\n<\/td>\n<td style=\"width: 16.0283%;\" width=\"134\">\n<p>\u00a0$ 628.439<\/p>\n<\/td>\n<\/tr>\n<tr>\n<td style=\"width: 36.0887%;\">\n<p><strong>Estadio de Atletismo Luis Enrique Figueroa Rey<\/strong><\/p>\n<\/td>\n<td style=\"width: 35.6855%;\">\n<p>Calle 89 transversal oriental urbanizaci\u00f3n tejar moderno<\/p>\n<\/td>\n<td style=\"width: 10.9879%;\">\n<p>40Mts2<\/p>\n<\/td>\n<td style=\"width: 16.0283%;\" width=\"134\">\n<p>\u00a0$ 1.005.502<\/p>\n<\/td>\n<\/tr>\n<tr>\n<td style=\"width: 36.0887%;\">\n<p><strong>Parque de Los Ni\u00f1os &#8211; canchas de tenis<\/strong><\/p>\n<\/td>\n<td style=\"width: 35.6855%;\">\n<p>Calle 30 calle 23 cra 25 a cra 27 calle 32 # 26 impar<\/p>\n<\/td>\n<td style=\"width: 10.9879%;\">\n<p>14Mts2<\/p>\n<\/td>\n<td style=\"width: 16.0283%;\" width=\"134\">\n<p>\u00a0$ 538.118<\/p>\n<\/td>\n<\/tr>\n<tr>\n<td style=\"width: 36.0887%;\">\n<p><strong>Parque la Victoria<\/strong><\/p>\n<\/td>\n<td style=\"width: 35.6855%;\">\n<p>Calle 67 No. 18-74<\/p>\n<\/td>\n<td style=\"width: 10.9879%;\">\n<p>13Mts2<\/p>\n<\/td>\n<td style=\"width: 16.0283%;\" width=\"134\">\n<p>\u00a0$ 754.127<\/p>\n<\/td>\n<\/tr>\n<tr>\n<td style=\"width: 36.0887%;\">\n<p><strong>Parque las Am\u00e9ricas<\/strong><\/p>\n<\/td>\n<td style=\"width: 35.6855%;\">\n<p>Calle 35 No. 42-14<\/p>\n<\/td>\n<td style=\"width: 10.9879%;\">\n<p>45Mts2<\/p>\n<\/td>\n<td style=\"width: 16.0283%;\" width=\"134\">\n<p>\u00a0$ 2.073.849<\/p>\n<\/td>\n<\/tr>\n<tr>\n<td style=\"width: 36.0887%;\">\n<p><strong>Parque Provenza<\/strong><\/p>\n<\/td>\n<td style=\"width: 35.6855%;\">\n<p>Carrera \u00a023 #110-35<\/p>\n<\/td>\n<td style=\"width: 10.9879%;\">\n<p>12Mts2<\/p>\n<\/td>\n<td style=\"width: 16.0283%;\" width=\"134\">\n<p>\u00a0$ 439.907<\/p>\n<\/td>\n<\/tr>\n<tr>\n<td style=\"width: 36.0887%;\">\n<p><strong>Parque Norte<\/strong><\/p>\n<\/td>\n<td style=\"width: 35.6855%;\">\n<p>Carrera 10 # 13N &#8211; 60<\/p>\n<\/td>\n<td style=\"width: 10.9879%;\">\n<p>38 Mts2<\/p>\n<\/td>\n<td style=\"width: 16.0283%;\" width=\"134\">\n<p>\u00a0$ 523.600<\/p>\n<\/td>\n<\/tr>\n<tr>\n<td style=\"width: 36.0887%;\">\n<p><strong>Parque Joya<\/strong><\/p>\n<\/td>\n<td style=\"width: 35.6855%;\">\n<p>Carrera 4 a No.35-06<\/p>\n<\/td>\n<td style=\"width: 10.9879%;\">\n<p>20 Mts2<\/p>\n<\/td>\n<td style=\"width: 16.0283%;\" width=\"134\">\n<p>\u00a0$ 638.493<\/p>\n<\/td>\n<\/tr>\n<tr>\n<td style=\"width: 36.0887%;\">\n<p><strong>parque Colorados<\/strong><\/p>\n<\/td>\n<td style=\"width: 35.6855%;\">\n<p>Carrera 23 # 56-221<\/p>\n<\/td>\n<td style=\"width: 10.9879%;\">\n<p>43 Mts2<\/p>\n<\/td>\n<td style=\"width: 16.0283%;\" width=\"134\">\n<p>\u00a0$ 120.904<\/p>\n<\/td>\n<\/tr>\n<tr>\n<td style=\"width: 36.0887%;\">\n<p><strong>Parque Campo Hermoso<\/strong><\/p>\n<\/td>\n<td style=\"width: 35.6855%;\">\n<p>Carrera 1 Occidental con calle 44<\/p>\n<\/td>\n<td style=\"width: 10.9879%;\">\n<p>8Mts2<\/p>\n<\/td>\n<td style=\"width: 16.0283%;\" width=\"134\">\n<p>\u00a0$ 230.009<\/p>\n<\/td>\n<\/tr>\n<tr>\n<td style=\"width: 36.0887%;\">\n<p><strong>Parque Porvenir<\/strong><\/p>\n<\/td>\n<td style=\"width: 35.6855%;\">\n<p>Calle 103 # 8a-10<\/p>\n<\/td>\n<td style=\"width: 10.9879%;\">\n<p>10 Mts2<\/p>\n<\/td>\n<td style=\"width: 16.0283%;\" width=\"134\">\n<p>\u00a0$ 120.904<\/p>\n<\/td>\n<\/tr>\n<tr>\n<td style=\"width: 36.0887%;\">\n<p><strong>Parque Mutis<\/strong><\/p>\n<\/td>\n<td style=\"width: 35.6855%;\">\n<p>Carrera 2 W # 58-26<\/p>\n<\/td>\n<td style=\"width: 10.9879%;\">\n<p>8,5Mts2<\/p>\n<\/td>\n<td style=\"width: 16.0283%;\" width=\"134\">\n<p>\u00a0$ 948.943<\/p>\n<\/td>\n<\/tr>\n<\/tbody>\n<\/table>\n<p><strong>\u00a0<\/strong><\/p>\n<p style=\"text-align: justify;\">El INDERBU seleccionar\u00e1 por medio de la modalidad de Contrataci\u00f3n Directa, en atenci\u00f3n a la naturaleza y caracter\u00edstica del objeto a contratar por un valor m\u00ednimo mensual a ofrecer de acuerdo a lo indicado anteriormente, seleccionando la propuesta que ofrezca mejor precio para el INDERBU.<\/p>\n<p><strong>\u00a0<\/strong><\/p>\n<p><strong>PLAZO DE CONTRATO: DOCE MESES<\/strong><\/p>\n<p style=\"text-align: justify;\">PLAZO PARA PRESENTAR LA PROPUESTA: La propuesta\u00a0deber\u00e1 ser presentada en f\u00edsico, en la oficina jur\u00eddica del INDERBU, calle 7 No 30-140, Coliseo Bicentenario, hasta el d\u00eda:\u00a0VEINTIOCHO (28) DE SEPTIEMBRE DE 2022, hora: \u00a04:00 P.M., fecha y hora en que se efectuar\u00e1 el acta de cierre del proceso y se revisar\u00e1 la presentaci\u00f3n de los siguientes documentos seg\u00fan el caso:<\/p>\n<p style=\"text-align: justify;\"><strong>\u00a0<\/strong><\/p>\n<ol>\n<li>Propuesta que contenga el valor claro del canon ofrecido. <em>(Descargar ANEXO 1)<\/em><\/li>\n<li>C\u00e9dula de ciudadan\u00eda.<\/li>\n<li>Resoluci\u00f3n de personer\u00eda jur\u00eddica si es persona jur\u00eddica.<\/li>\n<li>Rut de la persona jur\u00eddica o persona natural actualizado.<\/li>\n<li>Resoluci\u00f3n de dignatarios vigente o c\u00e1mara de comercio si es persona jur\u00eddica, si hay lugar a ello.<\/li>\n<li>Certificado de antecedentes expedido por la procuradur\u00eda persona natural o jur\u00eddica y de su representante legal.<\/li>\n<li>Certificado de antecedentes expedido por la contralor\u00eda persona natural o jur\u00eddica y de su representante legal.<\/li>\n<li>Certificado de Medidas Correctivas de la Polic\u00eda Nacional de la persona natural o representante legal.<\/li>\n<li>Certificado judicial persona natural o representante legal.<\/li>\n<li>Carta de inhabilidades. <em>(Descargar ANEXO 2)<\/em><\/li>\n<li>Hoja de vida.<strong style=\"font-size: revert; color: initial; font-family: -apple-system, BlinkMacSystemFont, 'Segoe UI', Roboto, Oxygen-Sans, Ubuntu, Cantarell, 'Helvetica Neue', sans-serif;\">\u00a0<\/strong><\/li>\n<\/ol>\n<p>\u00a0<\/p>\n<p>LUGAR DONDE SE PUEDEN CONSULTAR LAS CONDICIONES:\u00a0<\/p>\n<p>Los Estudios previos podr\u00e1n ser consultados en la oficina jur\u00eddica del INDERBU, calle 7 No 30-140, Coliseo Bicentenario, tambi\u00e9n procedemos a publicar dicha convocatoria en la p\u00e1gina web del INDERBU en la secci\u00f3n de noticias.\u00a0\u00a0<\/p>\n<p>\u00a0<\/p>\n<p>Descargue aqu\u00ed AVISO DE CONVOCATORIA y ANEXO 1 y ANEXO 2<\/p>\n<h2><a href=\"http:\/\/noticias.inderbu.gov.co\/wp-content\/uploads\/2022\/09\/aviso-de-convocatoria.pdf\">aviso de convocatoria<\/a><\/h2>\n<p><a href=\"http:\/\/noticias.inderbu.gov.co\/wp-content\/uploads\/2022\/09\/ANEXO-1-PROPUESTA.docx\">ANEXO 1 PROPUESTA<\/a> <a href=\"http:\/\/noticias.inderbu.gov.co\/wp-content\/uploads\/2022\/09\/ANEXO-2-MANIFESTACIO\u0301N-DE-INHABILIDADES-E-INCOMPATIBILIDADES.docx\">ANEXO 2 MANIFESTACIO\u0301N DE INHABILIDADES E INCOMPATIBILIDADES<\/a><\/p>\n<p>\u00a0<\/p>\n","protected":false},"excerpt":{"rendered":"<p>Se articula y dinamiza el deporte en la capital santandereana, por ello, desde el INDERBU ofrecemos espacios disponibles en escenarios&#46;&#46;&#46;<\/p>\n","protected":false},"author":3,"featured_media":5910,"comment_status":"closed","ping_status":"closed","sticky":false,"template":"","format":"standard","meta":{"_bbp_topic_count":0,"_bbp_reply_count":0,"_bbp_total_topic_count":0,"_bbp_total_reply_count":0,"_bbp_voice_count":0,"_bbp_anonymous_reply_count":0,"_bbp_topic_count_hidden":0,"_bbp_reply_count_hidden":0,"_bbp_forum_subforum_count":0,"footnotes":""},"categories":[26,4],"tags":[132,133],"class_list":["post-5909","post","type-post","status-publish","format-standard","has-post-thumbnail","hentry","category-escenarios-deportivos","category-noticias","tag-escenarios-deportivos-con-inderbu","tag-escenarios-dignos-y-eficientes"],"_links":{"self":[{"href":"https:\/\/noticias.inderbu.gov.co\/index.php\/wp-json\/wp\/v2\/posts\/5909","targetHints":{"allow":["GET"]}}],"collection":[{"href":"https:\/\/noticias.inderbu.gov.co\/index.php\/wp-json\/wp\/v2\/posts"}],"about":[{"href":"https:\/\/noticias.inderbu.gov.co\/index.php\/wp-json\/wp\/v2\/types\/post"}],"author":[{"embeddable":true,"href":"https:\/\/noticias.inderbu.gov.co\/index.php\/wp-json\/wp\/v2\/users\/3"}],"replies":[{"embeddable":true,"href":"https:\/\/noticias.inderbu.gov.co\/index.php\/wp-json\/wp\/v2\/comments?post=5909"}],"version-history":[{"count":2,"href":"https:\/\/noticias.inderbu.gov.co\/index.php\/wp-json\/wp\/v2\/posts\/5909\/revisions"}],"predecessor-version":[{"id":6055,"href":"https:\/\/noticias.inderbu.gov.co\/index.php\/wp-json\/wp\/v2\/posts\/5909\/revisions\/6055"}],"wp:featuredmedia":[{"embeddable":true,"href":"https:\/\/noticias.inderbu.gov.co\/index.php\/wp-json\/wp\/v2\/media\/5910"}],"wp:attachment":[{"href":"https:\/\/noticias.inderbu.gov.co\/index.php\/wp-json\/wp\/v2\/media?parent=5909"}],"wp:term":[{"taxonomy":"category","embeddable":true,"href":"https:\/\/noticias.inderbu.gov.co\/index.php\/wp-json\/wp\/v2\/categories?post=5909"},{"taxonomy":"post_tag","embeddable":true,"href":"https:\/\/noticias.inderbu.gov.co\/index.php\/wp-json\/wp\/v2\/tags?post=5909"}],"curies":[{"name":"wp","href":"https:\/\/api.w.org\/{rel}","templated":true}]}}