{"id":5886,"date":"2022-09-13T17:17:22","date_gmt":"2022-09-13T22:17:22","guid":{"rendered":"http:\/\/noticias.inderbu.gov.co\/?p=5886"},"modified":"2022-09-14T08:34:36","modified_gmt":"2022-09-14T13:34:36","slug":"este-14-de-septiembre-inicia-el-primer-campeonato-nacional-interligas-de-futbol-sala-2022","status":"publish","type":"post","link":"https:\/\/noticias.inderbu.gov.co\/index.php\/2022\/09\/13\/este-14-de-septiembre-inicia-el-primer-campeonato-nacional-interligas-de-futbol-sala-2022\/","title":{"rendered":"Este 14 de septiembre inicia el Primer Campeonato Nacional Interligas de F\u00fatbol Sala 2022"},"content":{"rendered":"\n<p>En el Coliseo Bicentenario se vivir\u00e1 del 14 al 18 de septiembre el Primer Campeonato Nacional Interligas de F\u00fatbol de Sala 2022 sub 18, que contar\u00e1 con la participaci\u00f3n de las delegaciones de Sucre, Atl\u00e1ntico, Cundinamarca, Risaralda y Santander.<\/p>\n<div id=\"attachment_5887\" style=\"width: 881px\" class=\"wp-caption alignnone\"><img loading=\"lazy\" decoding=\"async\" aria-describedby=\"caption-attachment-5887\" class=\"size-full wp-image-5887\" src=\"http:\/\/noticias.inderbu.gov.co\/wp-content\/uploads\/2022\/09\/PROM-FUTSAL-e1663106894547.jpeg\" alt=\"\" width=\"871\" height=\"871\" \/><p id=\"caption-attachment-5887\" class=\"wp-caption-text\">Primer Campeonato Nacional Interligas de F\u00fatbol Sala Sub 18 Bga 400 a\u00f1os<\/p><\/div>\n<p>Viviendo m\u00e1s eventos deportivos en el marco de la celebraci\u00f3n de los 400 a\u00f1os de Bucaramanga, se espera la participaci\u00f3n de aproximadamente 100 visitantes entre deportistas, entrenadores, param\u00e9dicos, comisi\u00f3n arbitral y delegados de varios departamentos que se congregan en Bucaramanga para disfrutar por primera vez del Primer Campeonato de Futsal sub 18 masculino, que es preparatorio a Juegos Nacionales.<\/p>\n<p>\u00a0<\/p>\n<p>La fiesta del f\u00fatbol sala se jugar\u00e1 en el coliseo Bicentenario Alejandro Galvis Ram\u00edrez del 14 al 18 de septiembre, con dos encuentros deportivos por fecha programados a las 6:30 y las 8:0 pm.<\/p>\n<p>\u00a0<\/p>\n<p style=\"text-align: justify;\"><strong>As\u00ed se jugar\u00e1 el torneo:<\/strong><\/p>\n<p>PRIMERA FECHA<\/p>\n<table>\n<tbody>\n<tr>\n<td style=\"text-align: center;\" width=\"160\">\n<p><strong>DIA<\/strong><\/p>\n<\/td>\n<td style=\"text-align: center;\" width=\"66\">\n<p><strong>HORA<\/strong><\/p>\n<\/td>\n<td style=\"text-align: center;\" width=\"236\">\n<p><strong>PARTICIPANTES<\/strong><\/p>\n<\/td>\n<\/tr>\n<tr>\n<td style=\"text-align: center;\" width=\"160\">\n<p>SEPTIEMBRE 14 DE 2022<\/p>\n<\/td>\n<td style=\"text-align: center;\" width=\"66\">\n<p>6.30 PM<\/p>\n<\/td>\n<td style=\"text-align: center;\" width=\"236\">\n<p>CUNDINAMARCA vs RISARALDA<\/p>\n<\/td>\n<\/tr>\n<tr>\n<td style=\"text-align: center;\" width=\"160\">\n<p>SEPTIEMBRE 14 DE 2022<\/p>\n<\/td>\n<td style=\"text-align: center;\" width=\"66\">\n<p>8.00 PM<\/p>\n<\/td>\n<td style=\"text-align: center;\" width=\"236\">\n<p>SANTANDER vs SUCRE<\/p>\n<\/td>\n<\/tr>\n<\/tbody>\n<\/table>\n<p>\u00a0<\/p>\n<p>SEGUNDA FECHA<\/p>\n<table>\n<tbody>\n<tr>\n<td style=\"text-align: center;\" width=\"160\">\n<p><strong>DIA<\/strong><\/p>\n<\/td>\n<td style=\"text-align: center;\" width=\"66\">\n<p><strong>HORA<\/strong><\/p>\n<\/td>\n<td style=\"text-align: center;\" width=\"236\">\n<p><strong>PARTICIPANTES<\/strong><\/p>\n<\/td>\n<\/tr>\n<tr>\n<td style=\"text-align: center;\" width=\"160\">\n<p>SEPTIEMBRE 15 DE 2022<\/p>\n<\/td>\n<td style=\"text-align: center;\" width=\"66\">\n<p>6.30 PM<\/p>\n<\/td>\n<td style=\"text-align: center;\" width=\"236\">\n<p>SUCRE vs RISARALDA<\/p>\n<\/td>\n<\/tr>\n<tr>\n<td style=\"text-align: center;\" width=\"160\">\n<p>SEPTIEMBRE 15 DE 2022<\/p>\n<\/td>\n<td style=\"text-align: center;\" width=\"66\">\n<p>8.00 PM<\/p>\n<\/td>\n<td style=\"text-align: center;\" width=\"236\">\n<p>SANTANDER vs ATL\u00c1NTICO<\/p>\n<\/td>\n<\/tr>\n<\/tbody>\n<\/table>\n<p>\u00a0<\/p>\n<p>TERCERA FECHA<\/p>\n<table>\n<tbody>\n<tr>\n<td style=\"text-align: center;\" width=\"160\">\n<p><strong>DIA<\/strong><\/p>\n<\/td>\n<td style=\"text-align: center;\" width=\"66\">\n<p><strong>HORA<\/strong><\/p>\n<\/td>\n<td style=\"text-align: center;\" width=\"236\">\n<p><strong>PARTICIPANTES<\/strong><\/p>\n<\/td>\n<\/tr>\n<tr>\n<td style=\"text-align: center;\" width=\"160\">\n<p>SEPTIEMBRE 16 DE 2022<\/p>\n<\/td>\n<td style=\"text-align: center;\" width=\"66\">\n<p>6.30 PM<\/p>\n<\/td>\n<td style=\"text-align: center;\" width=\"236\">\n<p>RISARALDA vs ATL\u00c1NTICO<\/p>\n<\/td>\n<\/tr>\n<tr>\n<td style=\"text-align: center;\" width=\"160\">\n<p>SEPTIEMBRE 16 DE 2022<\/p>\n<\/td>\n<td style=\"text-align: center;\" width=\"66\">\n<p>8.00 PM<\/p>\n<\/td>\n<td style=\"text-align: center;\" width=\"236\">\n<p>CUNDINAMARCA vs SUCRE<\/p>\n<\/td>\n<\/tr>\n<\/tbody>\n<\/table>\n<p>\u00a0<\/p>\n<p>CUARTA FECHA<\/p>\n<table>\n<tbody>\n<tr>\n<td style=\"text-align: center;\" width=\"160\">\n<p><strong>DIA<\/strong><\/p>\n<\/td>\n<td style=\"text-align: center;\" width=\"66\">\n<p><strong>HORA<\/strong><\/p>\n<\/td>\n<td style=\"text-align: center;\" width=\"236\">\n<p><strong>PARTICIPANTES<\/strong><\/p>\n<\/td>\n<\/tr>\n<tr>\n<td style=\"text-align: center;\" width=\"160\">\n<p>SEPTIEMBRE 17 DE 2022<\/p>\n<\/td>\n<td style=\"text-align: center;\" width=\"66\">\n<p>5.00 PM<\/p>\n<\/td>\n<td style=\"text-align: center;\" width=\"236\">\n<p>CAQUETA vs SUCRE<\/p>\n<\/td>\n<\/tr>\n<tr>\n<td style=\"text-align: center;\" width=\"160\">\n<p>SEPTIEMBRE 17 DE 2022<\/p>\n<\/td>\n<td style=\"text-align: center;\" width=\"66\">\n<p>8.00 PM<\/p>\n<\/td>\n<td style=\"text-align: center;\" width=\"236\">\n<p>SANTANDER vs CUNDINAMARCA<\/p>\n<\/td>\n<\/tr>\n<\/tbody>\n<\/table>\n<p>\u00a0<\/p>\n<p>\u00a0<\/p>\n<p>QUINTA FECHA<\/p>\n<table>\n<tbody>\n<tr>\n<td style=\"text-align: center;\" width=\"160\">\n<p><strong>DIA<\/strong><\/p>\n<\/td>\n<td style=\"text-align: center;\" width=\"66\">\n<p><strong>HORA<\/strong><\/p>\n<\/td>\n<td style=\"text-align: center;\" width=\"236\">\n<p><strong>PARTICIPANTES<\/strong><\/p>\n<\/td>\n<\/tr>\n<tr>\n<td style=\"text-align: center;\" width=\"160\">\n<p>SEPTIEMBRE 18 DE 2022<\/p>\n<\/td>\n<td style=\"text-align: center;\" width=\"66\">\n<p>6.30 PM<\/p>\n<\/td>\n<td style=\"text-align: center;\" width=\"236\">\n<p>AT\u00c1NTICO vs CUNDINAMARCA<\/p>\n<\/td>\n<\/tr>\n<tr>\n<td style=\"text-align: center;\" width=\"160\">\n<p>SEPTIEMBRE 18 DE 2022<\/p>\n<\/td>\n<td style=\"text-align: center;\" width=\"66\">\n<p>8.00 PM<\/p>\n<\/td>\n<td style=\"text-align: center;\" width=\"236\">\n<p>SANTANDER vs RISARALDA<\/p>\n<\/td>\n<\/tr>\n<\/tbody>\n<\/table>\n<p>\u00a0<\/p>\n<p>Finalmente, clasifican para la fase final los dos primeros equipos del presente grupo, dicha fase se jugar\u00e1 tambi\u00e9n en sede fija a una sola vuelta, en las fechas comprendidas entre el 9 y el 17 de octubre de 2022.-.<\/p>\n","protected":false},"excerpt":{"rendered":"<p>En el Coliseo Bicentenario se vivir\u00e1 del 14 al 18 de septiembre el Primer Campeonato Nacional Interligas de F\u00fatbol de&#46;&#46;&#46;<\/p>\n","protected":false},"author":3,"featured_media":5887,"comment_status":"closed","ping_status":"closed","sticky":false,"template":"","format":"standard","meta":{"_bbp_topic_count":0,"_bbp_reply_count":0,"_bbp_total_topic_count":0,"_bbp_total_reply_count":0,"_bbp_voice_count":0,"_bbp_anonymous_reply_count":0,"_bbp_topic_count_hidden":0,"_bbp_reply_count_hidden":0,"_bbp_forum_subforum_count":0,"footnotes":""},"categories":[1],"tags":[],"class_list":["post-5886","post","type-post","status-publish","format-standard","has-post-thumbnail","hentry","category-uncategorized"],"_links":{"self":[{"href":"https:\/\/noticias.inderbu.gov.co\/index.php\/wp-json\/wp\/v2\/posts\/5886","targetHints":{"allow":["GET"]}}],"collection":[{"href":"https:\/\/noticias.inderbu.gov.co\/index.php\/wp-json\/wp\/v2\/posts"}],"about":[{"href":"https:\/\/noticias.inderbu.gov.co\/index.php\/wp-json\/wp\/v2\/types\/post"}],"author":[{"embeddable":true,"href":"https:\/\/noticias.inderbu.gov.co\/index.php\/wp-json\/wp\/v2\/users\/3"}],"replies":[{"embeddable":true,"href":"https:\/\/noticias.inderbu.gov.co\/index.php\/wp-json\/wp\/v2\/comments?post=5886"}],"version-history":[{"count":4,"href":"https:\/\/noticias.inderbu.gov.co\/index.php\/wp-json\/wp\/v2\/posts\/5886\/revisions"}],"predecessor-version":[{"id":5893,"href":"https:\/\/noticias.inderbu.gov.co\/index.php\/wp-json\/wp\/v2\/posts\/5886\/revisions\/5893"}],"wp:featuredmedia":[{"embeddable":true,"href":"https:\/\/noticias.inderbu.gov.co\/index.php\/wp-json\/wp\/v2\/media\/5887"}],"wp:attachment":[{"href":"https:\/\/noticias.inderbu.gov.co\/index.php\/wp-json\/wp\/v2\/media?parent=5886"}],"wp:term":[{"taxonomy":"category","embeddable":true,"href":"https:\/\/noticias.inderbu.gov.co\/index.php\/wp-json\/wp\/v2\/categories?post=5886"},{"taxonomy":"post_tag","embeddable":true,"href":"https:\/\/noticias.inderbu.gov.co\/index.php\/wp-json\/wp\/v2\/tags?post=5886"}],"curies":[{"name":"wp","href":"https:\/\/api.w.org\/{rel}","templated":true}]}}