{"id":5880,"date":"2022-09-07T18:21:32","date_gmt":"2022-09-07T23:21:32","guid":{"rendered":"http:\/\/noticias.inderbu.gov.co\/?p=5880"},"modified":"2022-09-07T18:21:34","modified_gmt":"2022-09-07T23:21:34","slug":"eventos-deportivos-este-fin-de-semana-con-inderbu","status":"publish","type":"post","link":"https:\/\/noticias.inderbu.gov.co\/index.php\/2022\/09\/07\/eventos-deportivos-este-fin-de-semana-con-inderbu\/","title":{"rendered":"Eventos Deportivos este fin de semana con INDERBU"},"content":{"rendered":"\n<p>Este fin de semana puedes agendarte con la variedad de eventos deportivos y recreativos que el INDERBU tiene para todos los bumangueses.<\/p>\n<div id=\"attachment_5881\" style=\"width: 881px\" class=\"wp-caption alignnone\"><img loading=\"lazy\" decoding=\"async\" aria-describedby=\"caption-attachment-5881\" class=\"size-full wp-image-5881\" src=\"http:\/\/noticias.inderbu.gov.co\/wp-content\/uploads\/2022\/09\/FESTIVAL-INFANTIL-e1662592051460.jpeg\" alt=\"\" width=\"871\" height=\"580\" \/><p id=\"caption-attachment-5881\" class=\"wp-caption-text\">Eventos Deportivos este fin de semana con INDERBU<\/p><\/div>\n<p>\u00a0<\/p>\n<h2>Viernes 9 de septiembre con agenda Intercolegiados<\/h2>\n<p>Los Juegos Intercolegiados Bga 400 a\u00f1os desarrollan una agenda deportiva que permiten la participaci\u00f3n de deportistas de diferentes instituciones educativas p\u00fablicas y privadas.<\/p>\n<p>\u00a0<\/p>\n<p><strong>Torneo Intercolegiado de Judo<\/strong><\/p>\n<p>A doble jornada de 8:00 a 11:00 am y desde las 2:00 hasta las 5:00 de la tarde, en el coliseo de combate de la unidad deportiva, participan en la primera fecha del Torneo Intercolegiado de Judo las categor\u00edas prejuvenil y juvenil con deportistas nacidos desde el a\u00f1o 2005 hasta el 2009; del mismos modo se realizan competencias del Festival Escolar para las categor\u00edas sub 13, sub 11 y sub 9.<\/p>\n<p><strong>\u00a0<\/strong><\/p>\n<p><strong>Torneo Intercolegiado de Atletismo<\/strong><\/p>\n<p>\u00a0Los Juegos Intercolegiados del INDERBU Bga400 a\u00f1os, son incluyentes a categor\u00edas especiales de instituciones educativas para poblaci\u00f3n con discapacidad, por ello en el estadio de Atletismo Luis Enrique Figueroa Rey de La Flora, inicia a las 8:00 de la ma\u00f1ana y durante esta primera jornada la programaci\u00f3n del torneo de atletismo con las pruebas para esta importante poblaci\u00f3n en ambas ramas damas y varones.\u00a0<\/p>\n<p>\u00a0<\/p>\n<p>A partir de las 2:00 de la tarde inician las pruebas generales del Torneo Intercolegiado con lanzamientos de martillo y jabalina, salto largo y alto, los 80, 100, 400, 2000 y 3000 metros planos y pruebas de vallas.<\/p>\n<p>\u00a0<\/p>\n<h2>S\u00e1bado 10 de septiembre con la comunidad y finalizando eventos intercolegiados<\/h2>\n<p><strong>\u00a0<\/strong><\/p>\n<p><strong>Caminata Ecol\u00f3gica<\/strong><\/p>\n<p>Aire puro, un excelente paisaje y actividad f\u00edsica en medio de la naturaleza, es lo que ofrece la Caminata Ruta Corcovado del INDERBU, que invita desde las 6:30 de la ma\u00f1ana a recorrer de 4.4 kil\u00f3metros, partiendo desde la Rotonda de Pan de Az\u00facar hasta el Corcovado.\u00a0 Una hora de caminata en compa\u00f1\u00eda de amigos y familiares, con toda la log\u00edstica del INDERBU, brindando apoyo y asistencia.<\/p>\n<p><strong>\u00a0<\/strong><\/p>\n<p><strong>\u00a0<\/strong><strong>Festikids Villas de Claveriano<\/strong><\/p>\n<p>La poblaci\u00f3n vulnerable v\u00edctima del conflicto, ubicada en Villas de Claveriano en la comuna 1, tambi\u00e9n es atendida por el INDERBU; es as\u00ed como este s\u00e1bado 10 de septiembre se realiazar\u00e1 un FestiKids, festival recreativo comunitario para ni\u00f1os y ni\u00f1as, brindando recreaci\u00f3n, diversi\u00f3n y sano esparcimiento desde las 9:00 hasta las 11:30 de la ma\u00f1ana.<\/p>\n<p><strong>\u00a0<\/strong><\/p>\n<p><strong>Torneo Intercolegiado de Karate Do<\/strong><\/p>\n<p>En el coliseo de combate de la unidad deportiva Alfonso L\u00f3pez se realizar\u00e1 este s\u00e1bado el torneo Intercolegiado de Karate Do en las modalidades Kata y Kumite para damas y varones, con inicio de competencias a las 2:00 de la tarde previo pesaje desde la 1:00 pm.<\/p>\n<p>\u00a0<\/p>\n<p><strong>Segunda fecha Torneo Intercolegiado de Judo<\/strong><\/p>\n<p>Desde las 8:00 hasta las 11:30 am se realizar\u00e1 la segunda fecha del Torneo Intercolegiado y Festival Escolar de Judo, que incluye la premiaci\u00f3n de todas las categor\u00edas en el coliseo de combate de la Unidad Deportiva Alfonso L\u00f3pez.<\/p>\n<p>\u00a0<\/p>\n<p><strong>Segunda fecha Torneo Intercolegiado de Atletismo<\/strong><\/p>\n<p style=\"text-align: justify;\">El s\u00e1bado 10 de septiembre, a doble jornada ma\u00f1ana y tarde, se realizar\u00e1 la segunda fecha del Torneo Intercolegiado de Atletismo con las pruebas faltantes y finales de lanzamientos, carreras con obst\u00e1culos, salto triple y otras pruebas de velocidad.<\/p>\n<p>\u00a0<\/p>\n<p>\u00a0<\/p>\n<h2>Domingo de Recreov\u00eda en Familia<\/h2>\n<p><strong>\u00a0<\/strong><\/p>\n<p>La cita es este domingo en la Recreov\u00eda dominical de la carrera 27, porque la actividad f\u00edsica y el fomento de los h\u00e1bitos y estilos de vida saludables contin\u00faa en la Feria Bonita la Fiesta de la Cultura.\u00a0<\/p>\n<ul>\n<li>El recorrido habitual desde la calle 11 hasta la avenida Gonz\u00e1lez Valencia para ciclistas, caminantes y patinadores.<\/li>\n<li style=\"text-align: justify;\">Zona de Actividad F\u00edsica musicalizada: frente al parque de Los Ni\u00f1os, con variedad de sesiones de actividad f\u00edsica musicalizada para todos, estimulaci\u00f3n muscular, gimnasia aer\u00f3bica b\u00e1sica e intermedia y rumba aer\u00f3bica.<\/li>\n<li>Recreov\u00eda social comunitaria, con tenis de mesa, f\u00fatbol-tenis, escuela de b\u00e1dminton, juego de la rana, ajedrez, pintucaritas y juegos de mesa.<\/li>\n<li>Fuertemente Activos: con retos de entrenamiento funcional, en la calle 35.<\/li>\n<li>Carpa saludable: promoviendo los h\u00e1bitos y estilos de vida saludables con asesor\u00eda para la comunidad.<\/li>\n<\/ul>\n<p>\u00a0<\/p>\n<p style=\"text-align: justify;\"><strong>Recomendaciones:<\/strong><\/p>\n<p style=\"text-align: justify;\">Se recomienda ir con ropa deportiva adecuada, usar bloqueador solar, llevar hidrataci\u00f3n, cuidar a las mascotas, desplazarse por el carril derecho, respetar los sem\u00e1foros y las se\u00f1ales pedag\u00f3gicas de los j\u00f3venes alfadeportivos, pero sobretodo llevar la mejor disposici\u00f3n para gozar de este espacio deportivo y recreativo.<\/p>\n<p>\u00a0<\/p>\n<p>Ven a la VAS Recreov\u00eda dominical y comparte con familiares y amigos un espacio para la actividad f\u00edsica, la recreaci\u00f3n y el deporte al aire libre.<\/p>\n","protected":false},"excerpt":{"rendered":"<p>Este fin de semana puedes agendarte con la variedad de eventos deportivos y recreativos que el INDERBU tiene para todos&#46;&#46;&#46;<\/p>\n","protected":false},"author":3,"featured_media":5881,"comment_status":"closed","ping_status":"closed","sticky":false,"template":"","format":"standard","meta":{"_bbp_topic_count":0,"_bbp_reply_count":0,"_bbp_total_topic_count":0,"_bbp_total_reply_count":0,"_bbp_voice_count":0,"_bbp_anonymous_reply_count":0,"_bbp_topic_count_hidden":0,"_bbp_reply_count_hidden":0,"_bbp_forum_subforum_count":0,"footnotes":""},"categories":[6,26,44,4],"tags":[155],"class_list":["post-5880","post","type-post","status-publish","format-standard","has-post-thumbnail","hentry","category-actifisica","category-escenarios-deportivos","category-intercolegiados","category-noticias","tag-fin-de-semana-inderbu"],"_links":{"self":[{"href":"https:\/\/noticias.inderbu.gov.co\/index.php\/wp-json\/wp\/v2\/posts\/5880","targetHints":{"allow":["GET"]}}],"collection":[{"href":"https:\/\/noticias.inderbu.gov.co\/index.php\/wp-json\/wp\/v2\/posts"}],"about":[{"href":"https:\/\/noticias.inderbu.gov.co\/index.php\/wp-json\/wp\/v2\/types\/post"}],"author":[{"embeddable":true,"href":"https:\/\/noticias.inderbu.gov.co\/index.php\/wp-json\/wp\/v2\/users\/3"}],"replies":[{"embeddable":true,"href":"https:\/\/noticias.inderbu.gov.co\/index.php\/wp-json\/wp\/v2\/comments?post=5880"}],"version-history":[{"count":1,"href":"https:\/\/noticias.inderbu.gov.co\/index.php\/wp-json\/wp\/v2\/posts\/5880\/revisions"}],"predecessor-version":[{"id":5882,"href":"https:\/\/noticias.inderbu.gov.co\/index.php\/wp-json\/wp\/v2\/posts\/5880\/revisions\/5882"}],"wp:featuredmedia":[{"embeddable":true,"href":"https:\/\/noticias.inderbu.gov.co\/index.php\/wp-json\/wp\/v2\/media\/5881"}],"wp:attachment":[{"href":"https:\/\/noticias.inderbu.gov.co\/index.php\/wp-json\/wp\/v2\/media?parent=5880"}],"wp:term":[{"taxonomy":"category","embeddable":true,"href":"https:\/\/noticias.inderbu.gov.co\/index.php\/wp-json\/wp\/v2\/categories?post=5880"},{"taxonomy":"post_tag","embeddable":true,"href":"https:\/\/noticias.inderbu.gov.co\/index.php\/wp-json\/wp\/v2\/tags?post=5880"}],"curies":[{"name":"wp","href":"https:\/\/api.w.org\/{rel}","templated":true}]}}