{"id":5743,"date":"2022-06-07T12:12:40","date_gmt":"2022-06-07T17:12:40","guid":{"rendered":"http:\/\/noticias.inderbu.gov.co\/?p=5743"},"modified":"2022-06-07T12:21:43","modified_gmt":"2022-06-07T17:21:43","slug":"inderbu-inaugurara-olimpiadas-carcelarias-femeninas","status":"publish","type":"post","link":"https:\/\/noticias.inderbu.gov.co\/index.php\/2022\/06\/07\/inderbu-inaugurara-olimpiadas-carcelarias-femeninas\/","title":{"rendered":"INDERBU inaugurar\u00e1 Olimpiadas Carcelarias Femeninas"},"content":{"rendered":"\n<p><em>Este jueves 9 de junio, el INDERBU inaugurar\u00e1 a las 9:00 de la ma\u00f1ana, las olimpiadas carcelarias femeninas en la C\u00e1rcel Penitenciaria de Mediana Seguridad para mujeres, ubicada en la v\u00eda Chimit\u00e1.<\/em><\/p>\n<div id=\"attachment_2829\" style=\"width: 882px\" class=\"wp-caption alignnone\"><img loading=\"lazy\" decoding=\"async\" aria-describedby=\"caption-attachment-2829\" class=\"size-full wp-image-2829\" src=\"http:\/\/noticias.inderbu.gov.co\/wp-content\/uploads\/2019\/08\/JUEGOS-CARCELARIOS-MUJAERES-e1566944205530.jpeg\" alt=\"\" width=\"872\" height=\"489\" \/><p id=\"caption-attachment-2829\" class=\"wp-caption-text\">Inauguraci\u00f3n Juegos Carcelarios<\/p><\/div>\n<p>En el acto inaugural se realizar\u00e1 desfile de delegaciones con madrinas y heraldos; las deportistas tomar\u00e1n juramento de cumplimiento a los reglamentos y portar\u00e1n el fuego deportivo encendido para dar inicio a las olimpiadas que cada a\u00f1o el INDERBU organiza en diferentes modalidades deportivas para las personas privadas de su libertad.\u00a0<\/p>\n<p>El acto protocolario finalizar\u00e1 con presentaciones art\u00edsticas preparadas por las internas y coreograf\u00edas del programa de H\u00e1bitos y Estilos de Vida Saludables HEVS del INDERBU.\u00a0<\/p>\n<p><strong>Las Olimpiadas:<\/strong><\/p>\n<p>Las olimpiadas incluyen 3 deportes de conjunto: f\u00fatbol de sal\u00f3n, baloncesto y voleibol; as\u00ed como atletismo, bolo criollo, tenis de mesa y actividades recreativas a lo largo de todo el a\u00f1o.\u00a0 El lunes 13 de junio empieza el torneo de f\u00fatbol de sal\u00f3n y los equipos se encuentran preparados para los encuentros que permitir\u00e1n la integraci\u00f3n, la sana competencia, la actividad f\u00edsica y el fomento de h\u00e1bitos y estilos de vida saludables al interior del centro penitenciario.<\/p>\n<p><strong>Capacitaciones<\/strong><\/p>\n<p>El INDERBU realiza capacitaciones a las internas en diferentes tem\u00e1ticas de reglamento y fundamentos de las disciplinas de f\u00fatbol de sal\u00f3n, baloncesto y voleibol; igualmente sobre la importancia del ejercicio f\u00edsico regular y los buenos h\u00e1bitos de vida para conservar y mejorar salud.<\/p>\n<div id=\"attachment_5749\" style=\"width: 881px\" class=\"wp-caption alignnone\"><img loading=\"lazy\" decoding=\"async\" aria-describedby=\"caption-attachment-5749\" class=\"size-full wp-image-5749\" src=\"http:\/\/noticias.inderbu.gov.co\/wp-content\/uploads\/2022\/06\/2-CAPACITACION-RECREACION.jpeg\" alt=\"\" width=\"871\" height=\"581\" srcset=\"https:\/\/noticias.inderbu.gov.co\/wp-content\/uploads\/2022\/06\/2-CAPACITACION-RECREACION.jpeg 871w, https:\/\/noticias.inderbu.gov.co\/wp-content\/uploads\/2022\/06\/2-CAPACITACION-RECREACION-300x200.jpeg 300w, https:\/\/noticias.inderbu.gov.co\/wp-content\/uploads\/2022\/06\/2-CAPACITACION-RECREACION-768x512.jpeg 768w\" sizes=\"auto, (max-width: 871px) 100vw, 871px\" \/><p id=\"caption-attachment-5749\" class=\"wp-caption-text\">Capacitaci\u00f3n recreaci\u00f3n en las comunidades<\/p><\/div>\n<p><strong>Jornadas Recreativas <\/strong><\/p>\n<p>La recreaci\u00f3n es fundamental en el desarrollo e integraci\u00f3n de las comunidades, por ello, en los centros penitenciarios de Bucaramanga, el INDERBU ha realizado jornadas recreativas que a atrav\u00e9s de la l\u00fadica y juegos, propiciaron momentos de sano entretenimiento.<\/p>\n\n\t\t<style>\n\t\t\t#gallery-1 {\n\t\t\t\tmargin: auto;\n\t\t\t}\n\t\t\t#gallery-1 .gallery-item {\n\t\t\t\tfloat: left;\n\t\t\t\tmargin-top: 10px;\n\t\t\t\ttext-align: center;\n\t\t\t\twidth: 33%;\n\t\t\t}\n\t\t\t#gallery-1 img {\n\t\t\t\tborder: 2px solid #cfcfcf;\n\t\t\t}\n\t\t\t#gallery-1 .gallery-caption {\n\t\t\t\tmargin-left: 0;\n\t\t\t}\n\t\t\t\/* see gallery_shortcode() in wp-includes\/media.php *\/\n\t\t<\/style>\n\t\t<div id='gallery-1' class='gallery galleryid-5743 gallery-columns-3 gallery-size-medium'><dl class='gallery-item'>\n\t\t\t<dt class='gallery-icon landscape'>\n\t\t\t\t<a href='https:\/\/noticias.inderbu.gov.co\/index.php\/2022\/06\/07\/inderbu-inaugurara-olimpiadas-carcelarias-femeninas\/gedsc-digital-camera-3\/'><img loading=\"lazy\" decoding=\"async\" width=\"300\" height=\"200\" src=\"https:\/\/noticias.inderbu.gov.co\/wp-content\/uploads\/2022\/06\/1-recreacion-carcel-300x200.jpeg\" class=\"attachment-medium size-medium no-lazy\" alt=\"\" aria-describedby=\"gallery-1-5746\" srcset=\"https:\/\/noticias.inderbu.gov.co\/wp-content\/uploads\/2022\/06\/1-recreacion-carcel-300x200.jpeg 300w, https:\/\/noticias.inderbu.gov.co\/wp-content\/uploads\/2022\/06\/1-recreacion-carcel-768x512.jpeg 768w, https:\/\/noticias.inderbu.gov.co\/wp-content\/uploads\/2022\/06\/1-recreacion-carcel.jpeg 871w\" sizes=\"auto, (max-width: 300px) 100vw, 300px\" \/><\/a>\n\t\t\t<\/dt>\n\t\t\t\t<dd class='wp-caption-text gallery-caption' id='gallery-1-5746'>\n\t\t\t\tRecreaci\u00f3n centros penitenciarios Bucaramanga\n\t\t\t\t<\/dd><\/dl><dl class='gallery-item'>\n\t\t\t<dt class='gallery-icon landscape'>\n\t\t\t\t<a href='https:\/\/noticias.inderbu.gov.co\/index.php\/2022\/06\/07\/inderbu-inaugurara-olimpiadas-carcelarias-femeninas\/gedsc-digital-camera-4\/'><img loading=\"lazy\" decoding=\"async\" width=\"300\" height=\"200\" src=\"https:\/\/noticias.inderbu.gov.co\/wp-content\/uploads\/2022\/06\/2-recreacin-carcel-300x200.jpeg\" class=\"attachment-medium size-medium no-lazy\" alt=\"\" srcset=\"https:\/\/noticias.inderbu.gov.co\/wp-content\/uploads\/2022\/06\/2-recreacin-carcel-300x200.jpeg 300w, https:\/\/noticias.inderbu.gov.co\/wp-content\/uploads\/2022\/06\/2-recreacin-carcel-768x512.jpeg 768w, https:\/\/noticias.inderbu.gov.co\/wp-content\/uploads\/2022\/06\/2-recreacin-carcel.jpeg 871w\" sizes=\"auto, (max-width: 300px) 100vw, 300px\" \/><\/a>\n\t\t\t<\/dt><\/dl><dl class='gallery-item'>\n\t\t\t<dt class='gallery-icon landscape'>\n\t\t\t\t<a href='https:\/\/noticias.inderbu.gov.co\/index.php\/2022\/06\/07\/inderbu-inaugurara-olimpiadas-carcelarias-femeninas\/gedsc-digital-camera-5\/'><img loading=\"lazy\" decoding=\"async\" width=\"300\" height=\"200\" src=\"https:\/\/noticias.inderbu.gov.co\/wp-content\/uploads\/2022\/06\/3-recreacion-carcel-300x200.jpeg\" class=\"attachment-medium size-medium no-lazy\" alt=\"\" srcset=\"https:\/\/noticias.inderbu.gov.co\/wp-content\/uploads\/2022\/06\/3-recreacion-carcel-300x200.jpeg 300w, https:\/\/noticias.inderbu.gov.co\/wp-content\/uploads\/2022\/06\/3-recreacion-carcel-768x512.jpeg 768w, https:\/\/noticias.inderbu.gov.co\/wp-content\/uploads\/2022\/06\/3-recreacion-carcel.jpeg 871w\" sizes=\"auto, (max-width: 300px) 100vw, 300px\" \/><\/a>\n\t\t\t<\/dt><\/dl><br style=\"clear: both\" \/>\n\t\t<\/div>\n\n<p>\u00a0<\/p>\n","protected":false},"excerpt":{"rendered":"<p>Este jueves 9 de junio, el INDERBU inaugurar\u00e1 a las 9:00 de la ma\u00f1ana, las olimpiadas carcelarias femeninas en la&#46;&#46;&#46;<\/p>\n","protected":false},"author":3,"featured_media":2829,"comment_status":"closed","ping_status":"closed","sticky":false,"template":"","format":"standard","meta":{"_bbp_topic_count":0,"_bbp_reply_count":0,"_bbp_total_topic_count":0,"_bbp_total_reply_count":0,"_bbp_voice_count":0,"_bbp_anonymous_reply_count":0,"_bbp_topic_count_hidden":0,"_bbp_reply_count_hidden":0,"_bbp_forum_subforum_count":0,"footnotes":""},"categories":[4,152],"tags":[136],"class_list":["post-5743","post","type-post","status-publish","format-standard","has-post-thumbnail","hentry","category-noticias","category-olimpiadas-carcelarias","tag-olimpiadas-carcelarias"],"_links":{"self":[{"href":"https:\/\/noticias.inderbu.gov.co\/index.php\/wp-json\/wp\/v2\/posts\/5743","targetHints":{"allow":["GET"]}}],"collection":[{"href":"https:\/\/noticias.inderbu.gov.co\/index.php\/wp-json\/wp\/v2\/posts"}],"about":[{"href":"https:\/\/noticias.inderbu.gov.co\/index.php\/wp-json\/wp\/v2\/types\/post"}],"author":[{"embeddable":true,"href":"https:\/\/noticias.inderbu.gov.co\/index.php\/wp-json\/wp\/v2\/users\/3"}],"replies":[{"embeddable":true,"href":"https:\/\/noticias.inderbu.gov.co\/index.php\/wp-json\/wp\/v2\/comments?post=5743"}],"version-history":[{"count":2,"href":"https:\/\/noticias.inderbu.gov.co\/index.php\/wp-json\/wp\/v2\/posts\/5743\/revisions"}],"predecessor-version":[{"id":5751,"href":"https:\/\/noticias.inderbu.gov.co\/index.php\/wp-json\/wp\/v2\/posts\/5743\/revisions\/5751"}],"wp:featuredmedia":[{"embeddable":true,"href":"https:\/\/noticias.inderbu.gov.co\/index.php\/wp-json\/wp\/v2\/media\/2829"}],"wp:attachment":[{"href":"https:\/\/noticias.inderbu.gov.co\/index.php\/wp-json\/wp\/v2\/media?parent=5743"}],"wp:term":[{"taxonomy":"category","embeddable":true,"href":"https:\/\/noticias.inderbu.gov.co\/index.php\/wp-json\/wp\/v2\/categories?post=5743"},{"taxonomy":"post_tag","embeddable":true,"href":"https:\/\/noticias.inderbu.gov.co\/index.php\/wp-json\/wp\/v2\/tags?post=5743"}],"curies":[{"name":"wp","href":"https:\/\/api.w.org\/{rel}","templated":true}]}}