{"id":5717,"date":"2022-05-25T15:34:02","date_gmt":"2022-05-25T20:34:02","guid":{"rendered":"http:\/\/noticias.inderbu.gov.co\/?p=5717"},"modified":"2022-05-26T09:02:47","modified_gmt":"2022-05-26T14:02:47","slug":"por-elecciones-este-domingo-29-de-mayo-no-habra-recreovia-ni-servicio-en-escenarios-deportivos","status":"publish","type":"post","link":"https:\/\/noticias.inderbu.gov.co\/index.php\/2022\/05\/25\/por-elecciones-este-domingo-29-de-mayo-no-habra-recreovia-ni-servicio-en-escenarios-deportivos\/","title":{"rendered":"Por elecciones este domingo 29 de mayo no habr\u00e1 Recreov\u00eda ni servicio en escenarios deportivos"},"content":{"rendered":"\n<p>Con motivo de la realizaci\u00f3n de las elecciones presidenciales en Colombia, este domingo 29 de mayo, el INDERBU no realizar\u00e1 las Recreov\u00eda de la carrera 27, para facilitar el desplazamiento de los sufragantes a los diferentes sitios de votaci\u00f3n en Bucaramanga.<\/p>\n<div id=\"attachment_2215\" style=\"width: 881px\" class=\"wp-caption alignnone\"><img loading=\"lazy\" decoding=\"async\" aria-describedby=\"caption-attachment-2215\" class=\"size-full wp-image-2215\" src=\"http:\/\/noticias.inderbu.gov.co\/wp-content\/uploads\/2018\/12\/RECREOVIA-CRA27300-e1544740365632.jpg\" alt=\"\" width=\"871\" height=\"581\" \/><p id=\"caption-attachment-2215\" class=\"wp-caption-text\">Recreov\u00eda de la carrera 27<\/p><\/div>\n<p>\u00a0<\/p>\n<p>La realizaci\u00f3n de las Recreov\u00edas requieren de toda una infraestructura log\u00edstica, articulaci\u00f3n de esfuerzos e intervenciones de personal, que fue requerido como jurado o que ejerce su derecho al voto.\u00a0 Igualmente, por este \u00faltimo motivo, no habr\u00e1 servicio en los diferentes escenarios deportivos y recreativos administrados por el INDERBU.\u00a0 Para el d\u00eda festivo lunes 30 de mayo, los horarios de atenci\u00f3n en parques y escenarios deportivos ser\u00e1 como de costumbre.<\/p>\n<p>\u00a0<\/p>\n<p>Las v\u00edas donde se ejecuta la variada programaci\u00f3n de la VAS Recreov\u00eda con actividad f\u00edsica musicalizada, zonas de recreaci\u00f3n comunitaria con juegos pre-deportivos y tradicionales, la carpa saludable, zona infantil, la estaci\u00f3n de fuertemente activos y en general todo el trayecto para ciclistas, caminantes y patinadores; estar\u00e1n despejadas permitiendo el desplazamiento de los ciudadanos para que ejerzan su derecho al voto.<\/p>\n<p><strong>Pr\u00f3xima Recreov\u00eda el 5 de junio<\/strong><\/p>\n<p>El pr\u00f3ximo domingo 5 de junio, se reanudar\u00e1 la Recreov\u00eda en la carrera 27, brindando todo un trayecto seguro para ciclistas, caminantes, patinadores y seguidores de la actividad f\u00edsica musicalizada, desde la Avenida Gonz\u00e1lez Valencia hasta la calle 11, con una variada oferta de atenciones para ni\u00f1os, j\u00f3venes y adultos.\u00a0<\/p>\n","protected":false},"excerpt":{"rendered":"<p>Con motivo de la realizaci\u00f3n de las elecciones presidenciales en Colombia, este domingo 29 de mayo, el INDERBU no realizar\u00e1&#46;&#46;&#46;<\/p>\n","protected":false},"author":3,"featured_media":5725,"comment_status":"closed","ping_status":"closed","sticky":false,"template":"","format":"standard","meta":{"_bbp_topic_count":0,"_bbp_reply_count":0,"_bbp_total_topic_count":0,"_bbp_total_reply_count":0,"_bbp_voice_count":0,"_bbp_anonymous_reply_count":0,"_bbp_topic_count_hidden":0,"_bbp_reply_count_hidden":0,"_bbp_forum_subforum_count":0,"footnotes":""},"categories":[4,99],"tags":[61],"class_list":["post-5717","post","type-post","status-publish","format-standard","has-post-thumbnail","hentry","category-noticias","category-recreovias","tag-recreovias-inderbu"],"_links":{"self":[{"href":"https:\/\/noticias.inderbu.gov.co\/index.php\/wp-json\/wp\/v2\/posts\/5717","targetHints":{"allow":["GET"]}}],"collection":[{"href":"https:\/\/noticias.inderbu.gov.co\/index.php\/wp-json\/wp\/v2\/posts"}],"about":[{"href":"https:\/\/noticias.inderbu.gov.co\/index.php\/wp-json\/wp\/v2\/types\/post"}],"author":[{"embeddable":true,"href":"https:\/\/noticias.inderbu.gov.co\/index.php\/wp-json\/wp\/v2\/users\/3"}],"replies":[{"embeddable":true,"href":"https:\/\/noticias.inderbu.gov.co\/index.php\/wp-json\/wp\/v2\/comments?post=5717"}],"version-history":[{"count":4,"href":"https:\/\/noticias.inderbu.gov.co\/index.php\/wp-json\/wp\/v2\/posts\/5717\/revisions"}],"predecessor-version":[{"id":5723,"href":"https:\/\/noticias.inderbu.gov.co\/index.php\/wp-json\/wp\/v2\/posts\/5717\/revisions\/5723"}],"wp:featuredmedia":[{"embeddable":true,"href":"https:\/\/noticias.inderbu.gov.co\/index.php\/wp-json\/wp\/v2\/media\/5725"}],"wp:attachment":[{"href":"https:\/\/noticias.inderbu.gov.co\/index.php\/wp-json\/wp\/v2\/media?parent=5717"}],"wp:term":[{"taxonomy":"category","embeddable":true,"href":"https:\/\/noticias.inderbu.gov.co\/index.php\/wp-json\/wp\/v2\/categories?post=5717"},{"taxonomy":"post_tag","embeddable":true,"href":"https:\/\/noticias.inderbu.gov.co\/index.php\/wp-json\/wp\/v2\/tags?post=5717"}],"curies":[{"name":"wp","href":"https:\/\/api.w.org\/{rel}","templated":true}]}}