{"id":570,"date":"2017-06-22T09:56:20","date_gmt":"2017-06-22T14:56:20","guid":{"rendered":"http:\/\/noticias.inderbu.gov.co\/?p=570"},"modified":"2017-12-18T10:11:21","modified_gmt":"2017-12-18T15:11:21","slug":"nueva-junta-directiva-de-la-plataforma-juvenil-de-bucaramanga","status":"publish","type":"post","link":"https:\/\/noticias.inderbu.gov.co\/index.php\/2017\/06\/22\/nueva-junta-directiva-de-la-plataforma-juvenil-de-bucaramanga\/","title":{"rendered":"NUEVA JUNTA DIRECTIVA DE LA PLATAFORMA JUVENIL DE BUCARAMANGA"},"content":{"rendered":"<p style=\"text-align: center;\"><span style=\"font-size: 14pt;\"><strong>PARTICIPACI\u00d3N CIUDADANA DEL SECTOR JUVENIL<\/strong><\/span><\/p>\n\n\t\t<style>\n\t\t\t#gallery-1 {\n\t\t\t\tmargin: auto;\n\t\t\t}\n\t\t\t#gallery-1 .gallery-item {\n\t\t\t\tfloat: left;\n\t\t\t\tmargin-top: 10px;\n\t\t\t\ttext-align: center;\n\t\t\t\twidth: 50%;\n\t\t\t}\n\t\t\t#gallery-1 img {\n\t\t\t\tborder: 2px solid #cfcfcf;\n\t\t\t}\n\t\t\t#gallery-1 .gallery-caption {\n\t\t\t\tmargin-left: 0;\n\t\t\t}\n\t\t\t\/* see gallery_shortcode() in wp-includes\/media.php *\/\n\t\t<\/style>\n\t\t<div id='gallery-1' class='gallery galleryid-570 gallery-columns-2 gallery-size-medium'><dl class='gallery-item'>\n\t\t\t<dt class='gallery-icon landscape'>\n\t\t\t\t<a href='https:\/\/noticias.inderbu.gov.co\/index.php\/2017\/06\/22\/nueva-junta-directiva-de-la-plataforma-juvenil-de-bucaramanga\/plataforma-2\/'><img loading=\"lazy\" decoding=\"async\" width=\"300\" height=\"225\" src=\"https:\/\/noticias.inderbu.gov.co\/wp-content\/uploads\/2017\/12\/PLATAFORMA-1-300x225.jpg\" class=\"attachment-medium size-medium no-lazy\" alt=\"\" aria-describedby=\"gallery-1-572\" srcset=\"https:\/\/noticias.inderbu.gov.co\/wp-content\/uploads\/2017\/12\/PLATAFORMA-1-300x225.jpg 300w, https:\/\/noticias.inderbu.gov.co\/wp-content\/uploads\/2017\/12\/PLATAFORMA-1-768x576.jpg 768w, https:\/\/noticias.inderbu.gov.co\/wp-content\/uploads\/2017\/12\/PLATAFORMA-1.jpg 960w\" sizes=\"auto, (max-width: 300px) 100vw, 300px\" \/><\/a>\n\t\t\t<\/dt>\n\t\t\t\t<dd class='wp-caption-text gallery-caption' id='gallery-1-572'>\n\t\t\t\tPlataforma Juvenil\n\t\t\t\t<\/dd><\/dl><dl class='gallery-item'>\n\t\t\t<dt class='gallery-icon landscape'>\n\t\t\t\t<a href='https:\/\/noticias.inderbu.gov.co\/index.php\/2017\/06\/22\/nueva-junta-directiva-de-la-plataforma-juvenil-de-bucaramanga\/partic-ciudana\/'><img loading=\"lazy\" decoding=\"async\" width=\"300\" height=\"169\" src=\"https:\/\/noticias.inderbu.gov.co\/wp-content\/uploads\/2017\/12\/PARTIC-CIUDANA-300x169.jpg\" class=\"attachment-medium size-medium no-lazy\" alt=\"\" aria-describedby=\"gallery-1-573\" srcset=\"https:\/\/noticias.inderbu.gov.co\/wp-content\/uploads\/2017\/12\/PARTIC-CIUDANA-300x169.jpg 300w, https:\/\/noticias.inderbu.gov.co\/wp-content\/uploads\/2017\/12\/PARTIC-CIUDANA-768x432.jpg 768w, https:\/\/noticias.inderbu.gov.co\/wp-content\/uploads\/2017\/12\/PARTIC-CIUDANA-1024x576.jpg 1024w, https:\/\/noticias.inderbu.gov.co\/wp-content\/uploads\/2017\/12\/PARTIC-CIUDANA-e1513609533236.jpg 871w\" sizes=\"auto, (max-width: 300px) 100vw, 300px\" \/><\/a>\n\t\t\t<\/dt>\n\t\t\t\t<dd class='wp-caption-text gallery-caption' id='gallery-1-573'>\n\t\t\t\tPresidente Plataforma Juvenil Bucaramanga\n\t\t\t\t<\/dd><\/dl><br style=\"clear: both\" \/>\n\t\t<\/div>\n\n<p style=\"text-align: justify;\"><em>La Plataforma Juvenil de Bucaramanga, tiene nueva junta directiva, elegida el pasado 21 de marzo y registrada ante la Personer\u00eda de Bucaramanga seg\u00fan resoluci\u00f3n 091 del 14 de junio.<\/em><\/p>\n<p style=\"text-align: justify;\"><em>Los j\u00f3venes en asamblea tambi\u00e9n aprobaron estatutos de la Plataforma y fijaron horizontes de acci\u00f3n para el \u00f3rgano que bajo el amparo del art\u00edculo 60 de la Ley 1622 \u201cEstatuto de Ciudadan\u00eda Juvenil\u201d, tiene como funci\u00f3n asesor, articular, coordinar, concertar, realizar veedur\u00eda y control social a las entidades y agendas de juventud en los municipios.<\/em><\/p>\n<p style=\"text-align: justify;\"><em>Seg\u00fan inform\u00f3 el subdirector Operativo del INDERBU, Lic. \u00c1lvaro Jos\u00e9 Cote Mendoza, \u201cen Bucaramanga la Plataforma Juvenil\u00a0 fue creada el 12 de agosto del 2016 y su funcionamiento ha sido activo y evolutivo en la medida en que se ha abierto un espacio de participaci\u00f3n y representaci\u00f3n a todas las organizaciones juveniles, que articuladamente vienen trabajando y se les ha orientado en la consolidaci\u00f3n de su horizonte de acci\u00f3n\u201d.<\/em><\/p>\n<p><strong><em>Los j\u00f3venes que conforman la nueva junta directiva son: <\/em><\/strong><\/p>\n<ul>\n<li><em>Presidente: Robinson Hosnayder Duarte L\u00f3pez, organizaci\u00f3n juvenil \u201cSi Podemos\u201d.<\/em><\/li>\n<li><em>Vicepresidente: Javier Alberto V\u00e1squez D\u00edaz, organizaci\u00f3n juvenil AICO.<\/em><\/li>\n<li><em>Secretario: Jos\u00e9 Mario Prieto Alvarado, organizaci\u00f3n juvenil ASOLGBTIQ S\/DER.<\/em><\/li>\n<li><em>Vocal: Juan Andr\u00e9s Lizarazo Barajas, organizaci\u00f3n Juvenil \u201cMejor Aire Bucaramanga\u201d.<\/em><\/li>\n<li><em>Vocal: Diego Armando Su\u00e1rez Novoa, Organizaci\u00f3n juvenil \u201cCorporaci\u00f3n Toma Directa\u201d.<\/em><\/li>\n<\/ul>\n<p><em>\u00a0<\/em><\/p>\n\n\t\t<style>\n\t\t\t#gallery-2 {\n\t\t\t\tmargin: auto;\n\t\t\t}\n\t\t\t#gallery-2 .gallery-item {\n\t\t\t\tfloat: left;\n\t\t\t\tmargin-top: 10px;\n\t\t\t\ttext-align: center;\n\t\t\t\twidth: 50%;\n\t\t\t}\n\t\t\t#gallery-2 img {\n\t\t\t\tborder: 2px solid #cfcfcf;\n\t\t\t}\n\t\t\t#gallery-2 .gallery-caption {\n\t\t\t\tmargin-left: 0;\n\t\t\t}\n\t\t\t\/* see gallery_shortcode() in wp-includes\/media.php *\/\n\t\t<\/style>\n\t\t<div id='gallery-2' class='gallery galleryid-570 gallery-columns-2 gallery-size-large'><dl class='gallery-item'>\n\t\t\t<dt class='gallery-icon portrait'>\n\t\t\t\t<a href='https:\/\/noticias.inderbu.gov.co\/index.php\/2017\/06\/22\/nueva-junta-directiva-de-la-plataforma-juvenil-de-bucaramanga\/resolucion1\/'><img loading=\"lazy\" decoding=\"async\" width=\"696\" height=\"1024\" src=\"https:\/\/noticias.inderbu.gov.co\/wp-content\/uploads\/2017\/06\/resolucion1-696x1024.jpg\" class=\"attachment-large size-large no-lazy\" alt=\"\" aria-describedby=\"gallery-2-575\" srcset=\"https:\/\/noticias.inderbu.gov.co\/wp-content\/uploads\/2017\/06\/resolucion1-696x1024.jpg 696w, https:\/\/noticias.inderbu.gov.co\/wp-content\/uploads\/2017\/06\/resolucion1-204x300.jpg 204w, https:\/\/noticias.inderbu.gov.co\/wp-content\/uploads\/2017\/06\/resolucion1-768x1130.jpg 768w, https:\/\/noticias.inderbu.gov.co\/wp-content\/uploads\/2017\/06\/resolucion1-e1513609723237.jpg 871w\" sizes=\"auto, (max-width: 696px) 100vw, 696px\" \/><\/a>\n\t\t\t<\/dt>\n\t\t\t\t<dd class='wp-caption-text gallery-caption' id='gallery-2-575'>\n\t\t\t\tResoluci\u00f3n Primera parte\n\t\t\t\t<\/dd><\/dl><dl class='gallery-item'>\n\t\t\t<dt class='gallery-icon portrait'>\n\t\t\t\t<a href='https:\/\/noticias.inderbu.gov.co\/index.php\/2017\/06\/22\/nueva-junta-directiva-de-la-plataforma-juvenil-de-bucaramanga\/resolucion2\/'><img loading=\"lazy\" decoding=\"async\" width=\"705\" height=\"1024\" src=\"https:\/\/noticias.inderbu.gov.co\/wp-content\/uploads\/2017\/06\/resolucion2-705x1024.jpg\" class=\"attachment-large size-large no-lazy\" alt=\"\" aria-describedby=\"gallery-2-576\" srcset=\"https:\/\/noticias.inderbu.gov.co\/wp-content\/uploads\/2017\/06\/resolucion2-705x1024.jpg 705w, https:\/\/noticias.inderbu.gov.co\/wp-content\/uploads\/2017\/06\/resolucion2-207x300.jpg 207w, https:\/\/noticias.inderbu.gov.co\/wp-content\/uploads\/2017\/06\/resolucion2-768x1115.jpg 768w, https:\/\/noticias.inderbu.gov.co\/wp-content\/uploads\/2017\/06\/resolucion2-e1513609764435.jpg 871w\" sizes=\"auto, (max-width: 705px) 100vw, 705px\" \/><\/a>\n\t\t\t<\/dt>\n\t\t\t\t<dd class='wp-caption-text gallery-caption' id='gallery-2-576'>\n\t\t\t\tResoluci\u00f3n segunda parte\n\t\t\t\t<\/dd><\/dl><br style=\"clear: both\" \/>\n\t\t<\/div>\n\n","protected":false},"excerpt":{"rendered":"<p>PARTICIPACI\u00d3N CIUDADANA DEL SECTOR JUVENIL La Plataforma Juvenil de Bucaramanga, tiene nueva junta directiva, elegida el pasado 21 de marzo&#46;&#46;&#46;<\/p>\n","protected":false},"author":3,"featured_media":571,"comment_status":"closed","ping_status":"open","sticky":false,"template":"","format":"standard","meta":{"_bbp_topic_count":0,"_bbp_reply_count":0,"_bbp_total_topic_count":0,"_bbp_total_reply_count":0,"_bbp_voice_count":0,"_bbp_anonymous_reply_count":0,"_bbp_topic_count_hidden":0,"_bbp_reply_count_hidden":0,"_bbp_forum_subforum_count":0,"footnotes":""},"categories":[13,4],"tags":[],"class_list":["post-570","post","type-post","status-publish","format-standard","has-post-thumbnail","hentry","category-juventud","category-noticias"],"_links":{"self":[{"href":"https:\/\/noticias.inderbu.gov.co\/index.php\/wp-json\/wp\/v2\/posts\/570","targetHints":{"allow":["GET"]}}],"collection":[{"href":"https:\/\/noticias.inderbu.gov.co\/index.php\/wp-json\/wp\/v2\/posts"}],"about":[{"href":"https:\/\/noticias.inderbu.gov.co\/index.php\/wp-json\/wp\/v2\/types\/post"}],"author":[{"embeddable":true,"href":"https:\/\/noticias.inderbu.gov.co\/index.php\/wp-json\/wp\/v2\/users\/3"}],"replies":[{"embeddable":true,"href":"https:\/\/noticias.inderbu.gov.co\/index.php\/wp-json\/wp\/v2\/comments?post=570"}],"version-history":[{"count":2,"href":"https:\/\/noticias.inderbu.gov.co\/index.php\/wp-json\/wp\/v2\/posts\/570\/revisions"}],"predecessor-version":[{"id":578,"href":"https:\/\/noticias.inderbu.gov.co\/index.php\/wp-json\/wp\/v2\/posts\/570\/revisions\/578"}],"wp:featuredmedia":[{"embeddable":true,"href":"https:\/\/noticias.inderbu.gov.co\/index.php\/wp-json\/wp\/v2\/media\/571"}],"wp:attachment":[{"href":"https:\/\/noticias.inderbu.gov.co\/index.php\/wp-json\/wp\/v2\/media?parent=570"}],"wp:term":[{"taxonomy":"category","embeddable":true,"href":"https:\/\/noticias.inderbu.gov.co\/index.php\/wp-json\/wp\/v2\/categories?post=570"},{"taxonomy":"post_tag","embeddable":true,"href":"https:\/\/noticias.inderbu.gov.co\/index.php\/wp-json\/wp\/v2\/tags?post=570"}],"curies":[{"name":"wp","href":"https:\/\/api.w.org\/{rel}","templated":true}]}}