{"id":5583,"date":"2022-02-25T16:54:06","date_gmt":"2022-02-25T21:54:06","guid":{"rendered":"http:\/\/noticias.inderbu.gov.co\/?p=5583"},"modified":"2022-02-25T16:54:09","modified_gmt":"2022-02-25T21:54:09","slug":"inderbu-apoya-segunda-copa-al-pedal-kids-ride-de-bmx","status":"publish","type":"post","link":"https:\/\/noticias.inderbu.gov.co\/index.php\/2022\/02\/25\/inderbu-apoya-segunda-copa-al-pedal-kids-ride-de-bmx\/","title":{"rendered":"INDERBU apoya Segunda Copa Al Pedal &#8211; Kids Ride de BMX"},"content":{"rendered":"\n<p>Este domingo 27 de febrero se llevar\u00e1 a cabo la segunda Copa Al Pedal &#8211; Kids Ride en la pista BMX del Parque Extremo de San Mart\u00edn, evento organizado por los clubes deportivos \u201cAl Pedal\u201d y \u201cKids Ride\u201d apoyado por el INDERBU.<\/p>\n<div id=\"attachment_5585\" style=\"width: 1091px\" class=\"wp-caption alignnone\"><img loading=\"lazy\" decoding=\"async\" aria-describedby=\"caption-attachment-5585\" class=\"size-full wp-image-5585\" src=\"http:\/\/noticias.inderbu.gov.co\/wp-content\/uploads\/2022\/02\/AL-PEDAL-1.png\" alt=\"\" width=\"1081\" height=\"1081\" srcset=\"https:\/\/noticias.inderbu.gov.co\/wp-content\/uploads\/2022\/02\/AL-PEDAL-1.png 1081w, https:\/\/noticias.inderbu.gov.co\/wp-content\/uploads\/2022\/02\/AL-PEDAL-1-300x300.png 300w, https:\/\/noticias.inderbu.gov.co\/wp-content\/uploads\/2022\/02\/AL-PEDAL-1-1024x1024.png 1024w, https:\/\/noticias.inderbu.gov.co\/wp-content\/uploads\/2022\/02\/AL-PEDAL-1-150x150.png 150w, https:\/\/noticias.inderbu.gov.co\/wp-content\/uploads\/2022\/02\/AL-PEDAL-1-768x768.png 768w, https:\/\/noticias.inderbu.gov.co\/wp-content\/uploads\/2022\/02\/AL-PEDAL-1-80x80.png 80w, https:\/\/noticias.inderbu.gov.co\/wp-content\/uploads\/2022\/02\/AL-PEDAL-1-320x320.png 320w\" sizes=\"auto, (max-width: 1081px) 100vw, 1081px\" \/><p id=\"caption-attachment-5585\" class=\"wp-caption-text\">INDERBU apoya Segunda Copa Al Pedal &#8211; Kids Ride de BMX<\/p><\/div>\n<p>\u00a0<\/p>\n<p>Desde las 9:00 de la ma\u00f1ana el parque Extremo de San Mar\u00edn recibir\u00e1 las categor\u00edas:<\/p>\n<ul>\n<li>Damas: 2020, 2019, 2018, 2017<\/li>\n<li>Varones: 2020, 2019, 2018, 2017<\/li>\n<\/ul>\n<p>En esta segunda versi\u00f3n de la Copa Al Pedal -Kids Ride, \u00fanica copa de miniriders a nivel nacional, los clubes deportivos a\u00fanan esfuerzos por garantizar un evento de altura, promoviendo el deporte en la primera infancia.<\/p>\n<p>\u00a0<\/p>\n","protected":false},"excerpt":{"rendered":"<p>Este domingo 27 de febrero se llevar\u00e1 a cabo la segunda Copa Al Pedal &#8211; Kids Ride en la pista&#46;&#46;&#46;<\/p>\n","protected":false},"author":3,"featured_media":5584,"comment_status":"closed","ping_status":"closed","sticky":false,"template":"","format":"standard","meta":{"_bbp_topic_count":0,"_bbp_reply_count":0,"_bbp_total_topic_count":0,"_bbp_total_reply_count":0,"_bbp_voice_count":0,"_bbp_anonymous_reply_count":0,"_bbp_topic_count_hidden":0,"_bbp_reply_count_hidden":0,"_bbp_forum_subforum_count":0,"footnotes":""},"categories":[48,4],"tags":[118],"class_list":["post-5583","post","type-post","status-publish","format-standard","has-post-thumbnail","hentry","category-deporte-asociado","category-noticias","tag-inderbu-es-juventud"],"_links":{"self":[{"href":"https:\/\/noticias.inderbu.gov.co\/index.php\/wp-json\/wp\/v2\/posts\/5583","targetHints":{"allow":["GET"]}}],"collection":[{"href":"https:\/\/noticias.inderbu.gov.co\/index.php\/wp-json\/wp\/v2\/posts"}],"about":[{"href":"https:\/\/noticias.inderbu.gov.co\/index.php\/wp-json\/wp\/v2\/types\/post"}],"author":[{"embeddable":true,"href":"https:\/\/noticias.inderbu.gov.co\/index.php\/wp-json\/wp\/v2\/users\/3"}],"replies":[{"embeddable":true,"href":"https:\/\/noticias.inderbu.gov.co\/index.php\/wp-json\/wp\/v2\/comments?post=5583"}],"version-history":[{"count":1,"href":"https:\/\/noticias.inderbu.gov.co\/index.php\/wp-json\/wp\/v2\/posts\/5583\/revisions"}],"predecessor-version":[{"id":5586,"href":"https:\/\/noticias.inderbu.gov.co\/index.php\/wp-json\/wp\/v2\/posts\/5583\/revisions\/5586"}],"wp:featuredmedia":[{"embeddable":true,"href":"https:\/\/noticias.inderbu.gov.co\/index.php\/wp-json\/wp\/v2\/media\/5584"}],"wp:attachment":[{"href":"https:\/\/noticias.inderbu.gov.co\/index.php\/wp-json\/wp\/v2\/media?parent=5583"}],"wp:term":[{"taxonomy":"category","embeddable":true,"href":"https:\/\/noticias.inderbu.gov.co\/index.php\/wp-json\/wp\/v2\/categories?post=5583"},{"taxonomy":"post_tag","embeddable":true,"href":"https:\/\/noticias.inderbu.gov.co\/index.php\/wp-json\/wp\/v2\/tags?post=5583"}],"curies":[{"name":"wp","href":"https:\/\/api.w.org\/{rel}","templated":true}]}}