{"id":5460,"date":"2021-12-20T16:50:04","date_gmt":"2021-12-20T21:50:04","guid":{"rendered":"http:\/\/noticias.inderbu.gov.co\/?p=5460"},"modified":"2021-12-20T16:50:04","modified_gmt":"2021-12-20T21:50:04","slug":"caravanas-recreativas-vacacionales-con-el-inderbu","status":"publish","type":"post","link":"https:\/\/noticias.inderbu.gov.co\/index.php\/2021\/12\/20\/caravanas-recreativas-vacacionales-con-el-inderbu\/","title":{"rendered":"Caravanas recreativas vacacionales con el INDERBU"},"content":{"rendered":"<p>En navidad el INDERBU lleva caravanas recreativas vacacionales a diferentes sectores de Bucaramanga, con divertidas actividades, juegos y din\u00e1micas que llenar\u00e1n de alegr\u00eda a los ni\u00f1os de Rinc\u00f3n de la Paz, Hacienda San Juan, La Feria, La Ceiba y el Pantano II.<\/p>\n<div id=\"attachment_5461\" style=\"width: 881px\" class=\"wp-caption alignnone\"><img loading=\"lazy\" decoding=\"async\" aria-describedby=\"caption-attachment-5461\" class=\"size-full wp-image-5461\" src=\"http:\/\/noticias.inderbu.gov.co\/wp-content\/uploads\/2021\/12\/caravanas-vacaciones-e1640036904650.jpeg\" alt=\"\" width=\"871\" height=\"455\" \/><p id=\"caption-attachment-5461\" class=\"wp-caption-text\">Caravana recreativa vacacional en Rinc\u00f3n de La Paz<\/p><\/div>\n<p>En cada caravana recreativa de vacaciones con INDERBU, los ni\u00f1os disfrutar\u00e1n de globoflexia, pintura art\u00edstica, puntucaritas, adem\u00e1s de las estaciones con juegos deportivos y recreativos.<\/p>\n<p>&nbsp;<\/p>\n<p><strong>Rutas Caravanas Recreativas vacacionales<\/strong><\/p>\n<table>\n<tbody>\n<tr>\n<td width=\"104\"><strong>DIA<\/strong><\/td>\n<td width=\"161\"><strong>LUGAR<\/strong><\/td>\n<td width=\"113\"><strong>HORA<\/strong><\/td>\n<\/tr>\n<tr>\n<td width=\"104\">Lunes 20<\/td>\n<td width=\"161\">Rinc\u00f3n de la Paz<\/td>\n<td width=\"113\">3:00 pm<\/td>\n<\/tr>\n<tr>\n<td width=\"104\">Martes 21<\/td>\n<td width=\"161\">Hacienda San Juan<\/td>\n<td width=\"113\">3:00 pm<\/td>\n<\/tr>\n<tr>\n<td width=\"104\">Mi\u00e9rcoles 22<\/td>\n<td width=\"161\">La Feria<\/td>\n<td width=\"113\">9:00 am<\/td>\n<\/tr>\n<tr>\n<td width=\"104\">Jueves 23<\/td>\n<td width=\"161\">La Ceiba<\/td>\n<td width=\"113\">3:00 pm<\/td>\n<\/tr>\n<tr>\n<td width=\"104\">Lunes 27<\/td>\n<td width=\"161\">Pantano II<\/td>\n<td width=\"113\">3:00 pm<\/td>\n<\/tr>\n<\/tbody>\n<\/table>\n<p>&nbsp;<\/p>\n<p>La\u00a0<strong>recreaci\u00f3n<\/strong>\u00a0favorece el desarrollo de diferentes destrezas motoras y psicol\u00f3gicas. Por ello el INDERBU propicia que los ni\u00f1os interact\u00faen en sus entornos, jugando activamente tanto individual como grupalmente.<\/p>\n<p>&nbsp;<\/p>\n<p>\u00a1El Deporte y la Recreaci\u00f3n como herramientas de paz!<\/p>\n<p>&nbsp;<\/p>\n","protected":false},"excerpt":{"rendered":"<p>En navidad el INDERBU lleva caravanas recreativas vacacionales a diferentes sectores de Bucaramanga, con divertidas actividades, juegos y din\u00e1micas que&#46;&#46;&#46;<\/p>\n","protected":false},"author":3,"featured_media":5461,"comment_status":"closed","ping_status":"closed","sticky":false,"template":"","format":"standard","meta":{"_bbp_topic_count":0,"_bbp_reply_count":0,"_bbp_total_topic_count":0,"_bbp_total_reply_count":0,"_bbp_voice_count":0,"_bbp_anonymous_reply_count":0,"_bbp_topic_count_hidden":0,"_bbp_reply_count_hidden":0,"_bbp_forum_subforum_count":0,"footnotes":""},"categories":[4,127],"tags":[88],"class_list":["post-5460","post","type-post","status-publish","format-standard","has-post-thumbnail","hentry","category-noticias","category-recreacion-comunitaria","tag-vacaciones-recreativas"],"_links":{"self":[{"href":"https:\/\/noticias.inderbu.gov.co\/index.php\/wp-json\/wp\/v2\/posts\/5460","targetHints":{"allow":["GET"]}}],"collection":[{"href":"https:\/\/noticias.inderbu.gov.co\/index.php\/wp-json\/wp\/v2\/posts"}],"about":[{"href":"https:\/\/noticias.inderbu.gov.co\/index.php\/wp-json\/wp\/v2\/types\/post"}],"author":[{"embeddable":true,"href":"https:\/\/noticias.inderbu.gov.co\/index.php\/wp-json\/wp\/v2\/users\/3"}],"replies":[{"embeddable":true,"href":"https:\/\/noticias.inderbu.gov.co\/index.php\/wp-json\/wp\/v2\/comments?post=5460"}],"version-history":[{"count":1,"href":"https:\/\/noticias.inderbu.gov.co\/index.php\/wp-json\/wp\/v2\/posts\/5460\/revisions"}],"predecessor-version":[{"id":5462,"href":"https:\/\/noticias.inderbu.gov.co\/index.php\/wp-json\/wp\/v2\/posts\/5460\/revisions\/5462"}],"wp:featuredmedia":[{"embeddable":true,"href":"https:\/\/noticias.inderbu.gov.co\/index.php\/wp-json\/wp\/v2\/media\/5461"}],"wp:attachment":[{"href":"https:\/\/noticias.inderbu.gov.co\/index.php\/wp-json\/wp\/v2\/media?parent=5460"}],"wp:term":[{"taxonomy":"category","embeddable":true,"href":"https:\/\/noticias.inderbu.gov.co\/index.php\/wp-json\/wp\/v2\/categories?post=5460"},{"taxonomy":"post_tag","embeddable":true,"href":"https:\/\/noticias.inderbu.gov.co\/index.php\/wp-json\/wp\/v2\/tags?post=5460"}],"curies":[{"name":"wp","href":"https:\/\/api.w.org\/{rel}","templated":true}]}}