{"id":5354,"date":"2021-11-23T22:32:53","date_gmt":"2021-11-24T03:32:53","guid":{"rendered":"http:\/\/noticias.inderbu.gov.co\/?p=5354"},"modified":"2021-11-23T22:32:53","modified_gmt":"2021-11-24T03:32:53","slug":"eventos-especiales-de-actividad-fisica-con-el-inderbu","status":"publish","type":"post","link":"https:\/\/noticias.inderbu.gov.co\/index.php\/2021\/11\/23\/eventos-especiales-de-actividad-fisica-con-el-inderbu\/","title":{"rendered":"Eventos especiales de actividad f\u00edsica con el INDERBU"},"content":{"rendered":"<p>El INDERBU contin\u00faa fomentando los h\u00e1bitos y estilos de vida saludables en diferentes sectores de Bucaramanga, con eventos especiales de actividad f\u00edsica transformados en fiestas de integraci\u00f3n comunitaria.<\/p>\n<div id=\"attachment_5355\" style=\"width: 881px\" class=\"wp-caption alignnone\"><img loading=\"lazy\" decoding=\"async\" aria-describedby=\"caption-attachment-5355\" class=\"size-full wp-image-5355\" src=\"http:\/\/noticias.inderbu.gov.co\/wp-content\/uploads\/2021\/11\/noche-latina-e1637723936432.jpg\" alt=\"\" width=\"871\" height=\"871\" \/><p id=\"caption-attachment-5355\" class=\"wp-caption-text\">Noche Latina HEVS<\/p><\/div>\n<p>Los instructores del INDERBU finalizan mes con coloridos eventos animados con los mejores ritmos.<\/p>\n<p>&nbsp;<\/p>\n<p>Mi\u00e9rcoles de Noche Latina:<\/p>\n<p>En las canchas de Coaviconsa la comunidad se viste de rojo para bailar desde las 7:00 pm con movidos ritmos latinos las coreograf\u00edas del equipo de H\u00e1bitos y Estilos de vida Saludables del INDERBU.<\/p>\n<p>&nbsp;<\/p>\n<p>Jueves de fiesta HEVS:<\/p>\n<p>En el barrio El Porvenir la fiesta es desde las 7:00 de la noche, siguiendo las rutinas de baile de los instructores del INDERBU.<\/p>\n<p>&nbsp;<\/p>\n<p>Viernes Todos a Bailar:<\/p>\n<p>Los instructores de actividad f\u00edsica del INDERBU, estar\u00e1n en el polideportivo de Ciudad Bol\u00edvar el viernes desde las 7:00 de la noche, convocando a la comunidad a vestirse de rojo y llevar bast\u00f3n para coreograf\u00eda.<\/p>\n<div id=\"attachment_5356\" style=\"width: 881px\" class=\"wp-caption alignnone\"><img loading=\"lazy\" decoding=\"async\" aria-describedby=\"caption-attachment-5356\" class=\"size-full wp-image-5356\" src=\"http:\/\/noticias.inderbu.gov.co\/wp-content\/uploads\/2021\/11\/TODOS-A-BAILAR-e1637724061949.jpg\" alt=\"\" width=\"871\" height=\"871\" \/><p id=\"caption-attachment-5356\" class=\"wp-caption-text\">Todos a Bailar HEVS INDERBU<\/p><\/div>\n<p>Recreov\u00eda navide\u00f1a<\/p>\n<p>El domingo 28 ser\u00e1 la gran fiesta navide\u00f1a en la Recreov\u00eda de la carrera 27.\u00a0 La tarima de actividad f\u00edsica ubicada frente al Sena se desbordar\u00e1 de energ\u00eda para vivir sesiones especiales con l\u00edderes del Diplomado en Actividad f\u00edsica, cerrando ciclo de noviembre.<\/p>\n","protected":false},"excerpt":{"rendered":"<p>El INDERBU contin\u00faa fomentando los h\u00e1bitos y estilos de vida saludables en diferentes sectores de Bucaramanga, con eventos especiales de&#46;&#46;&#46;<\/p>\n","protected":false},"author":3,"featured_media":5357,"comment_status":"closed","ping_status":"closed","sticky":false,"template":"","format":"standard","meta":{"_bbp_topic_count":0,"_bbp_reply_count":0,"_bbp_total_topic_count":0,"_bbp_total_reply_count":0,"_bbp_voice_count":0,"_bbp_anonymous_reply_count":0,"_bbp_topic_count_hidden":0,"_bbp_reply_count_hidden":0,"_bbp_forum_subforum_count":0,"footnotes":""},"categories":[6,4],"tags":[143,61,117],"class_list":["post-5354","post","type-post","status-publish","format-standard","has-post-thumbnail","hentry","category-actifisica","category-noticias","tag-actividad-fisica-con-inderbu","tag-recreovias-inderbu","tag-vias-activas-y-saludables"],"_links":{"self":[{"href":"https:\/\/noticias.inderbu.gov.co\/index.php\/wp-json\/wp\/v2\/posts\/5354","targetHints":{"allow":["GET"]}}],"collection":[{"href":"https:\/\/noticias.inderbu.gov.co\/index.php\/wp-json\/wp\/v2\/posts"}],"about":[{"href":"https:\/\/noticias.inderbu.gov.co\/index.php\/wp-json\/wp\/v2\/types\/post"}],"author":[{"embeddable":true,"href":"https:\/\/noticias.inderbu.gov.co\/index.php\/wp-json\/wp\/v2\/users\/3"}],"replies":[{"embeddable":true,"href":"https:\/\/noticias.inderbu.gov.co\/index.php\/wp-json\/wp\/v2\/comments?post=5354"}],"version-history":[{"count":1,"href":"https:\/\/noticias.inderbu.gov.co\/index.php\/wp-json\/wp\/v2\/posts\/5354\/revisions"}],"predecessor-version":[{"id":5358,"href":"https:\/\/noticias.inderbu.gov.co\/index.php\/wp-json\/wp\/v2\/posts\/5354\/revisions\/5358"}],"wp:featuredmedia":[{"embeddable":true,"href":"https:\/\/noticias.inderbu.gov.co\/index.php\/wp-json\/wp\/v2\/media\/5357"}],"wp:attachment":[{"href":"https:\/\/noticias.inderbu.gov.co\/index.php\/wp-json\/wp\/v2\/media?parent=5354"}],"wp:term":[{"taxonomy":"category","embeddable":true,"href":"https:\/\/noticias.inderbu.gov.co\/index.php\/wp-json\/wp\/v2\/categories?post=5354"},{"taxonomy":"post_tag","embeddable":true,"href":"https:\/\/noticias.inderbu.gov.co\/index.php\/wp-json\/wp\/v2\/tags?post=5354"}],"curies":[{"name":"wp","href":"https:\/\/api.w.org\/{rel}","templated":true}]}}