{"id":5322,"date":"2021-11-12T10:22:24","date_gmt":"2021-11-12T15:22:24","guid":{"rendered":"http:\/\/noticias.inderbu.gov.co\/?p=5322"},"modified":"2021-11-12T10:22:24","modified_gmt":"2021-11-12T15:22:24","slug":"resolucion-por-la-cual-se-modifica-parciamente-el-manual-de-funciones-y-de-competencias-laborales-para-el-empleo-de-director-general","status":"publish","type":"post","link":"https:\/\/noticias.inderbu.gov.co\/index.php\/2021\/11\/12\/resolucion-por-la-cual-se-modifica-parciamente-el-manual-de-funciones-y-de-competencias-laborales-para-el-empleo-de-director-general\/","title":{"rendered":"Resoluci\u00f3n por la cual se modifica parciamente el Manual de Funciones y de Competencias Laborales para el empleo de Director General"},"content":{"rendered":"<p>Publicamos en p\u00e1gina web la Resoluci\u00f3n n\u00famero 153 de 2021 por la cual se modifica parcialmente el Decreto 01 de 2015, Manual Especifico de Funciones y de Competencias laborales para el empleo Director General del INDERBU.<\/p>\n<p><img loading=\"lazy\" decoding=\"async\" class=\"alignnone size-full wp-image-1274\" src=\"http:\/\/noticias.inderbu.gov.co\/wp-content\/uploads\/2018\/05\/poliza-de-seguro-e1527540445108.jpg\" alt=\"\" width=\"871\" height=\"406\" \/><\/p>\n<p>&nbsp;<\/p>\n<p>Vencido el termino no se recibi\u00f3 observaci\u00f3n alguna por lo que se da por cumplido lo dispuesto<br \/>\nen el par\u00e1grafo 3 del art\u00edculo 2.2.2.6.1 del Decreto 1083 de 2015 modificado por el Decreto 498 de<br \/>\n2020 y, al art\u00edculo 1 del Decreto 051 de 2018, sobre la modificaci\u00f3n parcial al manual de funciones<br \/>\ny competencias en lo que concierne al cargo de Director General del INDERBU.<\/p>\n<p><strong>Descargue aqu\u00ed Resoluci\u00f3n:<\/strong><\/p>\n<p><a href=\"http:\/\/noticias.inderbu.gov.co\/wp-content\/uploads\/2021\/11\/Res-153-2021-MODIFICA-manual-funciones-DIRECTOR-GENERAL.pdf\">Res 153-2021 MODIFICA manual funciones DIRECTOR GENERAL<\/a><\/p>\n","protected":false},"excerpt":{"rendered":"<p>Publicamos en p\u00e1gina web la Resoluci\u00f3n n\u00famero 153 de 2021 por la cual se modifica parcialmente el Decreto 01 de&#46;&#46;&#46;<\/p>\n","protected":false},"author":3,"featured_media":1274,"comment_status":"closed","ping_status":"closed","sticky":false,"template":"","format":"standard","meta":{"_bbp_topic_count":0,"_bbp_reply_count":0,"_bbp_total_topic_count":0,"_bbp_total_reply_count":0,"_bbp_voice_count":0,"_bbp_anonymous_reply_count":0,"_bbp_topic_count_hidden":0,"_bbp_reply_count_hidden":0,"_bbp_forum_subforum_count":0,"footnotes":""},"categories":[4],"tags":[],"class_list":["post-5322","post","type-post","status-publish","format-standard","has-post-thumbnail","hentry","category-noticias"],"_links":{"self":[{"href":"https:\/\/noticias.inderbu.gov.co\/index.php\/wp-json\/wp\/v2\/posts\/5322","targetHints":{"allow":["GET"]}}],"collection":[{"href":"https:\/\/noticias.inderbu.gov.co\/index.php\/wp-json\/wp\/v2\/posts"}],"about":[{"href":"https:\/\/noticias.inderbu.gov.co\/index.php\/wp-json\/wp\/v2\/types\/post"}],"author":[{"embeddable":true,"href":"https:\/\/noticias.inderbu.gov.co\/index.php\/wp-json\/wp\/v2\/users\/3"}],"replies":[{"embeddable":true,"href":"https:\/\/noticias.inderbu.gov.co\/index.php\/wp-json\/wp\/v2\/comments?post=5322"}],"version-history":[{"count":1,"href":"https:\/\/noticias.inderbu.gov.co\/index.php\/wp-json\/wp\/v2\/posts\/5322\/revisions"}],"predecessor-version":[{"id":5324,"href":"https:\/\/noticias.inderbu.gov.co\/index.php\/wp-json\/wp\/v2\/posts\/5322\/revisions\/5324"}],"wp:featuredmedia":[{"embeddable":true,"href":"https:\/\/noticias.inderbu.gov.co\/index.php\/wp-json\/wp\/v2\/media\/1274"}],"wp:attachment":[{"href":"https:\/\/noticias.inderbu.gov.co\/index.php\/wp-json\/wp\/v2\/media?parent=5322"}],"wp:term":[{"taxonomy":"category","embeddable":true,"href":"https:\/\/noticias.inderbu.gov.co\/index.php\/wp-json\/wp\/v2\/categories?post=5322"},{"taxonomy":"post_tag","embeddable":true,"href":"https:\/\/noticias.inderbu.gov.co\/index.php\/wp-json\/wp\/v2\/tags?post=5322"}],"curies":[{"name":"wp","href":"https:\/\/api.w.org\/{rel}","templated":true}]}}