{"id":5285,"date":"2021-11-05T16:34:38","date_gmt":"2021-11-05T21:34:38","guid":{"rendered":"http:\/\/noticias.inderbu.gov.co\/?p=5285"},"modified":"2021-11-09T11:45:53","modified_gmt":"2021-11-09T16:45:53","slug":"olimpiadas-municipales-inderbu-para-personas-con-discapacidad","status":"publish","type":"post","link":"https:\/\/noticias.inderbu.gov.co\/index.php\/2021\/11\/05\/olimpiadas-municipales-inderbu-para-personas-con-discapacidad\/","title":{"rendered":"Olimpiadas para Personas con Discapacidad INDERBU 2021"},"content":{"rendered":"<p>En el mes de noviembre el INDERBU realiza las Olimpiadas Municipales para Personas con Discapacidad, desarrollando un cronograma de eventos deportivos especiales, que propician deporte incluyente.<\/p>\n<div id=\"attachment_5286\" style=\"width: 881px\" class=\"wp-caption alignnone\"><img loading=\"lazy\" decoding=\"async\" aria-describedby=\"caption-attachment-5286\" class=\"size-full wp-image-5286\" src=\"http:\/\/noticias.inderbu.gov.co\/wp-content\/uploads\/2021\/11\/OLIMPIADAS-DISCAPACIDAD-e1636147894816.jpeg\" alt=\"\" width=\"871\" height=\"871\" \/><p id=\"caption-attachment-5286\" class=\"wp-caption-text\">Olimpiadas Municipales INDERBU para Personas con Discapacidad<\/p><\/div>\n<p>Del 8 al 12 de noviembre, el sector cognitivo de discapacidad tendr\u00e1 una semana muy activa con 11 eventos que permiten espacios de integraci\u00f3n, esparcimiento, desarrollo y fortalecimiento de sus habilidades.<\/p>\n<p>&nbsp;<\/p>\n<p>Hasta el momento se han inscrito las instituciones:<\/p>\n<ul>\n<li>Instituto Aspormen<\/li>\n<li>Fundaci\u00f3n Funtaes<\/li>\n<li>Centro Educativo y Rehabilitativo Don Luis Guanella<\/li>\n<li>San Nicolas<\/li>\n<li>Neurosaber<\/li>\n<li>Ideales<\/li>\n<li>Fundaci\u00f3n Sin L\u00edmites a la Inclusi\u00f3n<\/li>\n<li>Secretar\u00eda de la Poblaci\u00f3n con Discapacidad de Gir\u00f3n<\/li>\n<\/ul>\n<p><strong>Agenda de eventos sector cognitivo<\/strong><\/p>\n<table width=\"538\">\n<tbody>\n<tr>\n<td width=\"75\">D\u00cdA<\/td>\n<td width=\"114\">HORA<\/td>\n<td width=\"132\">DISCIPLINA<\/td>\n<td width=\"217\">ESCENARIO<\/td>\n<\/tr>\n<tr>\n<td rowspan=\"2\" width=\"75\">8-nov<\/td>\n<td width=\"114\">8:00 a.m<\/td>\n<td width=\"132\">Atletismo<\/td>\n<td width=\"217\">Estadio La Flora<\/td>\n<\/tr>\n<tr>\n<td width=\"114\">2:00 p.m<\/td>\n<td width=\"132\">Taekwondo<\/td>\n<td width=\"217\">Coliseo Bicentenario<\/td>\n<\/tr>\n<tr>\n<td width=\"75\">9-nov<\/td>\n<td width=\"114\">8:00 a.m<\/td>\n<td width=\"132\">Inauguraci\u00f3n<\/td>\n<td width=\"217\">Coliseo Bicentenario<\/td>\n<\/tr>\n<tr>\n<td rowspan=\"4\" width=\"75\">10-nov<\/td>\n<td width=\"114\">8:00 a.m<\/td>\n<td width=\"132\">F\u00fatbol<\/td>\n<td width=\"217\">Recrear Mutis<\/td>\n<\/tr>\n<tr>\n<td width=\"114\">8:00 a.m<\/td>\n<td width=\"132\">Baloncesto<\/td>\n<td width=\"217\">Recrear Mutis<\/td>\n<\/tr>\n<tr>\n<td width=\"114\">8:00 a.m<\/td>\n<td width=\"132\">F\u00fatbol de sal\u00f3n<\/td>\n<td width=\"217\">Recrear Mutis<\/td>\n<\/tr>\n<tr>\n<td width=\"114\">9:00 a.m<\/td>\n<td width=\"132\">Bolo Americano<\/td>\n<td width=\"217\">C.C Acr\u00f3polis<\/td>\n<\/tr>\n<tr>\n<td rowspan=\"3\" width=\"75\">11-nov<\/td>\n<td width=\"114\">8:00 a.m<\/td>\n<td width=\"132\">Nataci\u00f3n<\/td>\n<td width=\"217\">Recrear Mutis<\/td>\n<\/tr>\n<tr>\n<td width=\"114\">8:00 a.m<\/td>\n<td width=\"132\">Gimnasia<\/td>\n<td width=\"217\">Coliseo Bicentenario<\/td>\n<\/tr>\n<tr>\n<td width=\"114\">2:00 p.m<\/td>\n<td width=\"132\">Patinaje<\/td>\n<td width=\"217\">Patin\u00f3dromo Recrear Las Am\u00e9ricas<\/td>\n<\/tr>\n<tr>\n<td width=\"75\">12-nov<\/td>\n<td width=\"114\">8:00 a.m<\/td>\n<td width=\"132\">Clausura<\/td>\n<td width=\"217\">Recrear Mutis<\/td>\n<\/tr>\n<\/tbody>\n<\/table>\n<p>&nbsp;<\/p>\n<p><strong>Acto inaugural Olimpiadas:<\/strong><\/p>\n<p>El 9 de noviembre se realizar\u00e1, a las 8:00 de la ma\u00f1ana y en el coliseo Bicentenario, \u00a0la inauguraci\u00f3n de las olimpiadas para personas con discapacidad, que incluye desfile de deportistas, heraldos, madrinas y actos culturales que amenizar\u00e1n la\u00a0 fiesta deportiva.<\/p>\n<p>&nbsp;<\/p>\n<p>Durante el transcurso del mes de noviembre se realizar\u00e1n eventos para los sectores de discapacidad visual, auditivo y f\u00edsico.<\/p>\n<p>&nbsp;<\/p>\n<p><strong>Baloncesto en Sillas de Ruedas<\/strong><\/p>\n<p>Para el s\u00e1bado 13 de noviembre est\u00e1 programado el torneo de baloncesto en sillas de ruedas \u201cTriangular Interclubes Baloncesto\u201d, con encuentros deportivos desde las 10:00 de la ma\u00f1ana hasta las 5:00 de la tarde en la cancha 1 del parque de Los Ni\u00f1os.<\/p>\n<p>&nbsp;<\/p>\n<p>&nbsp;<\/p>\n<p>&nbsp;<\/p>\n","protected":false},"excerpt":{"rendered":"<p>En el mes de noviembre el INDERBU realiza las Olimpiadas Municipales para Personas con Discapacidad, desarrollando un cronograma de eventos&#46;&#46;&#46;<\/p>\n","protected":false},"author":3,"featured_media":5288,"comment_status":"closed","ping_status":"closed","sticky":false,"template":"","format":"standard","meta":{"_bbp_topic_count":0,"_bbp_reply_count":0,"_bbp_total_topic_count":0,"_bbp_total_reply_count":0,"_bbp_voice_count":0,"_bbp_anonymous_reply_count":0,"_bbp_topic_count_hidden":0,"_bbp_reply_count_hidden":0,"_bbp_forum_subforum_count":0,"footnotes":""},"categories":[4,109],"tags":[139],"class_list":["post-5285","post","type-post","status-publish","format-standard","has-post-thumbnail","hentry","category-noticias","category-poblacion-con-discapacidad","tag-olimpiadas-discapacidad"],"_links":{"self":[{"href":"https:\/\/noticias.inderbu.gov.co\/index.php\/wp-json\/wp\/v2\/posts\/5285","targetHints":{"allow":["GET"]}}],"collection":[{"href":"https:\/\/noticias.inderbu.gov.co\/index.php\/wp-json\/wp\/v2\/posts"}],"about":[{"href":"https:\/\/noticias.inderbu.gov.co\/index.php\/wp-json\/wp\/v2\/types\/post"}],"author":[{"embeddable":true,"href":"https:\/\/noticias.inderbu.gov.co\/index.php\/wp-json\/wp\/v2\/users\/3"}],"replies":[{"embeddable":true,"href":"https:\/\/noticias.inderbu.gov.co\/index.php\/wp-json\/wp\/v2\/comments?post=5285"}],"version-history":[{"count":3,"href":"https:\/\/noticias.inderbu.gov.co\/index.php\/wp-json\/wp\/v2\/posts\/5285\/revisions"}],"predecessor-version":[{"id":5308,"href":"https:\/\/noticias.inderbu.gov.co\/index.php\/wp-json\/wp\/v2\/posts\/5285\/revisions\/5308"}],"wp:featuredmedia":[{"embeddable":true,"href":"https:\/\/noticias.inderbu.gov.co\/index.php\/wp-json\/wp\/v2\/media\/5288"}],"wp:attachment":[{"href":"https:\/\/noticias.inderbu.gov.co\/index.php\/wp-json\/wp\/v2\/media?parent=5285"}],"wp:term":[{"taxonomy":"category","embeddable":true,"href":"https:\/\/noticias.inderbu.gov.co\/index.php\/wp-json\/wp\/v2\/categories?post=5285"},{"taxonomy":"post_tag","embeddable":true,"href":"https:\/\/noticias.inderbu.gov.co\/index.php\/wp-json\/wp\/v2\/tags?post=5285"}],"curies":[{"name":"wp","href":"https:\/\/api.w.org\/{rel}","templated":true}]}}