{"id":4940,"date":"2021-09-16T19:16:34","date_gmt":"2021-09-17T00:16:34","guid":{"rendered":"http:\/\/noticias.inderbu.gov.co\/?p=4940"},"modified":"2021-09-17T15:18:15","modified_gmt":"2021-09-17T20:18:15","slug":"fin-de-semana-deportivo-y-recreativo-con-inderbu-2","status":"publish","type":"post","link":"https:\/\/noticias.inderbu.gov.co\/index.php\/2021\/09\/16\/fin-de-semana-deportivo-y-recreativo-con-inderbu-2\/","title":{"rendered":"Fin de Semana Deportivo y Recreativo con INDERBU"},"content":{"rendered":"<p><span data-contrast=\"auto\">Este fin de semana el\u00a0INDERBU realiza eventos deportivos y recreativos, beneficiando a ni\u00f1os, j\u00f3venes y adultos de\u00a0diferentes\u00a0sectores.<\/span><span data-ccp-props=\"{&quot;201341983&quot;:0,&quot;335559739&quot;:160,&quot;335559740&quot;:259}\">\u00a0<\/span><\/p>\n<div id=\"attachment_4718\" style=\"width: 881px\" class=\"wp-caption alignnone\"><img loading=\"lazy\" decoding=\"async\" aria-describedby=\"caption-attachment-4718\" class=\"size-full wp-image-4718\" src=\"http:\/\/noticias.inderbu.gov.co\/wp-content\/uploads\/2021\/07\/AEROBICOS-CRA-27-OK-e1627655809743.jpeg\" alt=\"\" width=\"871\" height=\"581\" \/><p id=\"caption-attachment-4718\" class=\"wp-caption-text\">Recreov\u00eda de la carrera 27<\/p><\/div>\n<ul>\n<li><b><span data-contrast=\"auto\">Festival Adultos mayores\u00a0Festicanas<\/span><\/b><span data-ccp-props=\"{&quot;201341983&quot;:0,&quot;335559739&quot;:160,&quot;335559740&quot;:259}\">\u00a0<\/span><\/li>\n<\/ul>\n<p><span data-contrast=\"auto\">En el asilo San Rafael, estaremos este viernes 17 de septiembre, para vivir una jornada de recreaci\u00f3n y diversi\u00f3n con nuestros adultos mayores.\u00a0<\/span><span data-ccp-props=\"{&quot;201341983&quot;:0,&quot;335559739&quot;:160,&quot;335559740&quot;:259}\">\u00a0<\/span><\/p>\n<p><span data-contrast=\"auto\">\u00a1Festicanas\u00a0con INDERBU!<\/span><span data-ccp-props=\"{&quot;201341983&quot;:0,&quot;335551550&quot;:1,&quot;335551620&quot;:1,&quot;335559739&quot;:160,&quot;335559740&quot;:259}\">\u00a0<\/span><\/p>\n<p><span data-ccp-props=\"{&quot;201341983&quot;:0,&quot;335559739&quot;:160,&quot;335559740&quot;:259}\">\u00a0<\/span><img loading=\"lazy\" decoding=\"async\" class=\"size-full wp-image-4941\" src=\"http:\/\/noticias.inderbu.gov.co\/wp-content\/uploads\/2021\/09\/festicanas-e1631837418992.jpg\" alt=\"\" width=\"871\" height=\"871\" \/><\/p>\n<p>Festival Adultos Mayores Festicanas<\/p>\n<ul>\n<li><b><span data-contrast=\"auto\">Caminata 5&#215;5 Bosque de Los Caminante<\/span><\/b><span data-contrast=\"auto\">s<\/span><span data-ccp-props=\"{&quot;201341983&quot;:0,&quot;335559739&quot;:160,&quot;335559740&quot;:259}\">\u00a0<\/span><\/li>\n<\/ul>\n<p><span data-contrast=\"auto\">Promoviendo los h\u00e1bitos y estilos de vida saludables rodeados de la naturaleza y el aire puro, este s\u00e1bado 18 de septiembre, la cita es a las 5:30 am en el\u00a0restaurante Toscana para partir a disfrutar de los hermosos \u00e1rboles y\u00a0senderos\u00a0ecol\u00f3gicos del Bosque de los Caminantes.<\/span><span data-ccp-props=\"{&quot;201341983&quot;:0,&quot;335551550&quot;:1,&quot;335551620&quot;:1,&quot;335559739&quot;:160,&quot;335559740&quot;:259}\">\u00a0<\/span><\/p>\n<p><span data-contrast=\"auto\">Inscripciones:<\/span><span data-ccp-props=\"{&quot;201341983&quot;:0,&quot;335551550&quot;:1,&quot;335551620&quot;:1,&quot;335559739&quot;:160,&quot;335559740&quot;:259}\">\u00a0<\/span><\/p>\n<p><a href=\"https:\/\/forms.gle\/Zmvyd9CwN1kMiAxp6?fbclid=IwAR23O3j5jyMbKUW_MjZc3d10nCgxdQWQWoxf4HsiVbjxPc9SHpZpvR2Fnn4\"><span data-contrast=\"auto\">https:\/\/forms.gle\/Zmvyd9CwN1kMiAxp6<\/span><\/a><span data-ccp-props=\"{&quot;201341983&quot;:0,&quot;335551550&quot;:1,&quot;335551620&quot;:1,&quot;335559739&quot;:160,&quot;335559740&quot;:259}\">\u00a0<\/span><\/p>\n<p><span data-ccp-props=\"{&quot;201341983&quot;:0,&quot;335559739&quot;:160,&quot;335559740&quot;:259}\">\u00a0<\/span><img loading=\"lazy\" decoding=\"async\" class=\"size-full wp-image-4942\" src=\"http:\/\/noticias.inderbu.gov.co\/wp-content\/uploads\/2021\/09\/caminata-ecologica-e1631837486668.jpg\" alt=\"\" width=\"871\" height=\"871\" \/><\/p>\n<p>Caminata ecol\u00f3gica 5&#215;5<\/p>\n<ul>\n<li><b><span data-contrast=\"auto\">FestiKids\u00a0en Villa Helena<\/span><\/b><span data-ccp-props=\"{&quot;201341983&quot;:0,&quot;335559739&quot;:160,&quot;335559740&quot;:259}\">\u00a0<\/span><\/li>\n<\/ul>\n<p><span data-contrast=\"auto\">INDERBU realiza\u00a0FestiKids\u00a0en el barrio Villa Helena. La diversi\u00f3n para los ni\u00f1os es este s\u00e1bado 18 de septiembre desde las 9:00 de la ma\u00f1ana en la cancha principal.<\/span><span data-ccp-props=\"{&quot;201341983&quot;:0,&quot;335559739&quot;:160,&quot;335559740&quot;:259}\">\u00a0<\/span><\/p>\n<p><span data-ccp-props=\"{&quot;201341983&quot;:0,&quot;335559739&quot;:160,&quot;335559740&quot;:259}\">\u00a0<\/span><\/p>\n<div id=\"attachment_4943\" style=\"width: 881px\" class=\"wp-caption alignnone\"><img loading=\"lazy\" decoding=\"async\" aria-describedby=\"caption-attachment-4943\" class=\"size-full wp-image-4943\" src=\"http:\/\/noticias.inderbu.gov.co\/wp-content\/uploads\/2021\/09\/festikids-e1631837575586.jpg\" alt=\"\" width=\"871\" height=\"871\" \/><p id=\"caption-attachment-4943\" class=\"wp-caption-text\">Festikids con INDERBU<\/p><\/div>\n<ul>\n<li><b><span data-contrast=\"auto\">Ciclopaseo\u00a0Yo voy en\u00a0Clobi<\/span><\/b><span data-ccp-props=\"{&quot;201341983&quot;:0,&quot;335559739&quot;:160,&quot;335559740&quot;:259}\">\u00a0<\/span><\/li>\n<\/ul>\n<p><span data-contrast=\"auto\">En la Semana de la Movilidad, tambi\u00e9n este s\u00e1bado 18 de septiembre se puede disfrutar del paisaje urbano con el\u00a0ciclopaseo\u00a0Yo voy en\u00a0Clobi. El punto de encuentro es en el parque de Los Ni\u00f1os\u00a0a las 9:00 de la ma\u00f1ana, para salir a recorrer 11.5 kil\u00f3metros por las v\u00edas de la ciudad.<\/span><span data-ccp-props=\"{&quot;201341983&quot;:0,&quot;335559739&quot;:160,&quot;335559740&quot;:259}\">\u00a0<\/span><\/p>\n<ul>\n<li><strong>Festival escuela de microf\u00fatbol<\/strong><\/li>\n<\/ul>\n<p>El s\u00e1bado 18 de septiembre se vivir\u00e1 un festival de microf\u00fatbol con los ni\u00f1os de las escuelas de formaci\u00f3n deportiva del INDERBU, desde las 9:00 de la ma\u00f1ana en el coliseo Bicentenario, evidenciando los avances alcanzados en las clases impartidas por los profesores con el acompa\u00f1amiento del equipo interdisciplinario.<\/p>\n<ul>\n<li><b><span data-contrast=\"auto\">Recreov\u00eda\u00a0Dominical<\/span><\/b><span data-ccp-props=\"{&quot;201341983&quot;:0,&quot;335559739&quot;:160,&quot;335559740&quot;:259}\">\u00a0<\/span><\/li>\n<\/ul>\n<p><span data-contrast=\"auto\">Disfruta de una v\u00eda activa y saludable cada domingo en la\u00a0Recreov\u00eda\u00a0de la carrera 27, realizando actividad f\u00edsica al aire libre desde la calle 11 hasta la avenida Gonz\u00e1lez Valencia.\u00a0\u00a0<\/span><span data-ccp-props=\"{&quot;201341983&quot;:0,&quot;335559739&quot;:160,&quot;335559740&quot;:259}\">\u00a0<\/span><\/p>\n<p><span data-contrast=\"auto\">S\u00edguele el paso a los instructores del INDERBU, con las novedosas sesiones de actividad f\u00edsica musicalizada en las calles 14 y 16, frente al SENA.<\/span><span data-ccp-props=\"{&quot;201341983&quot;:0,&quot;335559739&quot;:160,&quot;335559740&quot;:259}\">\u00a0<\/span><\/p>\n<p><span data-contrast=\"auto\">Vive una v\u00eda activa y saludable en la Semana Nacional por la Movilidad en Bucaramanga con la estrategia en Bici voy seguro en la\u00a0Recreov\u00eda.<\/span><span data-ccp-props=\"{&quot;201341983&quot;:0,&quot;335559739&quot;:160,&quot;335559740&quot;:259}\">\u00a0<\/span><\/p>\n<div id=\"attachment_4944\" style=\"width: 881px\" class=\"wp-caption alignnone\"><img loading=\"lazy\" decoding=\"async\" aria-describedby=\"caption-attachment-4944\" class=\"size-full wp-image-4944\" src=\"http:\/\/noticias.inderbu.gov.co\/wp-content\/uploads\/2021\/09\/WhatsApp-Image-2021-09-15-at-11.58.07-AM-e1631837678517.jpeg\" alt=\"\" width=\"871\" height=\"871\" \/><p id=\"caption-attachment-4944\" class=\"wp-caption-text\">Recreov\u00eda Semana de la Movilidad<\/p><\/div>\n","protected":false},"excerpt":{"rendered":"<p>Este fin de semana el\u00a0INDERBU realiza eventos deportivos y recreativos, beneficiando a ni\u00f1os, j\u00f3venes y adultos de\u00a0diferentes\u00a0sectores.\u00a0 Festival Adultos mayores\u00a0Festicanas\u00a0&#46;&#46;&#46;<\/p>\n","protected":false},"author":3,"featured_media":4410,"comment_status":"open","ping_status":"open","sticky":false,"template":"","format":"standard","meta":{"_bbp_topic_count":0,"_bbp_reply_count":0,"_bbp_total_topic_count":0,"_bbp_total_reply_count":0,"_bbp_voice_count":0,"_bbp_anonymous_reply_count":0,"_bbp_topic_count_hidden":0,"_bbp_reply_count_hidden":0,"_bbp_forum_subforum_count":0,"footnotes":""},"categories":[6,4],"tags":[153],"class_list":["post-4940","post","type-post","status-publish","format-standard","has-post-thumbnail","hentry","category-actifisica","category-noticias","tag-deporte-y-recreacion-con-inderbu"],"_links":{"self":[{"href":"https:\/\/noticias.inderbu.gov.co\/index.php\/wp-json\/wp\/v2\/posts\/4940","targetHints":{"allow":["GET"]}}],"collection":[{"href":"https:\/\/noticias.inderbu.gov.co\/index.php\/wp-json\/wp\/v2\/posts"}],"about":[{"href":"https:\/\/noticias.inderbu.gov.co\/index.php\/wp-json\/wp\/v2\/types\/post"}],"author":[{"embeddable":true,"href":"https:\/\/noticias.inderbu.gov.co\/index.php\/wp-json\/wp\/v2\/users\/3"}],"replies":[{"embeddable":true,"href":"https:\/\/noticias.inderbu.gov.co\/index.php\/wp-json\/wp\/v2\/comments?post=4940"}],"version-history":[{"count":4,"href":"https:\/\/noticias.inderbu.gov.co\/index.php\/wp-json\/wp\/v2\/posts\/4940\/revisions"}],"predecessor-version":[{"id":4954,"href":"https:\/\/noticias.inderbu.gov.co\/index.php\/wp-json\/wp\/v2\/posts\/4940\/revisions\/4954"}],"wp:featuredmedia":[{"embeddable":true,"href":"https:\/\/noticias.inderbu.gov.co\/index.php\/wp-json\/wp\/v2\/media\/4410"}],"wp:attachment":[{"href":"https:\/\/noticias.inderbu.gov.co\/index.php\/wp-json\/wp\/v2\/media?parent=4940"}],"wp:term":[{"taxonomy":"category","embeddable":true,"href":"https:\/\/noticias.inderbu.gov.co\/index.php\/wp-json\/wp\/v2\/categories?post=4940"},{"taxonomy":"post_tag","embeddable":true,"href":"https:\/\/noticias.inderbu.gov.co\/index.php\/wp-json\/wp\/v2\/tags?post=4940"}],"curies":[{"name":"wp","href":"https:\/\/api.w.org\/{rel}","templated":true}]}}