{"id":492,"date":"2017-12-06T14:46:32","date_gmt":"2017-12-06T19:46:32","guid":{"rendered":"http:\/\/noticias.inderbu.gov.co\/?p=492"},"modified":"2017-12-06T14:46:32","modified_gmt":"2017-12-06T19:46:32","slug":"festivales-deportivos-con-las-escuelas-del-inderbu","status":"publish","type":"post","link":"https:\/\/noticias.inderbu.gov.co\/index.php\/2017\/12\/06\/festivales-deportivos-con-las-escuelas-del-inderbu\/","title":{"rendered":"FESTIVALES DEPORTIVOS CON LAS ESCUELAS DEL INDERBU"},"content":{"rendered":"<p style=\"text-align: center;\"><span style=\"font-size: 14pt;\"><strong>FORMACI\u00d3N DEPORTIVA A NI\u00d1OS DE 6 A 12 A\u00d1OS, FESTIVALES DE\u00a0LUCHA, TAEKWONDO Y NATACI\u00d3N\u00a0<\/strong><\/span><\/p>\n<div id=\"attachment_493\" style=\"width: 881px\" class=\"wp-caption alignnone\"><img loading=\"lazy\" decoding=\"async\" aria-describedby=\"caption-attachment-493\" class=\"size-full wp-image-493\" src=\"http:\/\/noticias.inderbu.gov.co\/wp-content\/uploads\/2017\/12\/NATACION-COMUNA5-e1512588944451.jpg\" alt=\"\" width=\"871\" height=\"490\" \/><p id=\"caption-attachment-493\" class=\"wp-caption-text\">Escuela de Nataci\u00f3n La Joya<\/p><\/div>\n<p>En la fase final del proyecto Escuelas de Formaci\u00f3n Deportiva, que iniciaron este a\u00f1o en el mes de marzo, beneficiando 2.207 ni\u00f1os \u00a0de las 17 comunas y un corregimiento de Bucaramanga, se realizan diversos festivales de integraci\u00f3n y recreaci\u00f3n.<\/p>\n<p><strong>FESTIVAL DE NATACI\u00d3N:<\/strong><\/p>\n\n\t\t<style>\n\t\t\t#gallery-1 {\n\t\t\t\tmargin: auto;\n\t\t\t}\n\t\t\t#gallery-1 .gallery-item {\n\t\t\t\tfloat: left;\n\t\t\t\tmargin-top: 10px;\n\t\t\t\ttext-align: center;\n\t\t\t\twidth: 50%;\n\t\t\t}\n\t\t\t#gallery-1 img {\n\t\t\t\tborder: 2px solid #cfcfcf;\n\t\t\t}\n\t\t\t#gallery-1 .gallery-caption {\n\t\t\t\tmargin-left: 0;\n\t\t\t}\n\t\t\t\/* see gallery_shortcode() in wp-includes\/media.php *\/\n\t\t<\/style>\n\t\t<div id='gallery-1' class='gallery galleryid-492 gallery-columns-2 gallery-size-large'><dl class='gallery-item'>\n\t\t\t<dt class='gallery-icon landscape'>\n\t\t\t\t<a href='https:\/\/noticias.inderbu.gov.co\/index.php\/2017\/12\/06\/festivales-deportivos-con-las-escuelas-del-inderbu\/escuela-natacion\/'><img loading=\"lazy\" decoding=\"async\" width=\"1024\" height=\"576\" src=\"https:\/\/noticias.inderbu.gov.co\/wp-content\/uploads\/2017\/12\/ESCUELA-NATACION-1024x576.jpg\" class=\"attachment-large size-large no-lazy\" alt=\"\" aria-describedby=\"gallery-1-494\" srcset=\"https:\/\/noticias.inderbu.gov.co\/wp-content\/uploads\/2017\/12\/ESCUELA-NATACION-1024x576.jpg 1024w, https:\/\/noticias.inderbu.gov.co\/wp-content\/uploads\/2017\/12\/ESCUELA-NATACION-300x169.jpg 300w, https:\/\/noticias.inderbu.gov.co\/wp-content\/uploads\/2017\/12\/ESCUELA-NATACION-768x432.jpg 768w, https:\/\/noticias.inderbu.gov.co\/wp-content\/uploads\/2017\/12\/ESCUELA-NATACION-e1512589184141.jpg 871w\" sizes=\"auto, (max-width: 1024px) 100vw, 1024px\" \/><\/a>\n\t\t\t<\/dt>\n\t\t\t\t<dd class='wp-caption-text gallery-caption' id='gallery-1-494'>\n\t\t\t\tEscuela de Nataci\u00f3n\n\t\t\t\t<\/dd><\/dl><dl class='gallery-item'>\n\t\t\t<dt class='gallery-icon landscape'>\n\t\t\t\t<a href='https:\/\/noticias.inderbu.gov.co\/index.php\/2017\/12\/06\/festivales-deportivos-con-las-escuelas-del-inderbu\/festival-escuela-natacion\/'><img loading=\"lazy\" decoding=\"async\" width=\"1024\" height=\"576\" src=\"https:\/\/noticias.inderbu.gov.co\/wp-content\/uploads\/2017\/12\/FESTIVAL-ESCUELA-NATACION-1024x576.jpg\" class=\"attachment-large size-large no-lazy\" alt=\"\" aria-describedby=\"gallery-1-495\" srcset=\"https:\/\/noticias.inderbu.gov.co\/wp-content\/uploads\/2017\/12\/FESTIVAL-ESCUELA-NATACION-1024x576.jpg 1024w, https:\/\/noticias.inderbu.gov.co\/wp-content\/uploads\/2017\/12\/FESTIVAL-ESCUELA-NATACION-300x169.jpg 300w, https:\/\/noticias.inderbu.gov.co\/wp-content\/uploads\/2017\/12\/FESTIVAL-ESCUELA-NATACION-768x432.jpg 768w, https:\/\/noticias.inderbu.gov.co\/wp-content\/uploads\/2017\/12\/FESTIVAL-ESCUELA-NATACION-e1512589246722.jpg 871w\" sizes=\"auto, (max-width: 1024px) 100vw, 1024px\" \/><\/a>\n\t\t\t<\/dt>\n\t\t\t\t<dd class='wp-caption-text gallery-caption' id='gallery-1-495'>\n\t\t\t\tEscuela de Nataci\u00f3n INDERBU\n\t\t\t\t<\/dd><\/dl><br style=\"clear: both\" \/>\n\t\t<\/div>\n\n<p>En d\u00edas pasados se realiz\u00f3 con \u00e9xito el festival de nataci\u00f3n con los ni\u00f1os que reciben instrucci\u00f3n en el polideportivo Recrear de La Joya, con la profesora Nathalia C\u00e1ceres Arenas. Se llevaron a cabo actividades recreativas de piscina, con premiaci\u00f3n de medallas de chocolate. \u00a0Los peque\u00f1os participaron en un compartir junto con los padres de familia y acompa\u00f1antes.<\/p>\n<p><strong>FESTIVAL DE LUCHA<\/strong><\/p>\n\n\t\t<style>\n\t\t\t#gallery-2 {\n\t\t\t\tmargin: auto;\n\t\t\t}\n\t\t\t#gallery-2 .gallery-item {\n\t\t\t\tfloat: left;\n\t\t\t\tmargin-top: 10px;\n\t\t\t\ttext-align: center;\n\t\t\t\twidth: 50%;\n\t\t\t}\n\t\t\t#gallery-2 img {\n\t\t\t\tborder: 2px solid #cfcfcf;\n\t\t\t}\n\t\t\t#gallery-2 .gallery-caption {\n\t\t\t\tmargin-left: 0;\n\t\t\t}\n\t\t\t\/* see gallery_shortcode() in wp-includes\/media.php *\/\n\t\t<\/style>\n\t\t<div id='gallery-2' class='gallery galleryid-492 gallery-columns-2 gallery-size-large'><dl class='gallery-item'>\n\t\t\t<dt class='gallery-icon landscape'>\n\t\t\t\t<a href='https:\/\/noticias.inderbu.gov.co\/index.php\/2017\/12\/06\/festivales-deportivos-con-las-escuelas-del-inderbu\/escuela-lucha2\/'><img loading=\"lazy\" decoding=\"async\" width=\"1024\" height=\"576\" src=\"https:\/\/noticias.inderbu.gov.co\/wp-content\/uploads\/2017\/12\/ESCUELA-LUCHA2-1024x576.jpeg\" class=\"attachment-large size-large no-lazy\" alt=\"\" aria-describedby=\"gallery-2-496\" srcset=\"https:\/\/noticias.inderbu.gov.co\/wp-content\/uploads\/2017\/12\/ESCUELA-LUCHA2-1024x576.jpeg 1024w, https:\/\/noticias.inderbu.gov.co\/wp-content\/uploads\/2017\/12\/ESCUELA-LUCHA2-300x169.jpeg 300w, https:\/\/noticias.inderbu.gov.co\/wp-content\/uploads\/2017\/12\/ESCUELA-LUCHA2-768x432.jpeg 768w, https:\/\/noticias.inderbu.gov.co\/wp-content\/uploads\/2017\/12\/ESCUELA-LUCHA2-e1512589321475.jpeg 871w\" sizes=\"auto, (max-width: 1024px) 100vw, 1024px\" \/><\/a>\n\t\t\t<\/dt>\n\t\t\t\t<dd class='wp-caption-text gallery-caption' id='gallery-2-496'>\n\t\t\t\tEscuela de Lucha INDERBU\n\t\t\t\t<\/dd><\/dl><dl class='gallery-item'>\n\t\t\t<dt class='gallery-icon landscape'>\n\t\t\t\t<a href='https:\/\/noticias.inderbu.gov.co\/index.php\/2017\/12\/06\/festivales-deportivos-con-las-escuelas-del-inderbu\/escuela-lucha1\/'><img loading=\"lazy\" decoding=\"async\" width=\"1024\" height=\"576\" src=\"https:\/\/noticias.inderbu.gov.co\/wp-content\/uploads\/2017\/12\/ESCUELA-LUCHA1-1024x576.jpeg\" class=\"attachment-large size-large no-lazy\" alt=\"\" aria-describedby=\"gallery-2-497\" srcset=\"https:\/\/noticias.inderbu.gov.co\/wp-content\/uploads\/2017\/12\/ESCUELA-LUCHA1-1024x576.jpeg 1024w, https:\/\/noticias.inderbu.gov.co\/wp-content\/uploads\/2017\/12\/ESCUELA-LUCHA1-300x169.jpeg 300w, https:\/\/noticias.inderbu.gov.co\/wp-content\/uploads\/2017\/12\/ESCUELA-LUCHA1-768x432.jpeg 768w, https:\/\/noticias.inderbu.gov.co\/wp-content\/uploads\/2017\/12\/ESCUELA-LUCHA1.jpeg 1032w\" sizes=\"auto, (max-width: 1024px) 100vw, 1024px\" \/><\/a>\n\t\t\t<\/dt>\n\t\t\t\t<dd class='wp-caption-text gallery-caption' id='gallery-2-497'>\n\t\t\t\tEscuela de Lucha INDERBU\n\t\t\t\t<\/dd><\/dl><br style=\"clear: both\" \/>\n\t\t<\/div>\n\n<p>Los ni\u00f1os de la escuela de lucha ol\u00edmpica del INDERBU, participaron en un fogueo deportivo con deportistas de la Liga Santandereana, en un evento que se llev\u00f3 a cabo en el coliseo de las Unidades Tecnol\u00f3gicas de Santander.\u00a0 El prop\u00f3sito de la actividad es el intercambio de experiencias y habilidades de los ni\u00f1os.<\/p>\n<p><strong>FESTIVAL DE TAEKWONDO<\/strong><\/p>\n\n\t\t<style>\n\t\t\t#gallery-3 {\n\t\t\t\tmargin: auto;\n\t\t\t}\n\t\t\t#gallery-3 .gallery-item {\n\t\t\t\tfloat: left;\n\t\t\t\tmargin-top: 10px;\n\t\t\t\ttext-align: center;\n\t\t\t\twidth: 50%;\n\t\t\t}\n\t\t\t#gallery-3 img {\n\t\t\t\tborder: 2px solid #cfcfcf;\n\t\t\t}\n\t\t\t#gallery-3 .gallery-caption {\n\t\t\t\tmargin-left: 0;\n\t\t\t}\n\t\t\t\/* see gallery_shortcode() in wp-includes\/media.php *\/\n\t\t<\/style>\n\t\t<div id='gallery-3' class='gallery galleryid-492 gallery-columns-2 gallery-size-large'><dl class='gallery-item'>\n\t\t\t<dt class='gallery-icon landscape'>\n\t\t\t\t<a href='https:\/\/noticias.inderbu.gov.co\/index.php\/2017\/12\/06\/festivales-deportivos-con-las-escuelas-del-inderbu\/grupo-taekwondo\/'><img loading=\"lazy\" decoding=\"async\" width=\"1024\" height=\"768\" src=\"https:\/\/noticias.inderbu.gov.co\/wp-content\/uploads\/2017\/12\/GRUPO-TAEKWONDO-1024x768.jpg\" class=\"attachment-large size-large no-lazy\" alt=\"\" aria-describedby=\"gallery-3-498\" srcset=\"https:\/\/noticias.inderbu.gov.co\/wp-content\/uploads\/2017\/12\/GRUPO-TAEKWONDO-1024x768.jpg 1024w, https:\/\/noticias.inderbu.gov.co\/wp-content\/uploads\/2017\/12\/GRUPO-TAEKWONDO-300x225.jpg 300w, https:\/\/noticias.inderbu.gov.co\/wp-content\/uploads\/2017\/12\/GRUPO-TAEKWONDO-768x576.jpg 768w, https:\/\/noticias.inderbu.gov.co\/wp-content\/uploads\/2017\/12\/GRUPO-TAEKWONDO-e1512589458144.jpg 871w\" sizes=\"auto, (max-width: 1024px) 100vw, 1024px\" \/><\/a>\n\t\t\t<\/dt>\n\t\t\t\t<dd class='wp-caption-text gallery-caption' id='gallery-3-498'>\n\t\t\t\tEscuela de Taekwondo\n\t\t\t\t<\/dd><\/dl><dl class='gallery-item'>\n\t\t\t<dt class='gallery-icon landscape'>\n\t\t\t\t<a href='https:\/\/noticias.inderbu.gov.co\/index.php\/2017\/12\/06\/festivales-deportivos-con-las-escuelas-del-inderbu\/taekwondo\/'><img loading=\"lazy\" decoding=\"async\" width=\"1024\" height=\"768\" src=\"https:\/\/noticias.inderbu.gov.co\/wp-content\/uploads\/2017\/12\/TAEKWONDO-1024x768.jpg\" class=\"attachment-large size-large no-lazy\" alt=\"\" aria-describedby=\"gallery-3-499\" srcset=\"https:\/\/noticias.inderbu.gov.co\/wp-content\/uploads\/2017\/12\/TAEKWONDO-1024x768.jpg 1024w, https:\/\/noticias.inderbu.gov.co\/wp-content\/uploads\/2017\/12\/TAEKWONDO-300x225.jpg 300w, https:\/\/noticias.inderbu.gov.co\/wp-content\/uploads\/2017\/12\/TAEKWONDO-768x576.jpg 768w, https:\/\/noticias.inderbu.gov.co\/wp-content\/uploads\/2017\/12\/TAEKWONDO.jpg 1280w\" sizes=\"auto, (max-width: 1024px) 100vw, 1024px\" \/><\/a>\n\t\t\t<\/dt>\n\t\t\t\t<dd class='wp-caption-text gallery-caption' id='gallery-3-499'>\n\t\t\t\tEscuela de Taekwondo INDERBU\n\t\t\t\t<\/dd><\/dl><br style=\"clear: both\" \/>\n\t\t<\/div>\n\n<p>La escuela de taekwondo realiz\u00f3 en el coliseo Bicentenario el festival de habilidades con los ni\u00f1os que reciben instrucci\u00f3n en Estoraques y en las zonas de calentamiento del coliseo.\u00a0 Participaron en un encuentro de integraci\u00f3n, evidenciando los avances deportivos logrados en las clases recibidas del instructor.<\/p>\n<p><strong>\u00a0<\/strong><\/p>\n<p><strong>\u00a0<\/strong><\/p>\n","protected":false},"excerpt":{"rendered":"<p>FORMACI\u00d3N DEPORTIVA A NI\u00d1OS DE 6 A 12 A\u00d1OS, FESTIVALES DE\u00a0LUCHA, TAEKWONDO Y NATACI\u00d3N\u00a0 En la fase final del proyecto&#46;&#46;&#46;<\/p>\n","protected":false},"author":3,"featured_media":493,"comment_status":"closed","ping_status":"open","sticky":false,"template":"","format":"standard","meta":{"_bbp_topic_count":0,"_bbp_reply_count":0,"_bbp_total_topic_count":0,"_bbp_total_reply_count":0,"_bbp_voice_count":0,"_bbp_anonymous_reply_count":0,"_bbp_topic_count_hidden":0,"_bbp_reply_count_hidden":0,"_bbp_forum_subforum_count":0,"footnotes":""},"categories":[5,4],"tags":[],"class_list":["post-492","post","type-post","status-publish","format-standard","has-post-thumbnail","hentry","category-formaciond","category-noticias"],"_links":{"self":[{"href":"https:\/\/noticias.inderbu.gov.co\/index.php\/wp-json\/wp\/v2\/posts\/492","targetHints":{"allow":["GET"]}}],"collection":[{"href":"https:\/\/noticias.inderbu.gov.co\/index.php\/wp-json\/wp\/v2\/posts"}],"about":[{"href":"https:\/\/noticias.inderbu.gov.co\/index.php\/wp-json\/wp\/v2\/types\/post"}],"author":[{"embeddable":true,"href":"https:\/\/noticias.inderbu.gov.co\/index.php\/wp-json\/wp\/v2\/users\/3"}],"replies":[{"embeddable":true,"href":"https:\/\/noticias.inderbu.gov.co\/index.php\/wp-json\/wp\/v2\/comments?post=492"}],"version-history":[{"count":1,"href":"https:\/\/noticias.inderbu.gov.co\/index.php\/wp-json\/wp\/v2\/posts\/492\/revisions"}],"predecessor-version":[{"id":500,"href":"https:\/\/noticias.inderbu.gov.co\/index.php\/wp-json\/wp\/v2\/posts\/492\/revisions\/500"}],"wp:featuredmedia":[{"embeddable":true,"href":"https:\/\/noticias.inderbu.gov.co\/index.php\/wp-json\/wp\/v2\/media\/493"}],"wp:attachment":[{"href":"https:\/\/noticias.inderbu.gov.co\/index.php\/wp-json\/wp\/v2\/media?parent=492"}],"wp:term":[{"taxonomy":"category","embeddable":true,"href":"https:\/\/noticias.inderbu.gov.co\/index.php\/wp-json\/wp\/v2\/categories?post=492"},{"taxonomy":"post_tag","embeddable":true,"href":"https:\/\/noticias.inderbu.gov.co\/index.php\/wp-json\/wp\/v2\/tags?post=492"}],"curies":[{"name":"wp","href":"https:\/\/api.w.org\/{rel}","templated":true}]}}