{"id":4795,"date":"2021-08-13T15:13:12","date_gmt":"2021-08-13T20:13:12","guid":{"rendered":"http:\/\/noticias.inderbu.gov.co\/?p=4795"},"modified":"2021-08-13T15:13:12","modified_gmt":"2021-08-13T20:13:12","slug":"programa-tu-fin-de-semana-con-inderbu","status":"publish","type":"post","link":"https:\/\/noticias.inderbu.gov.co\/index.php\/2021\/08\/13\/programa-tu-fin-de-semana-con-inderbu\/","title":{"rendered":"Programa tu fin de semana con INDERBU"},"content":{"rendered":"<p>Este fin de semana el INDERBU realiza diversos eventos de actividad f\u00edsica, recreaci\u00f3n, deporte y uso productivo del tiempo libre para ni\u00f1os, j\u00f3venes y adultos, en diferentes sectores de Bucaramanga.<\/p>\n<div id=\"attachment_4796\" style=\"width: 881px\" class=\"wp-caption alignnone\"><img loading=\"lazy\" decoding=\"async\" aria-describedby=\"caption-attachment-4796\" class=\"size-full wp-image-4796\" src=\"http:\/\/noticias.inderbu.gov.co\/wp-content\/uploads\/2021\/08\/FIN-DE-SEMANA-e1628882485394.jpeg\" alt=\"\" width=\"871\" height=\"871\" \/><p id=\"caption-attachment-4796\" class=\"wp-caption-text\">Programa tu fin de semana con INDERBU<\/p><\/div>\n<p><strong>Sesiones especiales de actividad f\u00edsica<\/strong><\/p>\n<ul>\n<li><strong>Fiesta por la paz<\/strong>: en el barrio Monterredondo hoy viernes 13 de agosto tendremos la Fiesta por La Paz, un evento de actividad f\u00edsica musicalizada para toda la familia, desde las 7:00 p.m. en la cancha principal del barrio.<\/li>\n<li><strong>Vacil\u00f3n saludable<\/strong>: tambi\u00e9n hoy viernes 13, el vacil\u00f3n saludable es en la cancha principal del barrio La Joya a las 7:30 de la noche, con clase de step rumba aer\u00f3bica y sticks.<\/li>\n<li><strong>Comuna 2 Activa<\/strong>: el lunes es festivo y el cuerpo lo sabe, por ello desde las 8:00 de la ma\u00f1ana en la cancha principal del barrio La Esperanza II, los instructores del INDERBU guiar\u00e1n gimnasia aer\u00f3bica, rumba y G.A.P.<\/li>\n<\/ul>\n\n\t\t<style>\n\t\t\t#gallery-1 {\n\t\t\t\tmargin: auto;\n\t\t\t}\n\t\t\t#gallery-1 .gallery-item {\n\t\t\t\tfloat: left;\n\t\t\t\tmargin-top: 10px;\n\t\t\t\ttext-align: center;\n\t\t\t\twidth: 33%;\n\t\t\t}\n\t\t\t#gallery-1 img {\n\t\t\t\tborder: 2px solid #cfcfcf;\n\t\t\t}\n\t\t\t#gallery-1 .gallery-caption {\n\t\t\t\tmargin-left: 0;\n\t\t\t}\n\t\t\t\/* see gallery_shortcode() in wp-includes\/media.php *\/\n\t\t<\/style>\n\t\t<div id='gallery-1' class='gallery galleryid-4795 gallery-columns-3 gallery-size-medium'><dl class='gallery-item'>\n\t\t\t<dt class='gallery-icon landscape'>\n\t\t\t\t<a href='https:\/\/noticias.inderbu.gov.co\/index.php\/2021\/08\/13\/programa-tu-fin-de-semana-con-inderbu\/fiesta-paz\/'><img loading=\"lazy\" decoding=\"async\" width=\"300\" height=\"300\" src=\"https:\/\/noticias.inderbu.gov.co\/wp-content\/uploads\/2021\/08\/FIESTA-PAZ-300x300.jpeg\" class=\"attachment-medium size-medium no-lazy\" alt=\"\" srcset=\"https:\/\/noticias.inderbu.gov.co\/wp-content\/uploads\/2021\/08\/FIESTA-PAZ-300x300.jpeg 300w, https:\/\/noticias.inderbu.gov.co\/wp-content\/uploads\/2021\/08\/FIESTA-PAZ-150x150.jpeg 150w, https:\/\/noticias.inderbu.gov.co\/wp-content\/uploads\/2021\/08\/FIESTA-PAZ-768x768.jpeg 768w, https:\/\/noticias.inderbu.gov.co\/wp-content\/uploads\/2021\/08\/FIESTA-PAZ-1024x1024.jpeg 1024w, https:\/\/noticias.inderbu.gov.co\/wp-content\/uploads\/2021\/08\/FIESTA-PAZ-160x160.jpeg 160w, https:\/\/noticias.inderbu.gov.co\/wp-content\/uploads\/2021\/08\/FIESTA-PAZ-320x320.jpeg 320w, https:\/\/noticias.inderbu.gov.co\/wp-content\/uploads\/2021\/08\/FIESTA-PAZ-e1628885353877.jpeg 871w\" sizes=\"auto, (max-width: 300px) 100vw, 300px\" \/><\/a>\n\t\t\t<\/dt><\/dl><dl class='gallery-item'>\n\t\t\t<dt class='gallery-icon landscape'>\n\t\t\t\t<a href='https:\/\/noticias.inderbu.gov.co\/index.php\/2021\/08\/13\/programa-tu-fin-de-semana-con-inderbu\/comuna-2-activa\/'><img loading=\"lazy\" decoding=\"async\" width=\"300\" height=\"300\" src=\"https:\/\/noticias.inderbu.gov.co\/wp-content\/uploads\/2021\/08\/COMUNA-2-ACTIVA-300x300.jpeg\" class=\"attachment-medium size-medium no-lazy\" alt=\"\" srcset=\"https:\/\/noticias.inderbu.gov.co\/wp-content\/uploads\/2021\/08\/COMUNA-2-ACTIVA-300x300.jpeg 300w, https:\/\/noticias.inderbu.gov.co\/wp-content\/uploads\/2021\/08\/COMUNA-2-ACTIVA-150x150.jpeg 150w, https:\/\/noticias.inderbu.gov.co\/wp-content\/uploads\/2021\/08\/COMUNA-2-ACTIVA-768x768.jpeg 768w, https:\/\/noticias.inderbu.gov.co\/wp-content\/uploads\/2021\/08\/COMUNA-2-ACTIVA-1024x1024.jpeg 1024w, https:\/\/noticias.inderbu.gov.co\/wp-content\/uploads\/2021\/08\/COMUNA-2-ACTIVA-160x160.jpeg 160w, https:\/\/noticias.inderbu.gov.co\/wp-content\/uploads\/2021\/08\/COMUNA-2-ACTIVA-320x320.jpeg 320w, https:\/\/noticias.inderbu.gov.co\/wp-content\/uploads\/2021\/08\/COMUNA-2-ACTIVA-e1628885385181.jpeg 871w\" sizes=\"auto, (max-width: 300px) 100vw, 300px\" \/><\/a>\n\t\t\t<\/dt><\/dl><dl class='gallery-item'>\n\t\t\t<dt class='gallery-icon landscape'>\n\t\t\t\t<a href='https:\/\/noticias.inderbu.gov.co\/index.php\/2021\/08\/13\/programa-tu-fin-de-semana-con-inderbu\/vacilon-saludable\/'><img loading=\"lazy\" decoding=\"async\" width=\"300\" height=\"300\" src=\"https:\/\/noticias.inderbu.gov.co\/wp-content\/uploads\/2021\/08\/VACILON-SALUDABLE-300x300.jpeg\" class=\"attachment-medium size-medium no-lazy\" alt=\"\" srcset=\"https:\/\/noticias.inderbu.gov.co\/wp-content\/uploads\/2021\/08\/VACILON-SALUDABLE-300x300.jpeg 300w, https:\/\/noticias.inderbu.gov.co\/wp-content\/uploads\/2021\/08\/VACILON-SALUDABLE-150x150.jpeg 150w, https:\/\/noticias.inderbu.gov.co\/wp-content\/uploads\/2021\/08\/VACILON-SALUDABLE-768x768.jpeg 768w, https:\/\/noticias.inderbu.gov.co\/wp-content\/uploads\/2021\/08\/VACILON-SALUDABLE-1024x1024.jpeg 1024w, https:\/\/noticias.inderbu.gov.co\/wp-content\/uploads\/2021\/08\/VACILON-SALUDABLE-160x160.jpeg 160w, https:\/\/noticias.inderbu.gov.co\/wp-content\/uploads\/2021\/08\/VACILON-SALUDABLE-320x320.jpeg 320w, https:\/\/noticias.inderbu.gov.co\/wp-content\/uploads\/2021\/08\/VACILON-SALUDABLE-e1628885416237.jpeg 871w\" sizes=\"auto, (max-width: 300px) 100vw, 300px\" \/><\/a>\n\t\t\t<\/dt><\/dl><br style=\"clear: both\" \/>\n\t\t<\/div>\n\n<p><strong>Festivales Escuelas de Formaci\u00f3n Deportiva:<\/strong><\/p>\n<p>Eventos de integraci\u00f3n y encuentro, donde los ni\u00f1os del proceso Escuelas de Formaci\u00f3n evidencian sus avances en las diferentes disciplinas deportivas<\/p>\n<div id=\"attachment_4798\" style=\"width: 881px\" class=\"wp-caption alignnone\"><img loading=\"lazy\" decoding=\"async\" aria-describedby=\"caption-attachment-4798\" class=\"size-full wp-image-4798\" src=\"http:\/\/noticias.inderbu.gov.co\/wp-content\/uploads\/2021\/08\/FESTIVALES-PORTADA-e1628884897212.jpeg\" alt=\"\" width=\"871\" height=\"871\" \/><p id=\"caption-attachment-4798\" class=\"wp-caption-text\">Festivales Escuelas de Formaci\u00f3n Deportiva<\/p><\/div>\n<ul>\n<li><strong>Voleibol<\/strong>: el viernes 13 de agosto en el coliseo Bicentenario desde las 2:00 de a tarde, con la participaci\u00f3n de m\u00e1s de 50 ni\u00f1os y ni\u00f1as de los grupos de Real de Minas, Provenza, Manuela Beltr\u00e1n y San Alonso, con encuentros deportivos de minivoley y voleibol.<\/li>\n<li><strong>F\u00fatbol:<\/strong> el s\u00e1bado 14 de agosto, desde las 7:00 de la ma\u00f1ana y hasta el mediod\u00eda, 70 ni\u00f1os pertenecientes a los grupos de Santander, Comuneros, Dangond, San Alonso, San Francisco, Morrorrico, Vegas, Albania y Juventud; participan en encuentro de habilidades futbol\u00edsticas y dominio de bal\u00f3n.<\/li>\n<li><strong>Gimnasia:<\/strong> el s\u00e1bado 14 a las 7:00 de la ma\u00f1ana inicia el festival en el coliseo Bicentenario, con cerca de 90 ni\u00f1as y ni\u00f1os que evidencian sus niveles en pruebas de habilidad, destreza, equilibrio. Participan ni\u00f1os de los grupos conformados en los barrios Bucaramanga, Pablo VI y de los coliseos Bicentenario y Jos\u00e9 Antonio Gal\u00e1n en la Unidad Deportiva Alfonso L\u00f3pez.<\/li>\n<li><strong>Judo:<\/strong> para este s\u00e1bado 14 tambi\u00e9n est\u00e1 programado el festival de judo en el coliseo Bicentenario a partir de las 2:00 de la tarde, con pruebas de habilidades y competencias de los diferentes grupos conformados.<\/li>\n<li><strong>Festival Nataci\u00f3n:<\/strong> la reapertura de las piscinas se celebra el domingo 15 de agosto en el parque recreativo y deportivo de Las Am\u00e9ricas desde las 9:00 de la ma\u00f1ana. Participan 43 ni\u00f1os en pruebas de desplazamiento y destreza con aforos controlados en piscina.<\/li>\n<\/ul>\n<p><strong>Festikids con INDERBU:<\/strong><\/p>\n<p>Los ni\u00f1os del barrio Santander disfrutar\u00e1n este s\u00e1bado 14 de agosto de una jornada recreativa comunitaria en la cancha m\u00faltiple del barrio, con cuatro estaciones de diversi\u00f3n:<\/p>\n<ol>\n<li>Juegos de cooperaci\u00f3n, cimentando el trabajo en equipo de manera did\u00e1ctica.<\/li>\n<li>Juegos tradicionales, rescatando los juegos de anta\u00f1o como trompo, rana y domin\u00f3.<\/li>\n<li>Juegos m\u00faltiples, con desaf\u00edos de habilidades y destrezas<\/li>\n<li>Recreaci\u00f3n dirigida, con rumba Kids y el show de Tin Tan Tu.<\/li>\n<\/ol>\n<p><strong>Encuentro del bal\u00f3n:<\/strong><\/p>\n<p>El s\u00e1bado 14 de agosto, en el parque deportivo y recreativo del Mutis, de 7:00 de la ma\u00f1ana a 1:00 de la tarde, j\u00f3venes de 16 barrios se integran en torneos de microf\u00fatbol que fomenta la paz y convivencia juvenil; as\u00ed como el respeto por la diversidad.<\/p>\n<div id=\"attachment_4784\" style=\"width: 881px\" class=\"wp-caption alignnone\"><img loading=\"lazy\" decoding=\"async\" aria-describedby=\"caption-attachment-4784\" class=\"size-full wp-image-4784\" src=\"http:\/\/noticias.inderbu.gov.co\/wp-content\/uploads\/2021\/08\/MICROFUTBOL-JUVENIL-FEMENINO-e1628808340484.jpeg\" alt=\"\" width=\"871\" height=\"622\" \/><p id=\"caption-attachment-4784\" class=\"wp-caption-text\">\u201cEncuentro del Bal\u00f3n\u201d, juventud din\u00e1mica con INDERBU<\/p><\/div>\n<p><strong>Boxeo Juvenil:<\/strong><\/p>\n<p>J\u00f3venes talento del proceso de formaci\u00f3n Deporte con Valores, que practican el boxeo con el entrenador Carlos La Pi\u00f1a Mantilla, tendr\u00e1 debut en evento organizado por la liga, el s\u00e1bado 14 en el coliseo Edmundo Luna Santos a las 2:00 de la tarde.<\/p>\n<p><strong>Feria del Emprendimiento Juvenil en 4ta Etapa:<\/strong><\/p>\n<p>Agosto es para la Juventud por ello apoyamos los emprendimientos juveniles de la ciudad.\u00a0 Desde la Alcald\u00eda de Bucaramanga, de la mano con el Instituto Municipal de Empleo y Fomento Empresarial-IMEBU, El Instituto de la Juventud, el Deporte y la Recreaci\u00f3n-INDERBU, y la Plataforma Juvenil, nos vinculamos a la feria \u2018Pasos de Gigantes\u2019 del Centro Comercial Cuarta Etapa, en donde estar\u00e1n participando m\u00e1s de 20 j\u00f3venes emprendedores, demostrando creatividad y capacidad en sus ideas de negocio, que van desde bisuter\u00eda, pijamas, ropa en general, postres, marroquiner\u00eda y decoraci\u00f3n, entre otras iniciativas.<\/p>\n<p><strong>Domingo de Recreov\u00eda en la carrera 27<\/strong><\/p>\n<p>Guardando protocolos de bioseguridad como la distancia social, el uso obligatorio del tapabocas y la higiene de manos, se puede disfrutar de un trayecto de 3.51 kil\u00f3metros, desde la calle 11 hasta la avenida Gonz\u00e1lez Valencia, disponible para la actividad f\u00edsica a cielo abierto desde las 8:00 de la ma\u00f1ana hasta el mediod\u00eda.<\/p>\n<p><strong>INDERBU apoya Festival Nacional de atletismo semilleros<\/strong><\/p>\n<p>En el estadio Luis Enrique Figueroa Rey se llevar\u00e1 a cabo este fin de semana el XXIX Festival Nacional de Atletismo Infantil \u201cB\u201d, evento insignia del atletismo realizado en Bucaramanga por casi treinta a\u00f1os consecutivos, donde se detectan talentos deportivos estudiantiles.<\/p>\n<p><strong>INDERBU apoya III Torneo Nacional de Patinaje Interclubes de Transici\u00f3n<\/strong><\/p>\n<p>Bucaramanga vivir\u00e1 el III Torneo de velocidad transici\u00f3n este fin de semana en el patin\u00f3dromo Roberto Garc\u00eda Pe\u00f1a, evento que aglutinar\u00e1 m\u00e1s de 500 patinadores de las categor\u00edas preinfantil, infantil y j\u00fanior, entre las edades de 11 a 13 a\u00f1os, quienes demostrar\u00e1n sus habilidades en pista de los 200 metros meta contra meta, eliminaci\u00f3n, puntos, remates y puntos m\u00e1s eliminaci\u00f3n.<\/p>\n<p>&nbsp;<\/p>\n<p>Con diversas actividades para todos los grupo poblacionales, el INDERBU construye paz y convivencia ciudadana.<\/p>\n<p>#GobernarEsHacer<\/p>\n<p>&nbsp;<\/p>\n<p>&nbsp;<\/p>\n<p>&nbsp;<\/p>\n","protected":false},"excerpt":{"rendered":"<p>Este fin de semana el INDERBU realiza diversos eventos de actividad f\u00edsica, recreaci\u00f3n, deporte y uso productivo del tiempo libre&#46;&#46;&#46;<\/p>\n","protected":false},"author":3,"featured_media":4797,"comment_status":"closed","ping_status":"closed","sticky":false,"template":"","format":"standard","meta":{"_bbp_topic_count":0,"_bbp_reply_count":0,"_bbp_total_topic_count":0,"_bbp_total_reply_count":0,"_bbp_voice_count":0,"_bbp_anonymous_reply_count":0,"_bbp_topic_count_hidden":0,"_bbp_reply_count_hidden":0,"_bbp_forum_subforum_count":0,"footnotes":""},"categories":[4],"tags":[143,79,38,118],"class_list":["post-4795","post","type-post","status-publish","format-standard","has-post-thumbnail","hentry","category-noticias","tag-actividad-fisica-con-inderbu","tag-apoyo-deporte-asociado","tag-formacion-deportiva","tag-inderbu-es-juventud"],"_links":{"self":[{"href":"https:\/\/noticias.inderbu.gov.co\/index.php\/wp-json\/wp\/v2\/posts\/4795","targetHints":{"allow":["GET"]}}],"collection":[{"href":"https:\/\/noticias.inderbu.gov.co\/index.php\/wp-json\/wp\/v2\/posts"}],"about":[{"href":"https:\/\/noticias.inderbu.gov.co\/index.php\/wp-json\/wp\/v2\/types\/post"}],"author":[{"embeddable":true,"href":"https:\/\/noticias.inderbu.gov.co\/index.php\/wp-json\/wp\/v2\/users\/3"}],"replies":[{"embeddable":true,"href":"https:\/\/noticias.inderbu.gov.co\/index.php\/wp-json\/wp\/v2\/comments?post=4795"}],"version-history":[{"count":1,"href":"https:\/\/noticias.inderbu.gov.co\/index.php\/wp-json\/wp\/v2\/posts\/4795\/revisions"}],"predecessor-version":[{"id":4802,"href":"https:\/\/noticias.inderbu.gov.co\/index.php\/wp-json\/wp\/v2\/posts\/4795\/revisions\/4802"}],"wp:featuredmedia":[{"embeddable":true,"href":"https:\/\/noticias.inderbu.gov.co\/index.php\/wp-json\/wp\/v2\/media\/4797"}],"wp:attachment":[{"href":"https:\/\/noticias.inderbu.gov.co\/index.php\/wp-json\/wp\/v2\/media?parent=4795"}],"wp:term":[{"taxonomy":"category","embeddable":true,"href":"https:\/\/noticias.inderbu.gov.co\/index.php\/wp-json\/wp\/v2\/categories?post=4795"},{"taxonomy":"post_tag","embeddable":true,"href":"https:\/\/noticias.inderbu.gov.co\/index.php\/wp-json\/wp\/v2\/tags?post=4795"}],"curies":[{"name":"wp","href":"https:\/\/api.w.org\/{rel}","templated":true}]}}