{"id":4786,"date":"2021-08-13T09:00:17","date_gmt":"2021-08-13T14:00:17","guid":{"rendered":"http:\/\/noticias.inderbu.gov.co\/?p=4786"},"modified":"2021-08-13T09:02:45","modified_gmt":"2021-08-13T14:02:45","slug":"inderbu-apoya-festival-nacional-de-atletismo-semilleros","status":"publish","type":"post","link":"https:\/\/noticias.inderbu.gov.co\/index.php\/2021\/08\/13\/inderbu-apoya-festival-nacional-de-atletismo-semilleros\/","title":{"rendered":"INDERBU apoya Festival Nacional de atletismo semilleros"},"content":{"rendered":"<p>En el estadio Luis Enrique Figueroa Rey se llevar\u00e1 a cabo el XXIX Festival Nacional de Atletismo Infantil \u201cB\u201d, evento insignia del atletismo realizado en Bucaramanga por casi treinta a\u00f1os consecutivos, donde se detectan talentos deportivos estudiantiles.<\/p>\n<div id=\"attachment_4791\" style=\"width: 881px\" class=\"wp-caption alignnone\"><img loading=\"lazy\" decoding=\"async\" aria-describedby=\"caption-attachment-4791\" class=\"size-full wp-image-4791\" src=\"http:\/\/noticias.inderbu.gov.co\/wp-content\/uploads\/2021\/08\/NACIONAL-ATLETISMO-e1628863254271.jpeg\" alt=\"\" width=\"871\" height=\"871\" \/><p id=\"caption-attachment-4791\" class=\"wp-caption-text\">Festival Nacional de atletismo semilleros<\/p><\/div>\n<p>Participar\u00e1n atletas desde los 4 hasta los 13 a\u00f1os de todo el pa\u00eds, confirmadas hasta el momento 12 delegaciones procedentes del Meta, Arauca, Norte de Santander, Bol\u00edvar, Atl\u00e1ntico, Bogot\u00e1, San Andr\u00e9s y Providencia, Boyac\u00e1, Cauca, Cesar, Cundinamarca y Santander.<\/p>\n<p>Esta versi\u00f3n del Festival, brinda un homenaje p\u00f3stumo al licenciado Jorge Enrique Mantilla Ceballos, quien durante m\u00e1s de 15 a\u00f1os apoy\u00f3 la organizaci\u00f3n y realizaci\u00f3n del evento.<\/p>\n<p><strong>Dato hist\u00f3rico: <\/strong><\/p>\n<p>El atleta colombiano Heider Ar\u00e9valo quien nos represent\u00f3 en los pasados Juegos Ol\u00edmpicos de Tokio en los 20 kil\u00f3metros marcha, \u00a0particip\u00f3 en el Festival Nacional de Semilleros en el a\u00f1o 1995 con la delegaci\u00f3n del Huila.<\/p>\n<p>&nbsp;<\/p>\n<p><strong>Escenario no abierto a la comunidad:<\/strong><\/p>\n<p>En virtud a la realizaci\u00f3n del evento nacional, el escenario no estar\u00e1 habilitado al p\u00fablico en general.<\/p>\n<p>&nbsp;<\/p>\n","protected":false},"excerpt":{"rendered":"<p>En el estadio Luis Enrique Figueroa Rey se llevar\u00e1 a cabo el XXIX Festival Nacional de Atletismo Infantil \u201cB\u201d, evento&#46;&#46;&#46;<\/p>\n","protected":false},"author":3,"featured_media":4791,"comment_status":"closed","ping_status":"closed","sticky":false,"template":"","format":"standard","meta":{"_bbp_topic_count":0,"_bbp_reply_count":0,"_bbp_total_topic_count":0,"_bbp_total_reply_count":0,"_bbp_voice_count":0,"_bbp_anonymous_reply_count":0,"_bbp_topic_count_hidden":0,"_bbp_reply_count_hidden":0,"_bbp_forum_subforum_count":0,"footnotes":""},"categories":[27,4],"tags":[28],"class_list":["post-4786","post","type-post","status-publish","format-standard","has-post-thumbnail","hentry","category-apoyo-al-deporte-asociado","category-noticias","tag-apoyo-al-deporte-asociado"],"_links":{"self":[{"href":"https:\/\/noticias.inderbu.gov.co\/index.php\/wp-json\/wp\/v2\/posts\/4786","targetHints":{"allow":["GET"]}}],"collection":[{"href":"https:\/\/noticias.inderbu.gov.co\/index.php\/wp-json\/wp\/v2\/posts"}],"about":[{"href":"https:\/\/noticias.inderbu.gov.co\/index.php\/wp-json\/wp\/v2\/types\/post"}],"author":[{"embeddable":true,"href":"https:\/\/noticias.inderbu.gov.co\/index.php\/wp-json\/wp\/v2\/users\/3"}],"replies":[{"embeddable":true,"href":"https:\/\/noticias.inderbu.gov.co\/index.php\/wp-json\/wp\/v2\/comments?post=4786"}],"version-history":[{"count":4,"href":"https:\/\/noticias.inderbu.gov.co\/index.php\/wp-json\/wp\/v2\/posts\/4786\/revisions"}],"predecessor-version":[{"id":4792,"href":"https:\/\/noticias.inderbu.gov.co\/index.php\/wp-json\/wp\/v2\/posts\/4786\/revisions\/4792"}],"wp:featuredmedia":[{"embeddable":true,"href":"https:\/\/noticias.inderbu.gov.co\/index.php\/wp-json\/wp\/v2\/media\/4791"}],"wp:attachment":[{"href":"https:\/\/noticias.inderbu.gov.co\/index.php\/wp-json\/wp\/v2\/media?parent=4786"}],"wp:term":[{"taxonomy":"category","embeddable":true,"href":"https:\/\/noticias.inderbu.gov.co\/index.php\/wp-json\/wp\/v2\/categories?post=4786"},{"taxonomy":"post_tag","embeddable":true,"href":"https:\/\/noticias.inderbu.gov.co\/index.php\/wp-json\/wp\/v2\/tags?post=4786"}],"curies":[{"name":"wp","href":"https:\/\/api.w.org\/{rel}","templated":true}]}}