{"id":4737,"date":"2021-08-03T15:09:36","date_gmt":"2021-08-03T20:09:36","guid":{"rendered":"http:\/\/noticias.inderbu.gov.co\/?p=4737"},"modified":"2021-08-03T15:09:36","modified_gmt":"2021-08-03T20:09:36","slug":"inderbu-apoya-primer-festival-de-miniatletismo","status":"publish","type":"post","link":"https:\/\/noticias.inderbu.gov.co\/index.php\/2021\/08\/03\/inderbu-apoya-primer-festival-de-miniatletismo\/","title":{"rendered":"INDERBU apoya Primer Festival de Miniatletismo"},"content":{"rendered":"<p>Lleg\u00f3 el turno para los peque\u00f1os atletas, con el primer festival departamental de miniatletismo, que se llevar\u00e1 a cabo este s\u00e1bado 7 de agosto en el estadio Luis Enrique Figueroa Rey.<\/p>\n<div id=\"attachment_4738\" style=\"width: 881px\" class=\"wp-caption alignnone\"><img loading=\"lazy\" decoding=\"async\" aria-describedby=\"caption-attachment-4738\" class=\"size-full wp-image-4738\" src=\"http:\/\/noticias.inderbu.gov.co\/wp-content\/uploads\/2021\/08\/MINIATLETISMO-e1628021304790.jpeg\" alt=\"\" width=\"871\" height=\"871\" \/><p id=\"caption-attachment-4738\" class=\"wp-caption-text\">INDERBU apoya Primer Festival de Miniatletismo<\/p><\/div>\n<p>El INDERBU apoya el evento organizado por el club deportivo Gacelas, que, con el aval de la Liga Santandereana de Atletismo, vincular\u00e1 aproximadamente 200 ni\u00f1os y ni\u00f1as del \u00e1rea metropolitana de Bucaramanga y de Barrancabermeja para participar en pruebas de velocidad y resistencia.<\/p>\n<p>&nbsp;<\/p>\n<p>Categor\u00edas<\/p>\n<table>\n<tbody>\n<tr>\n<td width=\"113\">CATEGORIA<\/td>\n<td width=\"104\">EDADES<\/td>\n<\/tr>\n<tr>\n<td width=\"113\">Gacelitos A<\/td>\n<td width=\"104\">20014 \u2013 2015<\/td>\n<\/tr>\n<tr>\n<td width=\"113\">Gacelitos B<\/td>\n<td width=\"104\">2012 \u2013 2013<\/td>\n<\/tr>\n<tr>\n<td width=\"113\">Gacelitos C<\/td>\n<td width=\"104\">2009 &#8211; 2011<\/td>\n<\/tr>\n<\/tbody>\n<\/table>\n<p>&nbsp;<\/p>\n<p>70 ni\u00f1os de la escuela de formaci\u00f3n deportiva del INDERBU participar\u00e1n en el Festival, demostrando los niveles de entrenamiento y preparaci\u00f3n f\u00edsica que han logrado de la mano del instructor.<\/p>\n<p>&nbsp;<\/p>\n<p>Los peque\u00f1os deportistas recibir\u00e1n medallas hasta el quinto puesto.<\/p>\n<p>Las inscripciones est\u00e1n abiertas con el club Gacelas al WhatsApp: 3153835626<\/p>\n","protected":false},"excerpt":{"rendered":"<p>Lleg\u00f3 el turno para los peque\u00f1os atletas, con el primer festival departamental de miniatletismo, que se llevar\u00e1 a cabo este&#46;&#46;&#46;<\/p>\n","protected":false},"author":3,"featured_media":4738,"comment_status":"closed","ping_status":"closed","sticky":false,"template":"","format":"standard","meta":{"_bbp_topic_count":0,"_bbp_reply_count":0,"_bbp_total_topic_count":0,"_bbp_total_reply_count":0,"_bbp_voice_count":0,"_bbp_anonymous_reply_count":0,"_bbp_topic_count_hidden":0,"_bbp_reply_count_hidden":0,"_bbp_forum_subforum_count":0,"footnotes":""},"categories":[27,82,4],"tags":[],"class_list":["post-4737","post","type-post","status-publish","format-standard","has-post-thumbnail","hentry","category-apoyo-al-deporte-asociado","category-escuelas-de-formacion-deportiva","category-noticias"],"_links":{"self":[{"href":"https:\/\/noticias.inderbu.gov.co\/index.php\/wp-json\/wp\/v2\/posts\/4737","targetHints":{"allow":["GET"]}}],"collection":[{"href":"https:\/\/noticias.inderbu.gov.co\/index.php\/wp-json\/wp\/v2\/posts"}],"about":[{"href":"https:\/\/noticias.inderbu.gov.co\/index.php\/wp-json\/wp\/v2\/types\/post"}],"author":[{"embeddable":true,"href":"https:\/\/noticias.inderbu.gov.co\/index.php\/wp-json\/wp\/v2\/users\/3"}],"replies":[{"embeddable":true,"href":"https:\/\/noticias.inderbu.gov.co\/index.php\/wp-json\/wp\/v2\/comments?post=4737"}],"version-history":[{"count":1,"href":"https:\/\/noticias.inderbu.gov.co\/index.php\/wp-json\/wp\/v2\/posts\/4737\/revisions"}],"predecessor-version":[{"id":4739,"href":"https:\/\/noticias.inderbu.gov.co\/index.php\/wp-json\/wp\/v2\/posts\/4737\/revisions\/4739"}],"wp:featuredmedia":[{"embeddable":true,"href":"https:\/\/noticias.inderbu.gov.co\/index.php\/wp-json\/wp\/v2\/media\/4738"}],"wp:attachment":[{"href":"https:\/\/noticias.inderbu.gov.co\/index.php\/wp-json\/wp\/v2\/media?parent=4737"}],"wp:term":[{"taxonomy":"category","embeddable":true,"href":"https:\/\/noticias.inderbu.gov.co\/index.php\/wp-json\/wp\/v2\/categories?post=4737"},{"taxonomy":"post_tag","embeddable":true,"href":"https:\/\/noticias.inderbu.gov.co\/index.php\/wp-json\/wp\/v2\/tags?post=4737"}],"curies":[{"name":"wp","href":"https:\/\/api.w.org\/{rel}","templated":true}]}}