{"id":4704,"date":"2021-07-27T16:21:00","date_gmt":"2021-07-27T21:21:00","guid":{"rendered":"http:\/\/noticias.inderbu.gov.co\/?p=4704"},"modified":"2021-07-27T16:21:00","modified_gmt":"2021-07-27T21:21:00","slug":"convocatoria-asamblea-general-de-la-plataforma-juvenil-de-bucaramanga","status":"publish","type":"post","link":"https:\/\/noticias.inderbu.gov.co\/index.php\/2021\/07\/27\/convocatoria-asamblea-general-de-la-plataforma-juvenil-de-bucaramanga\/","title":{"rendered":"Convocatoria Asamblea General de la Plataforma Juvenil de Bucaramanga"},"content":{"rendered":"<p>Todas las organizaciones juveniles del municipio est\u00e1n convocadas a Asamblea General de la Plataforma de Juventud del municipio de Bucaramanga.<\/p>\n<div id=\"attachment_4705\" style=\"width: 881px\" class=\"wp-caption alignnone\"><img loading=\"lazy\" decoding=\"async\" aria-describedby=\"caption-attachment-4705\" class=\"size-full wp-image-4705\" src=\"http:\/\/noticias.inderbu.gov.co\/wp-content\/uploads\/2021\/07\/ASAMBLEA-PALATAFORMA-e1627420792269.jpeg\" alt=\"\" width=\"871\" height=\"871\" \/><p id=\"caption-attachment-4705\" class=\"wp-caption-text\">Asamblea General de la Plataforma Juvenil de Bucaramanga<\/p><\/div>\n<p>Participa en la hoja de ruta para el fortalecimiento del bienestar de la juventud bumanguesa.<\/p>\n<p>Tener en cuenta los siguientes elementos, postulados por la Secretar\u00eda Ejecutiva de la Plataforma:<\/p>\n<ul>\n<li>Las organizaciones deben enviar como plazo m\u00e1ximo el viernes 30 de julio la carta de vinculaci\u00f3n a la plataforma juvenil con el nombre y c\u00e9dula del representante y suplente as\u00ed como la direcci\u00f3n de correo electr\u00f3nico de la organizaci\u00f3n, esta se debe enviar al correo <a href=\"mailto:secretariajecutivaplataformaj@gmail.com\">secretariajecutivaplataformaj@gmail.com<\/a><\/li>\n<\/ul>\n<p>&nbsp;<\/p>\n<ul>\n<li>Para el desarrollo del punto 4 de la agenda para la asamblea se abrir\u00e1 convocatoria para inscribir 4 ponencias de tem\u00e1ticas relevantes en el escenario juvenil y que crean son pertinentes al momento pol\u00edtico actual del pa\u00eds, cada una con un tiempo de 10 minutos, podr\u00e1n llevar diapositivas y habr\u00e1 20 minutos para preguntas aportes o intervenciones. Las ponencias se deben inscribir a trav\u00e9s del siguiente enlace <a href=\"https:\/\/forms.gle\/brJPcbTAxF6RvrD76\">https:\/\/forms.gle\/brJPcbTAxF6RvrD76<\/a><\/li>\n<\/ul>\n<p>&nbsp;<\/p>\n<ul>\n<li>Es importante que se tengan en cuenta los protocolos de Bioseguridad por parte de cada una de las organizaciones, es decir, que tanto el representante como el suplente de cada organizaci\u00f3n deben tener tapabocas, gel anti-bacterial \u00f3 alcohol, con el fin de contribuir al autocuidado.<\/li>\n<li>Las organizaciones deben enviar como plazo m\u00e1ximo el viernes 30 de julio la carta de vinculaci\u00f3n a la plataforma juvenil con el nombre y c\u00e9dula del representante y suplente as\u00ed como la direcci\u00f3n de correo electr\u00f3nico de la organizaci\u00f3n, esta se debe enviar al correo <a href=\"mailto:secretariajecutivaplataformaj@gmail.com\">secretariajecutivaplataformaj@gmail.com<\/a><\/li>\n<li>Las organizaciones que se postulen a la junta directiva deben llevar una propuesta m\u00ednima de trabajo, teniendo en cuenta los criterios establecidos en los estatutos de la plataforma juvenil de Bucaramanga.<\/li>\n<\/ul>\n","protected":false},"excerpt":{"rendered":"<p>Todas las organizaciones juveniles del municipio est\u00e1n convocadas a Asamblea General de la Plataforma de Juventud del municipio de Bucaramanga.&#46;&#46;&#46;<\/p>\n","protected":false},"author":3,"featured_media":4705,"comment_status":"closed","ping_status":"closed","sticky":false,"template":"","format":"standard","meta":{"_bbp_topic_count":0,"_bbp_reply_count":0,"_bbp_total_topic_count":0,"_bbp_total_reply_count":0,"_bbp_voice_count":0,"_bbp_anonymous_reply_count":0,"_bbp_topic_count_hidden":0,"_bbp_reply_count_hidden":0,"_bbp_forum_subforum_count":0,"footnotes":""},"categories":[13,4],"tags":[],"class_list":["post-4704","post","type-post","status-publish","format-standard","has-post-thumbnail","hentry","category-juventud","category-noticias"],"_links":{"self":[{"href":"https:\/\/noticias.inderbu.gov.co\/index.php\/wp-json\/wp\/v2\/posts\/4704","targetHints":{"allow":["GET"]}}],"collection":[{"href":"https:\/\/noticias.inderbu.gov.co\/index.php\/wp-json\/wp\/v2\/posts"}],"about":[{"href":"https:\/\/noticias.inderbu.gov.co\/index.php\/wp-json\/wp\/v2\/types\/post"}],"author":[{"embeddable":true,"href":"https:\/\/noticias.inderbu.gov.co\/index.php\/wp-json\/wp\/v2\/users\/3"}],"replies":[{"embeddable":true,"href":"https:\/\/noticias.inderbu.gov.co\/index.php\/wp-json\/wp\/v2\/comments?post=4704"}],"version-history":[{"count":1,"href":"https:\/\/noticias.inderbu.gov.co\/index.php\/wp-json\/wp\/v2\/posts\/4704\/revisions"}],"predecessor-version":[{"id":4706,"href":"https:\/\/noticias.inderbu.gov.co\/index.php\/wp-json\/wp\/v2\/posts\/4704\/revisions\/4706"}],"wp:featuredmedia":[{"embeddable":true,"href":"https:\/\/noticias.inderbu.gov.co\/index.php\/wp-json\/wp\/v2\/media\/4705"}],"wp:attachment":[{"href":"https:\/\/noticias.inderbu.gov.co\/index.php\/wp-json\/wp\/v2\/media?parent=4704"}],"wp:term":[{"taxonomy":"category","embeddable":true,"href":"https:\/\/noticias.inderbu.gov.co\/index.php\/wp-json\/wp\/v2\/categories?post=4704"},{"taxonomy":"post_tag","embeddable":true,"href":"https:\/\/noticias.inderbu.gov.co\/index.php\/wp-json\/wp\/v2\/tags?post=4704"}],"curies":[{"name":"wp","href":"https:\/\/api.w.org\/{rel}","templated":true}]}}