{"id":4667,"date":"2021-07-19T19:10:49","date_gmt":"2021-07-20T00:10:49","guid":{"rendered":"http:\/\/noticias.inderbu.gov.co\/?p=4667"},"modified":"2021-07-19T19:22:59","modified_gmt":"2021-07-20T00:22:59","slug":"participa-en-la-feria-virtual-del-emprendimiento-juvenil","status":"publish","type":"post","link":"https:\/\/noticias.inderbu.gov.co\/index.php\/2021\/07\/19\/participa-en-la-feria-virtual-del-emprendimiento-juvenil\/","title":{"rendered":"Participa en la Feria Virtual del Emprendimiento Juvenil"},"content":{"rendered":"<p>Los j\u00f3venes emprendedores tendr\u00e1n una vitrina virtual para mostrar sus productos y servicios, as\u00ed como contactar a sus clientes, en la Feria Virtual de Emprendimiento Juvenil, que se realizar\u00e1 en el marco de la Semana de la Juventud del mes de agosto.<\/p>\n<div id=\"attachment_4668\" style=\"width: 881px\" class=\"wp-caption alignnone\"><img loading=\"lazy\" decoding=\"async\" aria-describedby=\"caption-attachment-4668\" class=\"size-full wp-image-4668\" src=\"http:\/\/noticias.inderbu.gov.co\/wp-content\/uploads\/2021\/07\/WhatsApp-Image-2021-07-19-at-6.30.52-PM-e1626738450415.jpeg\" alt=\"\" width=\"871\" height=\"433\" \/><p id=\"caption-attachment-4668\" class=\"wp-caption-text\">Feria Virtual del Emprendimiento Juvenil<\/p><\/div>\n<p>La alcald\u00eda de Bucaramanga a trav\u00e9s del INDERBU e IMEBU, contando con el apoyo de la oficina asesora de las TIC\u00b4s, disponen de una plataforma web, mediante la cual de forma amena y \u00e1gil los ciudadanos podr\u00e1n conocer productos y servicios, contactar a los j\u00f3venes emprendedores y concretar con ellos sus opciones de negocio.<\/p>\n<!--[if lt IE 9]><script>document.createElement('audio');<\/script><![endif]-->\n<audio class=\"wp-audio-shortcode\" id=\"audio-4667-1\" preload=\"none\" style=\"width: 100%;\" controls=\"controls\"><source type=\"audio\/ogg\" src=\"http:\/\/noticias.inderbu.gov.co\/wp-content\/uploads\/2021\/07\/WhatsApp-Ptt-2021-07-19-at-7.13.26-PM.ogg?_=1\" \/><a href=\"http:\/\/noticias.inderbu.gov.co\/wp-content\/uploads\/2021\/07\/WhatsApp-Ptt-2021-07-19-at-7.13.26-PM.ogg\">http:\/\/noticias.inderbu.gov.co\/wp-content\/uploads\/2021\/07\/WhatsApp-Ptt-2021-07-19-at-7.13.26-PM.ogg<\/a><\/audio>\n<p>Audio: Alexander Gallego \/ Secretario Plataforma de Juventud del municipio.<\/p>\n<p>Los j\u00f3venes emprendedores tendr\u00e1n como fecha l\u00edmite de inscripci\u00f3n el 5 de agosto, para diligenciar el formulario con todos sus datos, descripci\u00f3n de sus productos, fotograf\u00edas y dem\u00e1s datos relevantes que resalten su emprendimiento.<\/p>\n<p><strong>Enlace de inscripci\u00f3n hasta el 5 de agosto<\/strong>:\u00a0 \u00a0<a href=\"https:\/\/forms.gle\/qDwRgPmPMHjYwXr48\">https:\/\/forms.gle\/qDwRgPmPMHjYwXr48<\/a><\/p>\n<p>El lanzamiento de la plataforma web que busca dinamizar la econom\u00eda visibilizando las ideas de negocio, el empuje y dinamismo empresarial de nuestros j\u00f3venes bumangueses, ser\u00e1 el 28 de agosto y continuar\u00e1 brindando este servicio.<\/p>\n<audio class=\"wp-audio-shortcode\" id=\"audio-4667-2\" preload=\"none\" style=\"width: 100%;\" controls=\"controls\"><source type=\"audio\/ogg\" src=\"http:\/\/noticias.inderbu.gov.co\/wp-content\/uploads\/2021\/07\/WhatsApp-Audio-2021-07-19-at-7.19.46-PM.ogg?_=2\" \/><a href=\"http:\/\/noticias.inderbu.gov.co\/wp-content\/uploads\/2021\/07\/WhatsApp-Audio-2021-07-19-at-7.19.46-PM.ogg\">http:\/\/noticias.inderbu.gov.co\/wp-content\/uploads\/2021\/07\/WhatsApp-Audio-2021-07-19-at-7.19.46-PM.ogg<\/a><\/audio>\n<p>Audio: Alix Johanna Rojas Borja \/ Subdirectora Operativa del INDERBU.<\/p>\n<p>En la Semana de la Juventud, el INDERBU tambi\u00e9n realizar\u00e1 diversos eventos m\u00e1s de cultura, deporte, arte, emprendimiento, proyecci\u00f3n y ocupaci\u00f3n para los j\u00f3venes que con su inquietud y sentido cr\u00edtico buscan un mundo mejor.<\/p>\n","protected":false},"excerpt":{"rendered":"<p>Los j\u00f3venes emprendedores tendr\u00e1n una vitrina virtual para mostrar sus productos y servicios, as\u00ed como contactar a sus clientes, en&#46;&#46;&#46;<\/p>\n","protected":false},"author":3,"featured_media":4668,"comment_status":"closed","ping_status":"closed","sticky":false,"template":"","format":"standard","meta":{"_bbp_topic_count":0,"_bbp_reply_count":0,"_bbp_total_topic_count":0,"_bbp_total_reply_count":0,"_bbp_voice_count":0,"_bbp_anonymous_reply_count":0,"_bbp_topic_count_hidden":0,"_bbp_reply_count_hidden":0,"_bbp_forum_subforum_count":0,"footnotes":""},"categories":[13,4,78],"tags":[118,123,33,42],"class_list":["post-4667","post","type-post","status-publish","format-standard","has-post-thumbnail","hentry","category-juventud","category-noticias","category-participacion-juvenil","tag-inderbu-es-juventud","tag-juventud-dinamica","tag-participacion-juvenil","tag-semana-de-la-juventud"],"_links":{"self":[{"href":"https:\/\/noticias.inderbu.gov.co\/index.php\/wp-json\/wp\/v2\/posts\/4667","targetHints":{"allow":["GET"]}}],"collection":[{"href":"https:\/\/noticias.inderbu.gov.co\/index.php\/wp-json\/wp\/v2\/posts"}],"about":[{"href":"https:\/\/noticias.inderbu.gov.co\/index.php\/wp-json\/wp\/v2\/types\/post"}],"author":[{"embeddable":true,"href":"https:\/\/noticias.inderbu.gov.co\/index.php\/wp-json\/wp\/v2\/users\/3"}],"replies":[{"embeddable":true,"href":"https:\/\/noticias.inderbu.gov.co\/index.php\/wp-json\/wp\/v2\/comments?post=4667"}],"version-history":[{"count":3,"href":"https:\/\/noticias.inderbu.gov.co\/index.php\/wp-json\/wp\/v2\/posts\/4667\/revisions"}],"predecessor-version":[{"id":4675,"href":"https:\/\/noticias.inderbu.gov.co\/index.php\/wp-json\/wp\/v2\/posts\/4667\/revisions\/4675"}],"wp:featuredmedia":[{"embeddable":true,"href":"https:\/\/noticias.inderbu.gov.co\/index.php\/wp-json\/wp\/v2\/media\/4668"}],"wp:attachment":[{"href":"https:\/\/noticias.inderbu.gov.co\/index.php\/wp-json\/wp\/v2\/media?parent=4667"}],"wp:term":[{"taxonomy":"category","embeddable":true,"href":"https:\/\/noticias.inderbu.gov.co\/index.php\/wp-json\/wp\/v2\/categories?post=4667"},{"taxonomy":"post_tag","embeddable":true,"href":"https:\/\/noticias.inderbu.gov.co\/index.php\/wp-json\/wp\/v2\/tags?post=4667"}],"curies":[{"name":"wp","href":"https:\/\/api.w.org\/{rel}","templated":true}]}}