{"id":4432,"date":"2021-04-16T13:29:38","date_gmt":"2021-04-16T18:29:38","guid":{"rendered":"http:\/\/noticias.inderbu.gov.co\/?p=4432"},"modified":"2021-04-16T13:29:38","modified_gmt":"2021-04-16T18:29:38","slug":"ritmos-del-folclore-del-mundo-en-la-recreovia-de-este-domingo","status":"publish","type":"post","link":"https:\/\/noticias.inderbu.gov.co\/index.php\/2021\/04\/16\/ritmos-del-folclore-del-mundo-en-la-recreovia-de-este-domingo\/","title":{"rendered":"Ritmos del folclore del mundo en la Recreov\u00eda de este domingo"},"content":{"rendered":"<p>La Recreov\u00eda en la carrera 27, contin\u00faa ofreciendo diversas actividades para las familias bumanguesas, desde las 8:00 de la ma\u00f1ana hasta las 12:00 del mediod\u00eda.<\/p>\n<div id=\"attachment_4433\" style=\"width: 881px\" class=\"wp-caption alignnone\"><img loading=\"lazy\" decoding=\"async\" aria-describedby=\"caption-attachment-4433\" class=\"size-full wp-image-4433\" src=\"http:\/\/noticias.inderbu.gov.co\/wp-content\/uploads\/2021\/04\/SKATE-EN-RECREOVIA-e1618597629230.jpeg\" alt=\"\" width=\"871\" height=\"581\" \/><p id=\"caption-attachment-4433\" class=\"wp-caption-text\">Festival Skate en la Recreov\u00eda del INDERBU<\/p><\/div>\n<p>Son 3.51 kil\u00f3metros de V\u00eda Activa y Saludable donde ni\u00f1os, j\u00f3venes, adultos y adultos mayores, disfrutan de actividad f\u00edsica al aire libre, desde la calle 11 hasta la avenida Gonz\u00e1lez Valencia, adoptando de manera responsable todos los protocolos de autocuidado, como tapabocas obligatorio, distancia social y aseo regular de manos.<\/p>\n<p><strong>V\u00eda activa y saludable \u2013 VAS<\/strong><\/p>\n<p>Ciclistas, patinadores y caminantes, pueden disfrutar de un espacio seguro para desplazarse en sentido norte-sur de la carrera 27, que ha sido transformada en v\u00eda activa y saludable con circuito de ida y regreso, incluyendo el paso por el deprimido del Mes\u00f3n de Los B\u00facaros.<\/p>\n<p><strong>Actividad f\u00edsica musicalizada<\/strong><\/p>\n<p>La tarima de aer\u00f3bicos ubicada en la carrera 27 en sentido sur \u2013 norte entre las calles 14 y 16, frente al SENA, brindar\u00e1 cuatro sesiones que incluyen diferentes ritmos.<\/p>\n<p>Est\u00e1n abiertas las inscripciones previas a trav\u00e9s de los formularios virtuales, con encuesta de control del estado de salud y consentimiento informado, para seguridad y control de aforo con distancias entre personas, realizaci\u00f3n de procedimientos de desinfecci\u00f3n de espacios para participantes al inicio y finalizaci\u00f3n de cada una de las sesiones.\u00a0 Cada persona podr\u00e1 realizar inscripci\u00f3n a una sola sesi\u00f3n y deber\u00e1 presentarse quince minutos antes de la hora se\u00f1alada.<\/p>\n<p><strong>8:00 am \/ Gimnasia<\/strong><\/p>\n<p><a href=\"https:\/\/forms.gle\/SjpfPaeho8uYdpya7\">https:\/\/forms.gle\/SjpfPaeho8uYdpya7<\/a><\/p>\n<p>&nbsp;<\/p>\n<p><strong>9:00 am \/ Rumba aer\u00f3bica<\/strong><\/p>\n<p><a href=\"https:\/\/forms.gle\/5ohAQCc8mFB3mFwY9\">https:\/\/forms.gle\/5ohAQCc8mFB3mFwY9<\/a><\/p>\n<p><strong>\u00a0<\/strong><\/p>\n<p><strong>10: 00 \/ Rumba aer\u00f3bica<\/strong><\/p>\n<p>Clase especial con expertos en folclore del mundo, al ritmo de samba, danza \u00e1rabe y carnaval.<\/p>\n<p><a href=\"https:\/\/forms.gle\/heFDDjGDJxhaVBma9\">https:\/\/forms.gle\/heFDDjGDJxhaVBma9<\/a><\/p>\n<p><strong>11:00 \/ Aer\u00f3bicos avanzados<\/strong><\/p>\n<p><a href=\"https:\/\/forms.gle\/99RpoSyecCV38J6o8\">https:\/\/forms.gle\/99RpoSyecCV38J6o8<\/a><\/p>\n<p><strong>Punto joven <\/strong><\/p>\n<p>Las actividades l\u00fadicas, recreativas y deportivas juveniles fundamentadas en valores, estar\u00e1n en la carrera 27 frente al parque de Los ni\u00f1os, emprendimiento juvenil, festival de skateboarding y exhibici\u00f3n de Stunt bike del grupo juvenil \u201cAl Ruedo\u201d.<\/p>\n<ul>\n<li><strong>Emprendimiento juvenil:<\/strong><\/li>\n<\/ul>\n<p>Se realizar\u00e1 un evento promocional para la presentaci\u00f3n de marca y productos ap\u00edcolas, como vitrina a las iniciativas de j\u00f3venes emprendedores de los corregimientos.<\/p>\n<p>&nbsp;<\/p>\n<p>El INDERBU planea, organiza y ejecuta las Recreov\u00edas, contando con el apoyo de diversas entidades como Polic\u00eda Nacional, Bomberos Bucaramanga, Direcci\u00f3n de Tr\u00e1nsito, Defensa Civil, IMCT, secretar\u00eda de Salud y Oficina de Control del Riesgo, logrando que cada domingo se convierta la carrera 27 en una verdadera v\u00eda activa para el disfrute de familias y amigos entorno al deporte, la recreaci\u00f3n y el sano esparcimiento.<\/p>\n<p>#RecreoviaSegura<\/p>\n<p>#GobernarEsHacer<\/p>\n<p>&nbsp;<\/p>\n","protected":false},"excerpt":{"rendered":"<p>La Recreov\u00eda en la carrera 27, contin\u00faa ofreciendo diversas actividades para las familias bumanguesas, desde las 8:00 de la ma\u00f1ana&#46;&#46;&#46;<\/p>\n","protected":false},"author":3,"featured_media":4433,"comment_status":"open","ping_status":"open","sticky":false,"template":"","format":"standard","meta":{"_bbp_topic_count":0,"_bbp_reply_count":0,"_bbp_total_topic_count":0,"_bbp_total_reply_count":0,"_bbp_voice_count":0,"_bbp_anonymous_reply_count":0,"_bbp_topic_count_hidden":0,"_bbp_reply_count_hidden":0,"_bbp_forum_subforum_count":0,"footnotes":""},"categories":[13,4,99],"tags":[25,123,61],"class_list":["post-4432","post","type-post","status-publish","format-standard","has-post-thumbnail","hentry","category-juventud","category-noticias","category-recreovias","tag-actividad-fisica","tag-juventud-dinamica","tag-recreovias-inderbu"],"_links":{"self":[{"href":"https:\/\/noticias.inderbu.gov.co\/index.php\/wp-json\/wp\/v2\/posts\/4432","targetHints":{"allow":["GET"]}}],"collection":[{"href":"https:\/\/noticias.inderbu.gov.co\/index.php\/wp-json\/wp\/v2\/posts"}],"about":[{"href":"https:\/\/noticias.inderbu.gov.co\/index.php\/wp-json\/wp\/v2\/types\/post"}],"author":[{"embeddable":true,"href":"https:\/\/noticias.inderbu.gov.co\/index.php\/wp-json\/wp\/v2\/users\/3"}],"replies":[{"embeddable":true,"href":"https:\/\/noticias.inderbu.gov.co\/index.php\/wp-json\/wp\/v2\/comments?post=4432"}],"version-history":[{"count":1,"href":"https:\/\/noticias.inderbu.gov.co\/index.php\/wp-json\/wp\/v2\/posts\/4432\/revisions"}],"predecessor-version":[{"id":4434,"href":"https:\/\/noticias.inderbu.gov.co\/index.php\/wp-json\/wp\/v2\/posts\/4432\/revisions\/4434"}],"wp:featuredmedia":[{"embeddable":true,"href":"https:\/\/noticias.inderbu.gov.co\/index.php\/wp-json\/wp\/v2\/media\/4433"}],"wp:attachment":[{"href":"https:\/\/noticias.inderbu.gov.co\/index.php\/wp-json\/wp\/v2\/media?parent=4432"}],"wp:term":[{"taxonomy":"category","embeddable":true,"href":"https:\/\/noticias.inderbu.gov.co\/index.php\/wp-json\/wp\/v2\/categories?post=4432"},{"taxonomy":"post_tag","embeddable":true,"href":"https:\/\/noticias.inderbu.gov.co\/index.php\/wp-json\/wp\/v2\/tags?post=4432"}],"curies":[{"name":"wp","href":"https:\/\/api.w.org\/{rel}","templated":true}]}}