{"id":4405,"date":"2021-04-09T11:48:35","date_gmt":"2021-04-09T16:48:35","guid":{"rendered":"http:\/\/noticias.inderbu.gov.co\/?p=4405"},"modified":"2021-04-09T11:49:44","modified_gmt":"2021-04-09T16:49:44","slug":"inderbu-en-la-feria-de-servicios-institucional-del-barrio-estoraques-2","status":"publish","type":"post","link":"https:\/\/noticias.inderbu.gov.co\/index.php\/2021\/04\/09\/inderbu-en-la-feria-de-servicios-institucional-del-barrio-estoraques-2\/","title":{"rendered":"INDERBU en la feria de servicios Institucional del parque Lineal Bavaria 2"},"content":{"rendered":"<p>Ma\u00f1ana s\u00e1bado 10 de abril, el INDERBU estar\u00e1 presente en el parque Lineal R\u00edo de Oro Bavaria 2 de la comuna 1, participando activamente en la Feria de Servicios Institucional de la alcald\u00eda de Bucaramanga, coordinada por la Secretar\u00eda de Desarrollo Social, con el prop\u00f3sito de articular oferta de servicios para este importante sector poblacional.<\/p>\n<div id=\"attachment_2377\" style=\"width: 881px\" class=\"wp-caption alignnone\"><img loading=\"lazy\" decoding=\"async\" aria-describedby=\"caption-attachment-2377\" class=\"size-full wp-image-2377\" src=\"http:\/\/noticias.inderbu.gov.co\/wp-content\/uploads\/2019\/03\/DOMINGO-FELIZ-PARQUE-LINEAL.jpg\" alt=\"\" width=\"871\" height=\"653\" srcset=\"https:\/\/noticias.inderbu.gov.co\/wp-content\/uploads\/2019\/03\/DOMINGO-FELIZ-PARQUE-LINEAL.jpg 871w, https:\/\/noticias.inderbu.gov.co\/wp-content\/uploads\/2019\/03\/DOMINGO-FELIZ-PARQUE-LINEAL-300x225.jpg 300w, https:\/\/noticias.inderbu.gov.co\/wp-content\/uploads\/2019\/03\/DOMINGO-FELIZ-PARQUE-LINEAL-768x576.jpg 768w\" sizes=\"auto, (max-width: 871px) 100vw, 871px\" \/><p id=\"caption-attachment-2377\" class=\"wp-caption-text\">INDERBU en Parque Lineal \/ fotograf\u00eda archivo<\/p><\/div>\n<p>Desde las 8:00 de la ma\u00f1ana y hasta el mediod\u00eda, se desarrollar\u00e1 la feria, y el INDERBU realizar\u00e1 una serie de actividades para promover la actividad f\u00edsica, el deporte, la convivencia y la paz en ni\u00f1os, j\u00f3venes y adultos mayores, guardando todas las medidas de bioseguridad y autocuidado.<\/p>\n<p>&nbsp;<\/p>\n<p><strong>Punto joven<\/strong><\/p>\n<p>Los j\u00f3venes podr\u00e1n participar en torneo rel\u00e1mpago de f\u00fatbol tenis, circuito de actividades recreodeportivas, juego de futbolito, actividades recreativas con juegos aut\u00f3ctonos y de mesa<\/p>\n<p>&nbsp;<\/p>\n<p><strong>Escuelas de formaci\u00f3n<\/strong><\/p>\n<p>Clases de patinaje para ni\u00f1os de 6 a 13 a\u00f1os, en los espacios del parque Lineal, con divertidas actividades de coordinaci\u00f3n y equilibrio.<\/p>\n<p>&nbsp;<\/p>\n<p><strong>Rumba Aer\u00f3bica:<\/strong><\/p>\n<p>Con una sesi\u00f3n de rumba aer\u00f3bica para todos, se fomentan los h\u00e1bitos y estilos de vida saludables para los habitantes de este importante sector de la ciudad.<\/p>\n<p><strong>Estrategias IEC<\/strong><\/p>\n<p>Estrategias de informaci\u00f3n, educaci\u00f3n y comunicaci\u00f3n, que de manera did\u00e1ctica y amena, promover\u00e1n en la comunidad el cambio hacia estilos de vida con actividad f\u00edsica regular<\/p>\n<p>&nbsp;<\/p>\n<p>#GobernarEsHacer<\/p>\n","protected":false},"excerpt":{"rendered":"<p>Ma\u00f1ana s\u00e1bado 10 de abril, el INDERBU estar\u00e1 presente en el parque Lineal R\u00edo de Oro Bavaria 2 de la&#46;&#46;&#46;<\/p>\n","protected":false},"author":3,"featured_media":2377,"comment_status":"closed","ping_status":"closed","sticky":false,"template":"","format":"standard","meta":{"_bbp_topic_count":0,"_bbp_reply_count":0,"_bbp_total_topic_count":0,"_bbp_total_reply_count":0,"_bbp_voice_count":0,"_bbp_anonymous_reply_count":0,"_bbp_topic_count_hidden":0,"_bbp_reply_count_hidden":0,"_bbp_forum_subforum_count":0,"footnotes":""},"categories":[6,5,13,4],"tags":[25,38,110,125,97],"class_list":["post-4405","post","type-post","status-publish","format-standard","has-post-thumbnail","hentry","category-actifisica","category-formaciond","category-juventud","category-noticias","tag-actividad-fisica","tag-formacion-deportiva","tag-gobernar-es-hacer","tag-inderbu-en-el-norte","tag-todo-inderbu-es-prevencion"],"_links":{"self":[{"href":"https:\/\/noticias.inderbu.gov.co\/index.php\/wp-json\/wp\/v2\/posts\/4405","targetHints":{"allow":["GET"]}}],"collection":[{"href":"https:\/\/noticias.inderbu.gov.co\/index.php\/wp-json\/wp\/v2\/posts"}],"about":[{"href":"https:\/\/noticias.inderbu.gov.co\/index.php\/wp-json\/wp\/v2\/types\/post"}],"author":[{"embeddable":true,"href":"https:\/\/noticias.inderbu.gov.co\/index.php\/wp-json\/wp\/v2\/users\/3"}],"replies":[{"embeddable":true,"href":"https:\/\/noticias.inderbu.gov.co\/index.php\/wp-json\/wp\/v2\/comments?post=4405"}],"version-history":[{"count":2,"href":"https:\/\/noticias.inderbu.gov.co\/index.php\/wp-json\/wp\/v2\/posts\/4405\/revisions"}],"predecessor-version":[{"id":4407,"href":"https:\/\/noticias.inderbu.gov.co\/index.php\/wp-json\/wp\/v2\/posts\/4405\/revisions\/4407"}],"wp:featuredmedia":[{"embeddable":true,"href":"https:\/\/noticias.inderbu.gov.co\/index.php\/wp-json\/wp\/v2\/media\/2377"}],"wp:attachment":[{"href":"https:\/\/noticias.inderbu.gov.co\/index.php\/wp-json\/wp\/v2\/media?parent=4405"}],"wp:term":[{"taxonomy":"category","embeddable":true,"href":"https:\/\/noticias.inderbu.gov.co\/index.php\/wp-json\/wp\/v2\/categories?post=4405"},{"taxonomy":"post_tag","embeddable":true,"href":"https:\/\/noticias.inderbu.gov.co\/index.php\/wp-json\/wp\/v2\/tags?post=4405"}],"curies":[{"name":"wp","href":"https:\/\/api.w.org\/{rel}","templated":true}]}}