{"id":4376,"date":"2021-03-26T16:10:29","date_gmt":"2021-03-26T21:10:29","guid":{"rendered":"http:\/\/noticias.inderbu.gov.co\/?p=4376"},"modified":"2021-03-26T16:13:01","modified_gmt":"2021-03-26T21:13:01","slug":"para-los-domingos-28-de-marzo-y-4-de-abril-se-suspende-la-recreovia-en-bucaramanga","status":"publish","type":"post","link":"https:\/\/noticias.inderbu.gov.co\/index.php\/2021\/03\/26\/para-los-domingos-28-de-marzo-y-4-de-abril-se-suspende-la-recreovia-en-bucaramanga\/","title":{"rendered":"Domingos 28 de marzo y 4 de abril, se suspende la Recreov\u00eda en Bucaramanga"},"content":{"rendered":"<p>Hasta el pr\u00f3ximo <strong>11 de abril<\/strong> <strong>regresar\u00e1 la Recreov\u00eda<\/strong> de la carrera 27, puesto que Bucaramanga se acogi\u00f3 a la circular expedida por el Gobierno Nacional, a trav\u00e9s de los ministerios del Interior y de Salud y Protecci\u00f3n Social, en la cual se toman medidas para minimizar los contagios por Covid-19 durante la Semana Santa.<\/p>\n<div id=\"attachment_3337\" style=\"width: 881px\" class=\"wp-caption alignnone\"><img loading=\"lazy\" decoding=\"async\" aria-describedby=\"caption-attachment-3337\" class=\"size-full wp-image-3337\" src=\"http:\/\/noticias.inderbu.gov.co\/wp-content\/uploads\/2020\/02\/RECREOVIA-2020-e1582319169357.jpg\" alt=\"\" width=\"871\" height=\"653\" \/><p id=\"caption-attachment-3337\" class=\"wp-caption-text\">En Semana Santa se suspende Recreov\u00eda<strong style=\"font-size: 16px;\">\u00a0<\/strong><\/p><\/div>\n<p>Bucaramanga tradicionalmente recibe gran afluencia de visitantes durante esta temporada, por ello, se determin\u00f3 que se suspendiera por estos dos domingos el programa, que ya suma cada domingo en su trayecto de 3.51 kil\u00f3metros, una poblaci\u00f3n fluctuante entre diferentes horarios de 11.500 personas, seg\u00fan el m\u00e9todo de medici\u00f3n y evaluaci\u00f3n del ministerio del Deporte, implementado en la ciudad.<\/p>\n<p>Con diversas medidas como el toque de queda entre las 10:00 p.m. y las 5:00 a.m., desde el 26 de marzo hasta el 5 de abril; la implementaci\u00f3n del pico y c\u00e9dula desde el 27 de marzo hasta el 4 de abril; as\u00ed como la suspensi\u00f3n de clases en alternancia desde el 5 al 19 de abril, Bucaramanga implementa estrategias para la protecci\u00f3n y cuidado de sus habitantes a fin de evitar propagaciones del COVID-19.<\/p>\n","protected":false},"excerpt":{"rendered":"<p>Hasta el pr\u00f3ximo 11 de abril regresar\u00e1 la Recreov\u00eda de la carrera 27, puesto que Bucaramanga se acogi\u00f3 a la&#46;&#46;&#46;<\/p>\n","protected":false},"author":3,"featured_media":3337,"comment_status":"closed","ping_status":"closed","sticky":false,"template":"","format":"standard","meta":{"_bbp_topic_count":0,"_bbp_reply_count":0,"_bbp_total_topic_count":0,"_bbp_total_reply_count":0,"_bbp_voice_count":0,"_bbp_anonymous_reply_count":0,"_bbp_topic_count_hidden":0,"_bbp_reply_count_hidden":0,"_bbp_forum_subforum_count":0,"footnotes":""},"categories":[4,99],"tags":[61,117],"class_list":["post-4376","post","type-post","status-publish","format-standard","has-post-thumbnail","hentry","category-noticias","category-recreovias","tag-recreovias-inderbu","tag-vias-activas-y-saludables"],"_links":{"self":[{"href":"https:\/\/noticias.inderbu.gov.co\/index.php\/wp-json\/wp\/v2\/posts\/4376","targetHints":{"allow":["GET"]}}],"collection":[{"href":"https:\/\/noticias.inderbu.gov.co\/index.php\/wp-json\/wp\/v2\/posts"}],"about":[{"href":"https:\/\/noticias.inderbu.gov.co\/index.php\/wp-json\/wp\/v2\/types\/post"}],"author":[{"embeddable":true,"href":"https:\/\/noticias.inderbu.gov.co\/index.php\/wp-json\/wp\/v2\/users\/3"}],"replies":[{"embeddable":true,"href":"https:\/\/noticias.inderbu.gov.co\/index.php\/wp-json\/wp\/v2\/comments?post=4376"}],"version-history":[{"count":3,"href":"https:\/\/noticias.inderbu.gov.co\/index.php\/wp-json\/wp\/v2\/posts\/4376\/revisions"}],"predecessor-version":[{"id":6222,"href":"https:\/\/noticias.inderbu.gov.co\/index.php\/wp-json\/wp\/v2\/posts\/4376\/revisions\/6222"}],"wp:featuredmedia":[{"embeddable":true,"href":"https:\/\/noticias.inderbu.gov.co\/index.php\/wp-json\/wp\/v2\/media\/3337"}],"wp:attachment":[{"href":"https:\/\/noticias.inderbu.gov.co\/index.php\/wp-json\/wp\/v2\/media?parent=4376"}],"wp:term":[{"taxonomy":"category","embeddable":true,"href":"https:\/\/noticias.inderbu.gov.co\/index.php\/wp-json\/wp\/v2\/categories?post=4376"},{"taxonomy":"post_tag","embeddable":true,"href":"https:\/\/noticias.inderbu.gov.co\/index.php\/wp-json\/wp\/v2\/tags?post=4376"}],"curies":[{"name":"wp","href":"https:\/\/api.w.org\/{rel}","templated":true}]}}