{"id":433,"date":"2017-11-28T15:19:42","date_gmt":"2017-11-28T20:19:42","guid":{"rendered":"http:\/\/noticias.inderbu.gov.co\/?p=433"},"modified":"2017-11-30T17:45:45","modified_gmt":"2017-11-30T22:45:45","slug":"cualificacion-del-talento-deportivo-con-el-inderbu-2","status":"publish","type":"post","link":"https:\/\/noticias.inderbu.gov.co\/index.php\/2017\/11\/28\/cualificacion-del-talento-deportivo-con-el-inderbu-2\/","title":{"rendered":"CUALIFICACI\u00d3N DEL TALENTO DEPORTIVO CON EL INDERBU"},"content":{"rendered":"<p>&nbsp;<\/p>\n<p style=\"text-align: center;\"><span style=\"font-size: 14pt;\"><strong>CAPACITACI\u00d3N GRATUITA EN ADMINISTRACI\u00d3N DEPORTIVA Y OTROS CURSOS<\/strong><\/span><\/p>\n<p><em>\u00a0<\/em><\/p>\n<div id=\"attachment_447\" style=\"width: 881px\" class=\"wp-caption alignnone\"><img loading=\"lazy\" decoding=\"async\" aria-describedby=\"caption-attachment-447\" class=\"size-full wp-image-447\" src=\"http:\/\/noticias.inderbu.gov.co\/wp-content\/uploads\/2017\/11\/Promocion-cualificacion-Actualizado-e1512080629777.jpg\" alt=\"\" width=\"871\" height=\"653\" \/><p id=\"caption-attachment-447\" class=\"wp-caption-text\">Promoci\u00f3n capacitaci\u00f3n<\/p><\/div>\n<p>Desde el pasado lunes 27 de noviembre inici\u00f3 el proceso de inscripci\u00f3n para el ciclo de capacitaciones gratuitas con el INDERBU.\u00a0 De manera simult\u00e1nea y en diferentes horarios los interesados pueden asistir a las Unidades Tecnol\u00f3gicas de Santander-UTS desde el d\u00eda 4 y hasta el 14 de diciembre, para capacitarse y certificarse en los cursos que tendr\u00e1n una intensidad de 40 horas cada uno.<\/p>\n<p>&nbsp;<\/p>\n<p>Para dar continuidad al proceso de inscripci\u00f3n, los interesados pueden enviar sus datos al correo electr\u00f3nico <a href=\"mailto:formacion@inderbu.gov.co\">formacion@inderbu.gov.co<\/a> como nombre completo, documento de identidad, direcci\u00f3n de residencia, barrio, comuna, club deportivo (si pertenece a alguno), universidad (si es el caso), e-mail y el curso al cual desea inscribirse. Igualmente el 4 de diciembre, al inicio de cada curso, podr\u00e1n inscribirse en las respectivas aulas de la universidad.<\/p>\n<p>&nbsp;<\/p>\n<p>Los cursos son:<\/p>\n<p>&nbsp;<\/p>\n<table width=\"0\">\n<tbody>\n<tr>\n<td width=\"346\"><strong>CURSO<\/strong><\/td>\n<td width=\"79\"><strong>AULA UTS<\/strong><\/td>\n<td width=\"75\"><strong>CURSO HORA<\/strong><\/td>\n<td width=\"94\"><strong>FECHAS<\/strong><\/td>\n<\/tr>\n<tr>\n<td width=\"346\">Administraci\u00f3n Deportiva Sistema nacional de deportes y normas de funcionamiento.<\/td>\n<td width=\"79\">Auditorio<\/p>\n<p>&nbsp;<\/td>\n<td width=\"75\">5:00 a 9:00 pm<\/td>\n<td width=\"94\">Dic 5 al 14<\/td>\n<\/tr>\n<tr>\n<td width=\"346\">\u00daltimas tendencias en el entrenamiento deportivo y preparaci\u00f3n de ni\u00f1os.<\/td>\n<td width=\"79\">Aula<\/p>\n<p>101 C<\/p>\n<p>&nbsp;<\/td>\n<td width=\"75\">2:00 a 6:00 pm<\/td>\n<td width=\"94\">Dic 4 al 14<\/td>\n<\/tr>\n<tr>\n<td width=\"346\">Elaboraci\u00f3n y seguimiento de proyectos<\/td>\n<td width=\"79\">Aula<\/p>\n<p>102 C<\/td>\n<td width=\"75\">5:00 a 9:00 pm<\/td>\n<td width=\"94\">Dic 4 al 14<\/td>\n<\/tr>\n<tr>\n<td width=\"346\">Actividad F\u00edsica Adaptada (para personas en condici\u00f3n de discapacidad)<\/td>\n<td width=\"79\">Aula<\/p>\n<p>102 C<\/td>\n<td width=\"75\">8:00 am<\/p>\n<p>12:00 m<\/td>\n<td width=\"94\">Dic 4 al 14<\/td>\n<\/tr>\n<tr>\n<td width=\"346\">Deporte y recreaci\u00f3n a grupos comunitarios<\/td>\n<td width=\"79\">Aula<\/p>\n<p>103 C<\/td>\n<td width=\"75\">2:00 a 6:00 pm<\/td>\n<td width=\"94\">Dic 4 al 14<\/td>\n<\/tr>\n<\/tbody>\n<\/table>\n<p>&nbsp;<\/p>\n<p>Podr\u00e1n participar estudiantes, entrenadores, licenciados y profesionales de educaci\u00f3n f\u00edsica, l\u00edderes deportivos y comunidad en general, interesados en cualificar sus conocimientos para aplicarlos a su entorno comunitario, social y laboral.<\/p>\n<p>&nbsp;<\/p>\n","protected":false},"excerpt":{"rendered":"<p>&nbsp; CAPACITACI\u00d3N GRATUITA EN ADMINISTRACI\u00d3N DEPORTIVA Y OTROS CURSOS \u00a0 Desde el pasado lunes 27 de noviembre inici\u00f3 el proceso&#46;&#46;&#46;<\/p>\n","protected":false},"author":3,"featured_media":447,"comment_status":"closed","ping_status":"open","sticky":false,"template":"","format":"standard","meta":{"_bbp_topic_count":0,"_bbp_reply_count":0,"_bbp_total_topic_count":0,"_bbp_total_reply_count":0,"_bbp_voice_count":0,"_bbp_anonymous_reply_count":0,"_bbp_topic_count_hidden":0,"_bbp_reply_count_hidden":0,"_bbp_forum_subforum_count":0,"footnotes":""},"categories":[5,4],"tags":[],"class_list":["post-433","post","type-post","status-publish","format-standard","has-post-thumbnail","hentry","category-formaciond","category-noticias"],"_links":{"self":[{"href":"https:\/\/noticias.inderbu.gov.co\/index.php\/wp-json\/wp\/v2\/posts\/433","targetHints":{"allow":["GET"]}}],"collection":[{"href":"https:\/\/noticias.inderbu.gov.co\/index.php\/wp-json\/wp\/v2\/posts"}],"about":[{"href":"https:\/\/noticias.inderbu.gov.co\/index.php\/wp-json\/wp\/v2\/types\/post"}],"author":[{"embeddable":true,"href":"https:\/\/noticias.inderbu.gov.co\/index.php\/wp-json\/wp\/v2\/users\/3"}],"replies":[{"embeddable":true,"href":"https:\/\/noticias.inderbu.gov.co\/index.php\/wp-json\/wp\/v2\/comments?post=433"}],"version-history":[{"count":6,"href":"https:\/\/noticias.inderbu.gov.co\/index.php\/wp-json\/wp\/v2\/posts\/433\/revisions"}],"predecessor-version":[{"id":452,"href":"https:\/\/noticias.inderbu.gov.co\/index.php\/wp-json\/wp\/v2\/posts\/433\/revisions\/452"}],"wp:featuredmedia":[{"embeddable":true,"href":"https:\/\/noticias.inderbu.gov.co\/index.php\/wp-json\/wp\/v2\/media\/447"}],"wp:attachment":[{"href":"https:\/\/noticias.inderbu.gov.co\/index.php\/wp-json\/wp\/v2\/media?parent=433"}],"wp:term":[{"taxonomy":"category","embeddable":true,"href":"https:\/\/noticias.inderbu.gov.co\/index.php\/wp-json\/wp\/v2\/categories?post=433"},{"taxonomy":"post_tag","embeddable":true,"href":"https:\/\/noticias.inderbu.gov.co\/index.php\/wp-json\/wp\/v2\/tags?post=433"}],"curies":[{"name":"wp","href":"https:\/\/api.w.org\/{rel}","templated":true}]}}