{"id":4190,"date":"2021-02-15T17:58:49","date_gmt":"2021-02-15T22:58:49","guid":{"rendered":"http:\/\/noticias.inderbu.gov.co\/?p=4190"},"modified":"2021-02-15T18:10:19","modified_gmt":"2021-02-15T23:10:19","slug":"inderbu-apoyo-campeonato-departamental-cross-country-de-atletismo","status":"publish","type":"post","link":"https:\/\/noticias.inderbu.gov.co\/index.php\/2021\/02\/15\/inderbu-apoyo-campeonato-departamental-cross-country-de-atletismo\/","title":{"rendered":"INDERBU apoy\u00f3 Campeonato Departamental Cross Country de atletismo"},"content":{"rendered":"<p>Despu\u00e9s de casi un a\u00f1o sin eventos presenciales, los atletas santandereanos se dieron cita este domingo en las canchas de Prados del Mutis y Manzanares, para participar en el Campeonato Departamental de Cross Country organizado por la Liga Santandereana de atletismo y apoyado por el INDERBU.<\/p>\n<div id=\"attachment_4192\" style=\"width: 881px\" class=\"wp-caption alignnone\"><img loading=\"lazy\" decoding=\"async\" aria-describedby=\"caption-attachment-4192\" class=\"size-full wp-image-4192\" src=\"http:\/\/noticias.inderbu.gov.co\/wp-content\/uploads\/2021\/02\/Cross-Country-de-Atletismo-apoyado-por-INDERBU-e1613429459464.jpeg\" alt=\"\" width=\"871\" height=\"580\" \/><p id=\"caption-attachment-4192\" class=\"wp-caption-text\">Cross Country de Atletismo apoyado por INDERBU<\/p><\/div>\n<p>Con 150 deportistas en representaci\u00f3n de 13 municipios, se realizaron 20 competencias para damas y varones en las categor\u00edas abierta, m\u00e1ster \u00fanica, m\u00e1ster A, B y C, sub 18, sub 20, infantil A y B, escolar A, B y C.<\/p>\n<p>Aproximadamente 300 personas, entre atletas y acompa\u00f1antes, asistieron en diferentes horarios a las canchas, de acuerdo a la hora de salida programada, entre las 7:00 de la ma\u00f1ana y las 12:00 del mediod\u00eda.<\/p>\n<p>El INDERBU brind\u00f3 apoyo log\u00edstico para la realizaci\u00f3n del evento, as\u00ed como toda la premiaci\u00f3n con medallas de oro, plata y bronce para los tres primeros puestos de cada una de las categor\u00edas.<\/p>\n<p>Se destaca el entusiasmo de los atletas al volver nuevamente a correr, la organizaci\u00f3n de la liga, el buen comportamiento de los asistentes guardando los reglamentos establecidos para el evento.\u00a0 Los atletas \u00fanicamente se quitaron el tapabocas para la realizaci\u00f3n de la competencia.<\/p>\n\n\t\t<style>\n\t\t\t#gallery-1 {\n\t\t\t\tmargin: auto;\n\t\t\t}\n\t\t\t#gallery-1 .gallery-item {\n\t\t\t\tfloat: left;\n\t\t\t\tmargin-top: 10px;\n\t\t\t\ttext-align: center;\n\t\t\t\twidth: 50%;\n\t\t\t}\n\t\t\t#gallery-1 img {\n\t\t\t\tborder: 2px solid #cfcfcf;\n\t\t\t}\n\t\t\t#gallery-1 .gallery-caption {\n\t\t\t\tmargin-left: 0;\n\t\t\t}\n\t\t\t\/* see gallery_shortcode() in wp-includes\/media.php *\/\n\t\t<\/style>\n\t\t<div id='gallery-1' class='gallery galleryid-4190 gallery-columns-2 gallery-size-medium'><dl class='gallery-item'>\n\t\t\t<dt class='gallery-icon landscape'>\n\t\t\t\t<a href='https:\/\/noticias.inderbu.gov.co\/index.php\/2021\/02\/15\/inderbu-apoyo-campeonato-departamental-cross-country-de-atletismo\/cross-country\/'><img loading=\"lazy\" decoding=\"async\" width=\"300\" height=\"200\" src=\"https:\/\/noticias.inderbu.gov.co\/wp-content\/uploads\/2021\/02\/CROSS-COUNTRY-300x200.jpeg\" class=\"attachment-medium size-medium no-lazy\" alt=\"\" aria-describedby=\"gallery-1-4191\" srcset=\"https:\/\/noticias.inderbu.gov.co\/wp-content\/uploads\/2021\/02\/CROSS-COUNTRY-300x200.jpeg 300w, https:\/\/noticias.inderbu.gov.co\/wp-content\/uploads\/2021\/02\/CROSS-COUNTRY-768x512.jpeg 768w, https:\/\/noticias.inderbu.gov.co\/wp-content\/uploads\/2021\/02\/CROSS-COUNTRY-1024x682.jpeg 1024w, https:\/\/noticias.inderbu.gov.co\/wp-content\/uploads\/2021\/02\/CROSS-COUNTRY-e1613429151864.jpeg 870w\" sizes=\"auto, (max-width: 300px) 100vw, 300px\" \/><\/a>\n\t\t\t<\/dt>\n\t\t\t\t<dd class='wp-caption-text gallery-caption' id='gallery-1-4191'>\n\t\t\t\tCross Country de atletismo apoyado por el INDERBU\n\t\t\t\t<\/dd><\/dl><dl class='gallery-item'>\n\t\t\t<dt class='gallery-icon landscape'>\n\t\t\t\t<a href='https:\/\/noticias.inderbu.gov.co\/index.php\/2021\/02\/15\/inderbu-apoyo-campeonato-departamental-cross-country-de-atletismo\/cross-country-de-atletismo-categoria-escolar\/'><img loading=\"lazy\" decoding=\"async\" width=\"300\" height=\"200\" src=\"https:\/\/noticias.inderbu.gov.co\/wp-content\/uploads\/2021\/02\/Cross-Country-de-Atletismo-categor\u00eda-escolar-300x200.jpeg\" class=\"attachment-medium size-medium no-lazy\" alt=\"\" aria-describedby=\"gallery-1-4193\" srcset=\"https:\/\/noticias.inderbu.gov.co\/wp-content\/uploads\/2021\/02\/Cross-Country-de-Atletismo-categor\u00eda-escolar-300x200.jpeg 300w, https:\/\/noticias.inderbu.gov.co\/wp-content\/uploads\/2021\/02\/Cross-Country-de-Atletismo-categor\u00eda-escolar-768x512.jpeg 768w, https:\/\/noticias.inderbu.gov.co\/wp-content\/uploads\/2021\/02\/Cross-Country-de-Atletismo-categor\u00eda-escolar-1024x682.jpeg 1024w, https:\/\/noticias.inderbu.gov.co\/wp-content\/uploads\/2021\/02\/Cross-Country-de-Atletismo-categor\u00eda-escolar-e1613429635219.jpeg 871w\" sizes=\"auto, (max-width: 300px) 100vw, 300px\" \/><\/a>\n\t\t\t<\/dt>\n\t\t\t\t<dd class='wp-caption-text gallery-caption' id='gallery-1-4193'>\n\t\t\t\tCategor\u00eda Escolar\n\t\t\t\t<\/dd><\/dl><br style=\"clear: both\" \/>\n\t\t<\/div>\n\n<p><strong>RESULTADOS CAMPEONATO CROSS COUNTRY DE ATLETISMO<\/strong><\/p>\n<p>CATEGOR\u00cdA ABIERTA VARONES 10K<\/p>\n<table>\n<tbody>\n<tr>\n<td width=\"56\"><strong>LUGAR<\/strong><\/td>\n<td width=\"236\"><strong>NOMBRE Y APELLIDO<\/strong><\/td>\n<td width=\"149\"><strong>REPRESENTACION<\/strong><\/td>\n<td width=\"106\">MARCA<\/td>\n<\/tr>\n<tr>\n<td width=\"56\">1<\/td>\n<td width=\"236\">Jhon Sebasti\u00e1n Matallana Garc\u00eda<\/td>\n<td width=\"149\">Club Ave Fenix<\/td>\n<td width=\"106\">32,41<\/td>\n<\/tr>\n<tr>\n<td width=\"56\">2<\/td>\n<td width=\"236\">Juan Sebasti\u00e1n Ascanio<\/td>\n<td width=\"149\">Marathon Sports<\/td>\n<td width=\"106\">33,24<\/td>\n<\/tr>\n<tr>\n<td width=\"56\">3<\/td>\n<td width=\"236\">Juan Sebasti\u00e1n Hern\u00e1ndez<\/td>\n<td width=\"149\">Piedecuesta<\/td>\n<td width=\"106\">33,56<\/td>\n<\/tr>\n<\/tbody>\n<\/table>\n<p>&nbsp;<\/p>\n<p>CATEGOR\u00cdA ABIERTA DAMAS 8K<\/p>\n<table>\n<tbody>\n<tr>\n<td width=\"57\"><strong>LUGAR<\/strong><\/td>\n<td width=\"236\"><strong>NOMBRE Y APELLIDO<\/strong><\/td>\n<td width=\"149\"><strong>REPRESENTACION<\/strong><\/td>\n<td width=\"106\">MARCA<\/td>\n<\/tr>\n<tr>\n<td width=\"57\">1<\/td>\n<td width=\"236\">Arleth Su\u00e1rez<\/td>\n<td width=\"149\">Futuras Estrellas-Florida<\/td>\n<td width=\"106\">32,36<\/td>\n<\/tr>\n<tr>\n<td width=\"57\">2<\/td>\n<td width=\"236\">Mar\u00eda Sof\u00eda Ayala<\/td>\n<td width=\"149\">Marathon Sports<\/td>\n<td width=\"106\">33,02<\/td>\n<\/tr>\n<tr>\n<td width=\"57\">3<\/td>\n<td width=\"236\">Carolina Torrado Duarte<\/td>\n<td width=\"149\">Marathon Sports<\/td>\n<td width=\"106\">41,36<\/td>\n<\/tr>\n<\/tbody>\n<\/table>\n<p>&nbsp;<\/p>\n<p>CATEGOR\u00cdA MASTER \u00daNICA DAMAS 4K<\/p>\n<table>\n<tbody>\n<tr>\n<td width=\"57\"><strong>LUGAR<\/strong><\/td>\n<td width=\"236\"><strong>NOMBRE Y APELLIDO<\/strong><\/td>\n<td width=\"149\"><strong>REPRESENTACION<\/strong><\/td>\n<td width=\"106\">MARCA<\/td>\n<\/tr>\n<tr>\n<td width=\"57\">1<\/td>\n<td width=\"236\">Flor Mar\u00eda Moreno<\/td>\n<td width=\"149\">Love to Run<\/td>\n<td width=\"106\">18,18<\/td>\n<\/tr>\n<tr>\n<td width=\"57\">2<\/td>\n<td width=\"236\">Olga Luc\u00eda Quecho Ardila<\/td>\n<td width=\"149\">Gacelas<\/td>\n<td width=\"106\">19,52<\/td>\n<\/tr>\n<tr>\n<td width=\"57\">3<\/td>\n<td width=\"236\">Rosaura Lizcano<\/td>\n<td width=\"149\">Gacelas<\/td>\n<td width=\"106\">19,51<\/td>\n<\/tr>\n<\/tbody>\n<\/table>\n<p>&nbsp;<\/p>\n<p>CATEGOR\u00cdA M\u00c1STER C VARONES 4K<\/p>\n<table>\n<tbody>\n<tr>\n<td width=\"57\"><strong>LUGAR<\/strong><\/td>\n<td width=\"236\"><strong>NOMBRE Y APELLIDO<\/strong><\/td>\n<td width=\"149\"><strong>REPRESENTACION<\/strong><\/td>\n<td width=\"106\">MARCA<\/td>\n<\/tr>\n<tr>\n<td width=\"57\">1<\/td>\n<td width=\"236\">Libardo Blanco<\/td>\n<td width=\"149\">Futuras Estrellas-Florida<\/td>\n<td width=\"106\">18,12<\/td>\n<\/tr>\n<tr>\n<td width=\"57\">2<\/td>\n<td width=\"236\">Venancio Rios Sanchez<\/td>\n<td width=\"149\">Bitz Sport<\/td>\n<td width=\"106\">18,57<\/td>\n<\/tr>\n<\/tbody>\n<\/table>\n<p>&nbsp;<\/p>\n<p>CATEGOR\u00cdA M\u00c1STER B VARONES 4K<\/p>\n<table>\n<tbody>\n<tr>\n<td width=\"57\"><strong>LUGAR<\/strong><\/td>\n<td width=\"236\"><strong>NOMBRE Y APELLIDO<\/strong><\/td>\n<td width=\"149\"><strong>REPRESENTACION<\/strong><\/td>\n<td width=\"106\">MARCA<\/td>\n<\/tr>\n<tr>\n<td width=\"57\">1<\/td>\n<td width=\"236\">Reynaldo Rueda<\/td>\n<td width=\"149\">Florida<\/td>\n<td width=\"106\">14,07<\/td>\n<\/tr>\n<tr>\n<td width=\"57\">2<\/td>\n<td width=\"236\">Meliton Mantilla Pinto<\/td>\n<td width=\"149\">Gacelas -Lebrija<\/td>\n<td width=\"106\">14,49<\/td>\n<\/tr>\n<tr>\n<td width=\"57\">3<\/td>\n<td width=\"236\">HERNANDO AYALA<\/td>\n<td width=\"149\">Landazury<\/td>\n<td width=\"106\">15,35<\/td>\n<\/tr>\n<\/tbody>\n<\/table>\n<p>&nbsp;<\/p>\n<p>CATEGOR\u00cdA M\u00c1STER A VARONES 4K<\/p>\n<table>\n<tbody>\n<tr>\n<td width=\"57\"><strong>LUGAR<\/strong><\/td>\n<td width=\"236\"><strong>NOMBRE Y APELLIDO<\/strong><\/td>\n<td width=\"149\"><strong>REPRESENTACION<\/strong><\/td>\n<td width=\"106\">MARCA<\/td>\n<\/tr>\n<tr>\n<td width=\"57\">1<\/td>\n<td width=\"236\">Eliberto Duran Padilla<\/td>\n<td width=\"149\">David Serrano<\/td>\n<td width=\"106\">13,37<\/td>\n<\/tr>\n<tr>\n<td width=\"57\">2<\/td>\n<td width=\"236\">EDGAR CHAPARRO<\/td>\n<td width=\"149\">Los Santos<\/td>\n<td width=\"106\">14,40<\/td>\n<\/tr>\n<tr>\n<td width=\"57\">3<\/td>\n<td width=\"236\">\u00c1lvaro Mantilla<\/td>\n<td width=\"149\">Lebrija<\/td>\n<td width=\"106\">14,41<\/td>\n<\/tr>\n<\/tbody>\n<\/table>\n<p>&nbsp;<\/p>\n<p>CATEGOR\u00cdA SU 18 VARONES 5K<\/p>\n<table>\n<tbody>\n<tr>\n<td width=\"57\"><strong>LUGAR<\/strong><\/td>\n<td width=\"236\"><strong>NOMBRE Y APELLIDO<\/strong><\/td>\n<td width=\"149\"><strong>REPRESENTACION<\/strong><\/td>\n<td width=\"106\">MARCA<\/td>\n<\/tr>\n<tr>\n<td width=\"57\">1<\/td>\n<td width=\"236\">Luiggin Acosta<\/td>\n<td width=\"149\">Marathon Sports<\/td>\n<td width=\"106\">16,45<\/td>\n<\/tr>\n<tr>\n<td width=\"57\">2<\/td>\n<td width=\"236\">Santiago Lagos N\u00fa\u00f1ez<\/td>\n<td width=\"149\">Iron Runners<\/td>\n<td width=\"106\">16,46<\/td>\n<\/tr>\n<tr>\n<td width=\"57\">3<\/td>\n<td width=\"236\">Juan Felipe Velasco Rivero<\/td>\n<td width=\"149\">Iron Runners<\/td>\n<td width=\"106\">17,54<\/td>\n<\/tr>\n<\/tbody>\n<\/table>\n<p>&nbsp;<\/p>\n<p>CATEGOR\u00cdA SUB 18 DAMAS 5K<\/p>\n<table>\n<tbody>\n<tr>\n<td width=\"57\"><strong>LUGAR<\/strong><\/td>\n<td width=\"236\"><strong>NOMBRE Y APELLIDO<\/strong><\/td>\n<td width=\"149\"><strong>REPRESENTACION<\/strong><\/td>\n<td width=\"106\">MARCA<\/td>\n<\/tr>\n<tr>\n<td width=\"57\">1<\/td>\n<td width=\"236\">Mar\u00eda Alejandra Salas<\/td>\n<td width=\"149\">Marathon Sports<\/td>\n<td width=\"106\">22,03<\/td>\n<\/tr>\n<tr>\n<td width=\"57\">2<\/td>\n<td width=\"236\">Kylie Zharick Due\u00f1as Tellez<\/td>\n<td width=\"149\">Alas Para Tus Sue\u00f1os<\/td>\n<td width=\"106\">22,37<\/td>\n<\/tr>\n<tr>\n<td width=\"57\">3<\/td>\n<td width=\"236\">Ang\u00e9lica Maria Ardila Herrera<\/td>\n<td width=\"149\">Futuras Estrellas<\/td>\n<td width=\"106\">24,30<\/td>\n<\/tr>\n<\/tbody>\n<\/table>\n<p>&nbsp;<\/p>\n<p>CATEGOR\u00cdA SUB 20 DAMAS 5K<\/p>\n<table>\n<tbody>\n<tr>\n<td width=\"57\"><strong>LUGAR<\/strong><\/td>\n<td width=\"236\"><strong>NOMBRE Y APELLIDO<\/strong><\/td>\n<td width=\"149\"><strong>REPRESENTACION<\/strong><\/td>\n<td width=\"106\">MARCA<\/td>\n<\/tr>\n<tr>\n<td width=\"57\">1<\/td>\n<td width=\"236\">Yesenia Jim\u00e9nez Moncada<\/td>\n<td width=\"149\">Marathon Sports<\/td>\n<td width=\"106\">19,01<\/td>\n<\/tr>\n<tr>\n<td width=\"57\">2<\/td>\n<td width=\"236\">Sofia Luna Barrios<\/td>\n<td width=\"149\">Marathon Sports<\/td>\n<td width=\"106\">20,13<\/td>\n<\/tr>\n<\/tbody>\n<\/table>\n<p>&nbsp;<\/p>\n<p>CATEGOR\u00cdA SUB 20 VARONES 7K<\/p>\n<table>\n<tbody>\n<tr>\n<td width=\"57\"><strong>LUGAR<\/strong><\/td>\n<td width=\"236\"><strong>NOMBRE Y APELLIDO<\/strong><\/td>\n<td width=\"149\"><strong>REPRESENTACION<\/strong><\/td>\n<td width=\"106\">MARCA<\/td>\n<\/tr>\n<tr>\n<td width=\"57\">1<\/td>\n<td width=\"236\">Reinaldo Delgado<\/td>\n<td width=\"149\">Correcaminos<\/td>\n<td width=\"106\">22,19<\/td>\n<\/tr>\n<tr>\n<td width=\"57\">2<\/td>\n<td width=\"236\">Manuel Ortiz Pasachoa<\/td>\n<td width=\"149\">Marathon Sports<\/td>\n<td width=\"106\">22,20<\/td>\n<\/tr>\n<tr>\n<td width=\"57\">3<\/td>\n<td width=\"236\">Guillermo Garc\u00e9s Candela<\/td>\n<td width=\"149\">Marathon Sports<\/td>\n<td width=\"106\">25,22<\/td>\n<\/tr>\n<\/tbody>\n<\/table>\n<p>&nbsp;<\/p>\n<p>CATEGORIA INFANTIL A VARONES 3K<\/p>\n<table>\n<tbody>\n<tr>\n<td width=\"57\"><strong>LUGAR<\/strong><\/td>\n<td width=\"236\"><strong>NOMBRE Y APELLIDO<\/strong><\/td>\n<td width=\"149\"><strong>REPRESENTACION<\/strong><\/td>\n<td width=\"106\">MARCA<\/td>\n<\/tr>\n<tr>\n<td width=\"57\">1<\/td>\n<td width=\"236\">Johan Rengifo<\/td>\n<td width=\"149\">Marathon Sports<\/td>\n<td width=\"106\">10,43<\/td>\n<\/tr>\n<tr>\n<td width=\"57\">2<\/td>\n<td width=\"236\">Deymar Fl\u00e9rez<\/td>\n<td width=\"149\">Correcaminos<\/td>\n<td width=\"106\">10,59<\/td>\n<\/tr>\n<tr>\n<td width=\"57\">3<\/td>\n<td width=\"236\">Sebasti\u00e1n S\u00e1nchez<\/td>\n<td width=\"149\">Marathon Sports<\/td>\n<td width=\"106\">11,00<\/td>\n<\/tr>\n<\/tbody>\n<\/table>\n<p>&nbsp;<\/p>\n<p>CATEGOR\u00cdA INFANTIL A DAMAS 3K<\/p>\n<table>\n<tbody>\n<tr>\n<td width=\"57\"><strong>LUGAR<\/strong><\/td>\n<td width=\"236\"><strong>NOMBRE Y APELLIDO<\/strong><\/td>\n<td width=\"149\"><strong>REPRESENTACION<\/strong><\/td>\n<td width=\"106\">MARCA<\/td>\n<\/tr>\n<tr>\n<td width=\"57\">1<\/td>\n<td width=\"236\">Daniela Moreno<\/td>\n<td width=\"149\">Marathon Sports<\/td>\n<td width=\"106\">10,41<\/td>\n<\/tr>\n<tr>\n<td width=\"57\">2<\/td>\n<td width=\"236\">Yerli Ovalle<\/td>\n<td width=\"149\">Marathon Sports<\/td>\n<td width=\"106\">10,55<\/td>\n<\/tr>\n<tr>\n<td width=\"57\">3<\/td>\n<td width=\"236\">Laura Vanessa Mina<\/td>\n<td width=\"149\">COAL Norte<\/td>\n<td width=\"106\">11,53<\/td>\n<\/tr>\n<\/tbody>\n<\/table>\n<p>&nbsp;<\/p>\n<p>CATEGOR\u00cdA INFANTIL B DAMAS 2K<\/p>\n<table>\n<tbody>\n<tr>\n<td width=\"57\"><strong>LUGAR<\/strong><\/td>\n<td width=\"236\"><strong>NOMBRE Y APELLIDO<\/strong><\/td>\n<td width=\"149\"><strong>REPRESENTACION<\/strong><\/td>\n<td width=\"106\">MARCA<\/td>\n<\/tr>\n<tr>\n<td width=\"57\">1<\/td>\n<td width=\"236\">DANNA ALVAREZ<\/td>\n<td width=\"149\">Marathon Sports<\/td>\n<td width=\"106\">10,00<\/td>\n<\/tr>\n<tr>\n<td width=\"57\">2<\/td>\n<td width=\"236\">Sophia Isabella Ram\u00edrez Brand<\/td>\n<td width=\"149\">Aspaen Cantillana<\/td>\n<td width=\"106\">11,49<\/td>\n<\/tr>\n<tr>\n<td width=\"57\">3<\/td>\n<td width=\"236\">Luz Valeria G\u00f3mez Boneth<\/td>\n<td width=\"149\">Alas Para Tus Sue\u00f1os<\/td>\n<td width=\"106\">14,24<\/td>\n<\/tr>\n<\/tbody>\n<\/table>\n<p>&nbsp;<\/p>\n<p>CATEGOR\u00cdA INFANTIL B VARONES 2K<\/p>\n<table>\n<tbody>\n<tr>\n<td width=\"57\"><strong>LUGAR<\/strong><\/td>\n<td width=\"236\"><strong>NOMBRE Y APELLIDO<\/strong><\/td>\n<td width=\"149\"><strong>REPRESENTACION<\/strong><\/td>\n<td width=\"106\">MARCA<\/td>\n<\/tr>\n<tr>\n<td width=\"57\">1<\/td>\n<td width=\"236\">Juan Mateo Guti\u00e9rrez<\/td>\n<td width=\"149\">Marathon Sports<\/td>\n<td width=\"106\"><\/td>\n<\/tr>\n<tr>\n<td width=\"57\">2<\/td>\n<td width=\"236\">Deison Andr\u00e9s Subero<\/td>\n<td width=\"149\">Club Sabana De Torres<\/td>\n<td width=\"106\">36,27<\/td>\n<\/tr>\n<tr>\n<td width=\"57\">3<\/td>\n<td width=\"236\">Santiago Solano Ardila<\/td>\n<td width=\"149\">Club Deportivo Gacelas<\/td>\n<td width=\"106\"><\/td>\n<\/tr>\n<\/tbody>\n<\/table>\n<p>&nbsp;<\/p>\n<p>CATEGOR\u00cdA ESCOLAR A VARONES 1K<\/p>\n<table>\n<tbody>\n<tr>\n<td width=\"57\"><strong>LUGAR<\/strong><\/td>\n<td width=\"236\"><strong>NOMBRE Y APELLIDO<\/strong><\/td>\n<td width=\"149\"><strong>REPRESENTACION<\/strong><\/td>\n<td width=\"106\">MARCA<\/td>\n<\/tr>\n<tr>\n<td width=\"57\">1<\/td>\n<td width=\"236\">Emiliano G\u00f3mez Boneth<\/td>\n<td width=\"149\">Alas para tus sue\u00f1os<\/td>\n<td width=\"106\">4,21<\/td>\n<\/tr>\n<tr>\n<td width=\"57\">2<\/td>\n<td width=\"236\">Camilo Basto<\/td>\n<td width=\"149\">Prados De Mutis -J.C.Mutis<\/td>\n<td width=\"106\">4,44<\/td>\n<\/tr>\n<tr>\n<td width=\"57\">3<\/td>\n<td width=\"236\">Yoav David Sosa<\/td>\n<td width=\"149\">Marathon Sports<\/td>\n<td width=\"106\">4,48<\/td>\n<\/tr>\n<\/tbody>\n<\/table>\n<p>&nbsp;<\/p>\n<p>CATEGOR\u00cdA ESCOLAR A DAMAS 1K<\/p>\n<table>\n<tbody>\n<tr>\n<td width=\"57\"><strong>LUGAR<\/strong><\/td>\n<td width=\"236\"><strong>NOMBRE Y APELLIDO<\/strong><\/td>\n<td width=\"149\"><strong>REPRESENTACION<\/strong><\/td>\n<td width=\"106\">MARCA<\/td>\n<\/tr>\n<tr>\n<td width=\"57\">1<\/td>\n<td width=\"236\">Sara Armesto<\/td>\n<td width=\"149\">Marathon Sports<\/td>\n<td width=\"106\">3,40<\/td>\n<\/tr>\n<tr>\n<td width=\"57\">2<\/td>\n<td width=\"236\">Heidi Gabriela Subero Ruiz<\/td>\n<td width=\"149\">Sabana De Torres<\/td>\n<td width=\"106\">3,45<\/td>\n<\/tr>\n<tr>\n<td width=\"57\">3<\/td>\n<td width=\"236\">Isabella Zambrano<\/td>\n<td width=\"149\">Marathon Sports<\/td>\n<td width=\"106\">3,47<\/td>\n<\/tr>\n<\/tbody>\n<\/table>\n<p>&nbsp;<\/p>\n<p>CATEGOR\u00cdA ESCOLAR B DAMAS 500 M<\/p>\n<table>\n<tbody>\n<tr>\n<td width=\"57\"><strong>LUGAR<\/strong><\/td>\n<td width=\"236\"><strong>NOMBRE Y APELLIDO<\/strong><\/td>\n<td width=\"149\"><strong>REPRESENTACION<\/strong><\/td>\n<td width=\"106\">MARCA<\/td>\n<\/tr>\n<tr>\n<td width=\"57\">1<\/td>\n<td width=\"236\">Mariana Sierra Lozada<\/td>\n<td width=\"149\">Aspaen Cantillana<\/td>\n<td width=\"106\">2,06<\/td>\n<\/tr>\n<tr>\n<td width=\"57\">2<\/td>\n<td width=\"236\">Daniela Boneth Aguilar<\/td>\n<td width=\"149\">Marathon Sports<\/td>\n<td width=\"106\">2,09<\/td>\n<\/tr>\n<tr>\n<td width=\"57\">3<\/td>\n<td width=\"236\">Danna Sofia Ni\u00f1o<\/td>\n<td width=\"149\">Marathon Sports<\/td>\n<td width=\"106\">2,11<\/td>\n<\/tr>\n<\/tbody>\n<\/table>\n<p>&nbsp;<\/p>\n<p>CATGEGOR\u00cdA ESCOLAR B VARONES 500 M<\/p>\n<table>\n<tbody>\n<tr>\n<td width=\"57\"><strong>LUGAR<\/strong><\/td>\n<td width=\"226\"><strong>NOMBRE Y APELLIDO<\/strong><\/td>\n<td width=\"159\"><strong>REPRESENTACION<\/strong><\/td>\n<td width=\"106\">MARCA<\/td>\n<\/tr>\n<tr>\n<td width=\"57\">1<\/td>\n<td width=\"226\">Juan Manuel Quintana<\/td>\n<td width=\"159\">Marathon Sports<\/td>\n<td width=\"106\">1,55<\/td>\n<\/tr>\n<tr>\n<td width=\"57\">2<\/td>\n<td width=\"226\">Juan Camilo Badillo Lagos<\/td>\n<td width=\"159\">Alas para tus sue\u00f1os<\/td>\n<td width=\"106\">2,04<\/td>\n<\/tr>\n<tr>\n<td width=\"57\">3<\/td>\n<td width=\"226\">Alejandro Zapata Vega<\/td>\n<td width=\"159\">Marathon Sports<\/td>\n<td width=\"106\">2,17<\/td>\n<\/tr>\n<\/tbody>\n<\/table>\n<p>&nbsp;<\/p>\n<p>CATEGOR\u00cdA ESCOLAR C VARONES 500 METROS<\/p>\n<table>\n<tbody>\n<tr>\n<td width=\"57\"><strong>LUGAR<\/strong><\/td>\n<td width=\"236\"><strong>NOMBRE Y APELLIDO<\/strong><\/td>\n<td width=\"149\"><strong>REPRESENTACION<\/strong><\/td>\n<td width=\"106\">MARCA<\/td>\n<\/tr>\n<tr>\n<td width=\"57\">I<\/td>\n<td width=\"236\">Donyffan Guevara<\/td>\n<td width=\"149\">INEM<\/td>\n<td width=\"106\">2,23<\/td>\n<\/tr>\n<tr>\n<td width=\"57\">2<\/td>\n<td width=\"236\">David Felipe Meneses<\/td>\n<td width=\"149\">Aspaen Saucar\u00e1<\/td>\n<td width=\"106\">2,36<\/td>\n<\/tr>\n<tr>\n<td width=\"57\">3<\/td>\n<td width=\"236\">Angel Johan Rivera Morales<\/td>\n<td width=\"149\">Alas para tus sue\u00f1os<\/td>\n<td width=\"106\">2,45<\/td>\n<\/tr>\n<\/tbody>\n<\/table>\n<p>&nbsp;<\/p>\n<p>CATEGOR\u00cdA ESCOLAR C DAMAS 500 M<\/p>\n<table>\n<tbody>\n<tr>\n<td width=\"57\"><strong>LUGAR<\/strong><\/td>\n<td width=\"236\"><strong>NOMBRE Y APELLIDO<\/strong><\/td>\n<td width=\"149\"><strong>REPRESENTACION<\/strong><\/td>\n<td width=\"106\">MARCA<\/td>\n<\/tr>\n<tr>\n<td width=\"57\">1<\/td>\n<td width=\"236\">Maria Jose Quintana<\/td>\n<td width=\"149\">Marathon Sports<\/td>\n<td width=\"106\">2,11<\/td>\n<\/tr>\n<tr>\n<td width=\"57\">2<\/td>\n<td width=\"236\">Mar\u00eda Camila Marum Ortiz<\/td>\n<td width=\"149\">Alas para tus sue\u00f1os<\/td>\n<td width=\"106\">3,15<\/td>\n<\/tr>\n<tr>\n<td width=\"57\">3<\/td>\n<td width=\"236\">Mar\u00eda Luc\u00eda Ram\u00edrez Montero<\/td>\n<td width=\"149\">Aspaen Cantillana<\/td>\n<td width=\"106\">3,19<\/td>\n<\/tr>\n<\/tbody>\n<\/table>\n<p>&nbsp;<\/p>\n<p><a href=\"https:\/\/www.facebook.com\/hashtag\/gobernareshacer?__eep__=6&amp;__cft__%5b0%5d=AZWIK6oih01UP8WFaRIm6p7dsW9Uacxj-MsX6Z_JsvKGgkOwvqm0oBdQ-b-FVSLzpwXvY2Uq0m9zyiCsY8gnGzFzjKvJjwxjUHvHhnFeyDqn4NCHMuczWe4xzZwAL8dju8wWMGxdAveGTl5feizknTLtcj_S44hVZQDW8lySzfJ-PHwpQ2_L_NVGIpbtgxQmXRE&amp;__tn__=R%5d-R\"><strong>#GobernarEsHacer<\/strong><\/a><\/p>\n<p>&nbsp;<\/p>\n","protected":false},"excerpt":{"rendered":"<p>Despu\u00e9s de casi un a\u00f1o sin eventos presenciales, los atletas santandereanos se dieron cita este domingo en las canchas de&#46;&#46;&#46;<\/p>\n","protected":false},"author":3,"featured_media":4192,"comment_status":"closed","ping_status":"closed","sticky":false,"template":"","format":"standard","meta":{"_bbp_topic_count":0,"_bbp_reply_count":0,"_bbp_total_topic_count":0,"_bbp_total_reply_count":0,"_bbp_voice_count":0,"_bbp_anonymous_reply_count":0,"_bbp_topic_count_hidden":0,"_bbp_reply_count_hidden":0,"_bbp_forum_subforum_count":0,"footnotes":""},"categories":[27,4],"tags":[110],"class_list":["post-4190","post","type-post","status-publish","format-standard","has-post-thumbnail","hentry","category-apoyo-al-deporte-asociado","category-noticias","tag-gobernar-es-hacer"],"_links":{"self":[{"href":"https:\/\/noticias.inderbu.gov.co\/index.php\/wp-json\/wp\/v2\/posts\/4190","targetHints":{"allow":["GET"]}}],"collection":[{"href":"https:\/\/noticias.inderbu.gov.co\/index.php\/wp-json\/wp\/v2\/posts"}],"about":[{"href":"https:\/\/noticias.inderbu.gov.co\/index.php\/wp-json\/wp\/v2\/types\/post"}],"author":[{"embeddable":true,"href":"https:\/\/noticias.inderbu.gov.co\/index.php\/wp-json\/wp\/v2\/users\/3"}],"replies":[{"embeddable":true,"href":"https:\/\/noticias.inderbu.gov.co\/index.php\/wp-json\/wp\/v2\/comments?post=4190"}],"version-history":[{"count":3,"href":"https:\/\/noticias.inderbu.gov.co\/index.php\/wp-json\/wp\/v2\/posts\/4190\/revisions"}],"predecessor-version":[{"id":4196,"href":"https:\/\/noticias.inderbu.gov.co\/index.php\/wp-json\/wp\/v2\/posts\/4190\/revisions\/4196"}],"wp:featuredmedia":[{"embeddable":true,"href":"https:\/\/noticias.inderbu.gov.co\/index.php\/wp-json\/wp\/v2\/media\/4192"}],"wp:attachment":[{"href":"https:\/\/noticias.inderbu.gov.co\/index.php\/wp-json\/wp\/v2\/media?parent=4190"}],"wp:term":[{"taxonomy":"category","embeddable":true,"href":"https:\/\/noticias.inderbu.gov.co\/index.php\/wp-json\/wp\/v2\/categories?post=4190"},{"taxonomy":"post_tag","embeddable":true,"href":"https:\/\/noticias.inderbu.gov.co\/index.php\/wp-json\/wp\/v2\/tags?post=4190"}],"curies":[{"name":"wp","href":"https:\/\/api.w.org\/{rel}","templated":true}]}}