{"id":4036,"date":"2020-11-27T18:16:00","date_gmt":"2020-11-27T23:16:00","guid":{"rendered":"http:\/\/noticias.inderbu.gov.co\/?p=4036"},"modified":"2020-11-27T18:16:17","modified_gmt":"2020-11-27T23:16:17","slug":"inderbu-de-cerca-iniciamos-este-domingo-presencialmente-y-con-responsabilidad","status":"publish","type":"post","link":"https:\/\/noticias.inderbu.gov.co\/index.php\/2020\/11\/27\/inderbu-de-cerca-iniciamos-este-domingo-presencialmente-y-con-responsabilidad\/","title":{"rendered":"INDERBU de cerca, iniciamos este domingo presencialmente y con responsabilidad"},"content":{"rendered":"<p>En el vel\u00f3dromo Alfonso Fl\u00f3rez Ortiz, iniciamos este domingo las sesiones presenciales de actividad f\u00edsica musicalizada en Bucaramanga, con previa inscripci\u00f3n de participantes, para tener un aforo de m\u00e1ximo 60 personas por sesi\u00f3n.<\/p>\n<div id=\"attachment_4020\" style=\"width: 881px\" class=\"wp-caption alignnone\"><img loading=\"lazy\" decoding=\"async\" aria-describedby=\"caption-attachment-4020\" class=\"size-full wp-image-4020\" src=\"http:\/\/noticias.inderbu.gov.co\/wp-content\/uploads\/2020\/11\/MARATON-EN-VELODROMO-e1606406715870.jpeg\" alt=\"\" width=\"871\" height=\"653\" \/><p id=\"caption-attachment-4020\" class=\"wp-caption-text\">Aer\u00f3bicos en el Vel\u00f3dromo<\/p><\/div>\n<p>Es muy f\u00e1cil participar, los bumangueses pueden inscribirse a una de las dos actividades a trav\u00e9s de uno de los formularios de Google, diligenciando sus datos generales y preguntas sobre su estado de salud.\u00a0 Cada persona solo podr\u00e1 participar en una de las dos sesiones.<\/p>\n<p>&nbsp;<\/p>\n<p><strong>9:00 a 10:00 am Rumba Aer\u00f3bica:<\/strong><\/p>\n<p>Para seguirle los pasos a los instructores, con la Rumba Aer\u00f3bica, los bumangueses mayores de 16 a\u00f1os deber\u00e1n inscribirse y presentarse en el vel\u00f3dromo Alfonso Fl\u00f3rez Ortiz a m\u00e1s tardar a las 8:40 am para el chequeo de ingreso al escenario.<\/p>\n<p>&nbsp;<\/p>\n<p>Link de inscripci\u00f3n Rumba Aer\u00f3bica \/ 9:00 am \/ Vel\u00f3dromo Alfonso Fl\u00f3rez Ortiz \/ ingreso 8:40 am<\/p>\n<p><a href=\"https:\/\/docs.google.com\/forms\/d\/e\/1FAIpQLSfkDy6ODhQJDzCY5MubU6_39EsO5kD5F8rPAqA5zcw67xTg9g\/viewform\">https:\/\/docs.google.com\/forms\/d\/e\/1FAIpQLSfkDy6ODhQJDzCY5MubU6_39EsO5kD5F8rPAqA5zcw67xTg9g\/viewform<\/a><\/p>\n<p>&nbsp;<\/p>\n<p><strong>Limpieza y desinfecci\u00f3n:<\/strong><\/p>\n<p>Una vez termine la primera sesi\u00f3n de actividad f\u00edsica, se proceder\u00e1 a limpiar y desinfectar el escenario, as\u00ed como a demarcar nuevamente el espacio de cada participante para guardar las distancias.<\/p>\n<p>&nbsp;<\/p>\n<p><strong>10:30 a 11:30 am Aer\u00f3bicos para todos:<\/strong><\/p>\n<p>Las personas inscritas para esta sesi\u00f3n de aer\u00f3bicos para todos, deber\u00e1n presentarse en el escenario a las 10:20 para realizar el proceso de verificaci\u00f3n de datos e ingreso a la actividad.<\/p>\n<p>&nbsp;<\/p>\n<p>Link de inscripci\u00f3n Aer\u00f3bicos para todos \/ 10:30 am \/Vel\u00f3dromo Alfonso Fl\u00f3rez Ortiz \/ Ingreso 10:20 am<\/p>\n<p><a href=\"https:\/\/docs.google.com\/forms\/d\/e\/1FAIpQLSeyq04sP9NjB3Gi5LeJP8EBfmwHwqqhX1w7OnvsQWjTnd3QPg\/viewform\">https:\/\/docs.google.com\/forms\/d\/e\/1FAIpQLSeyq04sP9NjB3Gi5LeJP8EBfmwHwqqhX1w7OnvsQWjTnd3QPg\/viewform<\/a><\/p>\n<p>&nbsp;<\/p>\n<p>Pr\u00f3ximamente estaremos informando m\u00e1s actividades para los bumangueses, en escenarios deportivos y recreativos de diferentes sectores de la ciudad.<\/p>\n<p>&nbsp;<\/p>\n","protected":false},"excerpt":{"rendered":"<p>En el vel\u00f3dromo Alfonso Fl\u00f3rez Ortiz, iniciamos este domingo las sesiones presenciales de actividad f\u00edsica musicalizada en Bucaramanga, con previa&#46;&#46;&#46;<\/p>\n","protected":false},"author":3,"featured_media":4021,"comment_status":"closed","ping_status":"closed","sticky":false,"template":"","format":"standard","meta":{"_bbp_topic_count":0,"_bbp_reply_count":0,"_bbp_total_topic_count":0,"_bbp_total_reply_count":0,"_bbp_voice_count":0,"_bbp_anonymous_reply_count":0,"_bbp_topic_count_hidden":0,"_bbp_reply_count_hidden":0,"_bbp_forum_subforum_count":0,"footnotes":""},"categories":[6,4],"tags":[105],"class_list":["post-4036","post","type-post","status-publish","format-standard","has-post-thumbnail","hentry","category-actifisica","category-noticias","tag-gobernar-el-hacer"],"_links":{"self":[{"href":"https:\/\/noticias.inderbu.gov.co\/index.php\/wp-json\/wp\/v2\/posts\/4036","targetHints":{"allow":["GET"]}}],"collection":[{"href":"https:\/\/noticias.inderbu.gov.co\/index.php\/wp-json\/wp\/v2\/posts"}],"about":[{"href":"https:\/\/noticias.inderbu.gov.co\/index.php\/wp-json\/wp\/v2\/types\/post"}],"author":[{"embeddable":true,"href":"https:\/\/noticias.inderbu.gov.co\/index.php\/wp-json\/wp\/v2\/users\/3"}],"replies":[{"embeddable":true,"href":"https:\/\/noticias.inderbu.gov.co\/index.php\/wp-json\/wp\/v2\/comments?post=4036"}],"version-history":[{"count":1,"href":"https:\/\/noticias.inderbu.gov.co\/index.php\/wp-json\/wp\/v2\/posts\/4036\/revisions"}],"predecessor-version":[{"id":4037,"href":"https:\/\/noticias.inderbu.gov.co\/index.php\/wp-json\/wp\/v2\/posts\/4036\/revisions\/4037"}],"wp:featuredmedia":[{"embeddable":true,"href":"https:\/\/noticias.inderbu.gov.co\/index.php\/wp-json\/wp\/v2\/media\/4021"}],"wp:attachment":[{"href":"https:\/\/noticias.inderbu.gov.co\/index.php\/wp-json\/wp\/v2\/media?parent=4036"}],"wp:term":[{"taxonomy":"category","embeddable":true,"href":"https:\/\/noticias.inderbu.gov.co\/index.php\/wp-json\/wp\/v2\/categories?post=4036"},{"taxonomy":"post_tag","embeddable":true,"href":"https:\/\/noticias.inderbu.gov.co\/index.php\/wp-json\/wp\/v2\/tags?post=4036"}],"curies":[{"name":"wp","href":"https:\/\/api.w.org\/{rel}","templated":true}]}}