{"id":3995,"date":"2020-11-19T09:16:59","date_gmt":"2020-11-19T14:16:59","guid":{"rendered":"http:\/\/noticias.inderbu.gov.co\/?p=3995"},"modified":"2020-11-19T11:41:25","modified_gmt":"2020-11-19T16:41:25","slug":"manana-viernes-inauguracion-olimpiadas-virtuales-recreativas-para-poblacion-con-discapacidad-cognitiva","status":"publish","type":"post","link":"https:\/\/noticias.inderbu.gov.co\/index.php\/2020\/11\/19\/manana-viernes-inauguracion-olimpiadas-virtuales-recreativas-para-poblacion-con-discapacidad-cognitiva\/","title":{"rendered":"Ma\u00f1ana viernes inauguraci\u00f3n Olimpiadas Virtuales Recreativas para poblaci\u00f3n con discapacidad cognitiva"},"content":{"rendered":"<p><strong>Con un evento protocolario transmitido por Facebook Live a las 11:00 de la ma\u00f1ana, la alcald\u00eda de Bucaramanga, a trav\u00e9s del INDERBU, inaugura las olimpiadas virtuales recreativas para poblaci\u00f3n con discapacidad intelectual.<\/strong><\/p>\n<div id=\"attachment_3996\" style=\"width: 882px\" class=\"wp-caption alignnone\"><img loading=\"lazy\" decoding=\"async\" aria-describedby=\"caption-attachment-3996\" class=\"size-full wp-image-3996\" src=\"http:\/\/noticias.inderbu.gov.co\/wp-content\/uploads\/2020\/11\/foto-discapacidad1-e1605795290320.jpg\" alt=\"\" width=\"872\" height=\"626\" \/><p id=\"caption-attachment-3996\" class=\"wp-caption-text\">Olimpiadas Virtuales Discapacidad<\/p><\/div>\n<p>Los deportistas portar\u00e1n el fuego deportivo, tomar\u00e1n juramento donde se comprometen a cumplir el reglamento de las olimpiadas, as\u00ed como tambi\u00e9n participar\u00e1n en coreograf\u00edas de porrismo y bailes folkl\u00f3ricos.<\/p>\n<p>Las olimpiadas ser\u00e1n inauguradas con todos los elementos que distinguen los eventos deportivos, como la alegr\u00eda, fiesta, integraci\u00f3n, participaci\u00f3n y competencia de las personas con discapacidad intelectual; evento inaugural que se podr\u00e1n disfrutar a trav\u00e9s de Facebook de INDERBU.<\/p>\n<p>El desarrollo de las competencias, ser\u00e1n del 23 al 27 de noviembre, y \u00a0contemplan retos de habilidades en las disciplinas deportivas de atletismo, baloncesto, gimnasia r\u00edtmica y f\u00fatbol; contar\u00e1n con la participaci\u00f3n de aproximadamente 100 deportistas, quienes, con apoyo de sus padres y acudientes, enviar\u00e1n videos caseros que evidencien sus habilidades desde casa.<\/p>\n<p><strong>Instituciones participantes:<\/strong><\/p>\n<ul>\n<li>Asopormen<\/li>\n<li>Funtaes<\/li>\n<li>Centro educativo san Nicol\u00e1s<\/li>\n<li>Club deportivo y fundaci\u00f3n sin l\u00edmites<\/li>\n<li>Elogios<\/li>\n<li>Cenid<\/li>\n<li>Club Deportivo Talentos 21<\/li>\n<\/ul>\n<p><strong>Recordemos: <\/strong><\/p>\n<p><strong>Inauguraci\u00f3n Olimpiadas Virtuales Especiales<\/strong><\/p>\n<p>Fecha: 20 de noviembre<\/p>\n<p>Hora: 11:00 am<\/p>\n<p>Facebook Live INDERBU<\/p>\n<p>&nbsp;<\/p>\n<p>#GobernarEsHacer<\/p>\n<p>#SigamosloHaciendoBien<\/p>\n","protected":false},"excerpt":{"rendered":"<p>Con un evento protocolario transmitido por Facebook Live a las 11:00 de la ma\u00f1ana, la alcald\u00eda de Bucaramanga, a trav\u00e9s&#46;&#46;&#46;<\/p>\n","protected":false},"author":3,"featured_media":3996,"comment_status":"closed","ping_status":"closed","sticky":false,"template":"","format":"standard","meta":{"_bbp_topic_count":0,"_bbp_reply_count":0,"_bbp_total_topic_count":0,"_bbp_total_reply_count":0,"_bbp_voice_count":0,"_bbp_anonymous_reply_count":0,"_bbp_topic_count_hidden":0,"_bbp_reply_count_hidden":0,"_bbp_forum_subforum_count":0,"footnotes":""},"categories":[4,109],"tags":[105],"class_list":["post-3995","post","type-post","status-publish","format-standard","has-post-thumbnail","hentry","category-noticias","category-poblacion-con-discapacidad","tag-gobernar-el-hacer"],"_links":{"self":[{"href":"https:\/\/noticias.inderbu.gov.co\/index.php\/wp-json\/wp\/v2\/posts\/3995","targetHints":{"allow":["GET"]}}],"collection":[{"href":"https:\/\/noticias.inderbu.gov.co\/index.php\/wp-json\/wp\/v2\/posts"}],"about":[{"href":"https:\/\/noticias.inderbu.gov.co\/index.php\/wp-json\/wp\/v2\/types\/post"}],"author":[{"embeddable":true,"href":"https:\/\/noticias.inderbu.gov.co\/index.php\/wp-json\/wp\/v2\/users\/3"}],"replies":[{"embeddable":true,"href":"https:\/\/noticias.inderbu.gov.co\/index.php\/wp-json\/wp\/v2\/comments?post=3995"}],"version-history":[{"count":2,"href":"https:\/\/noticias.inderbu.gov.co\/index.php\/wp-json\/wp\/v2\/posts\/3995\/revisions"}],"predecessor-version":[{"id":3998,"href":"https:\/\/noticias.inderbu.gov.co\/index.php\/wp-json\/wp\/v2\/posts\/3995\/revisions\/3998"}],"wp:featuredmedia":[{"embeddable":true,"href":"https:\/\/noticias.inderbu.gov.co\/index.php\/wp-json\/wp\/v2\/media\/3996"}],"wp:attachment":[{"href":"https:\/\/noticias.inderbu.gov.co\/index.php\/wp-json\/wp\/v2\/media?parent=3995"}],"wp:term":[{"taxonomy":"category","embeddable":true,"href":"https:\/\/noticias.inderbu.gov.co\/index.php\/wp-json\/wp\/v2\/categories?post=3995"},{"taxonomy":"post_tag","embeddable":true,"href":"https:\/\/noticias.inderbu.gov.co\/index.php\/wp-json\/wp\/v2\/tags?post=3995"}],"curies":[{"name":"wp","href":"https:\/\/api.w.org\/{rel}","templated":true}]}}