{"id":3710,"date":"2020-08-12T11:20:06","date_gmt":"2020-08-12T16:20:06","guid":{"rendered":"http:\/\/noticias.inderbu.gov.co\/?p=3710"},"modified":"2020-08-13T11:20:26","modified_gmt":"2020-08-13T16:20:26","slug":"dia-internacional-de-la-juventud","status":"publish","type":"post","link":"https:\/\/noticias.inderbu.gov.co\/index.php\/2020\/08\/12\/dia-internacional-de-la-juventud\/","title":{"rendered":"D\u00eda Internacional de la Juventud"},"content":{"rendered":"<p style=\"text-align: justify;\">El 12 de agosto, es el d\u00eda internacional de la Juventud y queremos felicitarte por tu energ\u00eda, vitalidad y responsabilidad para afrontar la vida y sus retos.\u00a0 \u00a1Feliz D\u00eda!<\/p>\n<div id=\"attachment_3711\" style=\"width: 881px\" class=\"wp-caption alignnone\"><img loading=\"lazy\" decoding=\"async\" aria-describedby=\"caption-attachment-3711\" class=\"size-full wp-image-3711\" src=\"http:\/\/noticias.inderbu.gov.co\/wp-content\/uploads\/2020\/08\/DIA-JUVENTUD-e1597335490906.jpeg\" alt=\"\" width=\"871\" height=\"871\" \/><p id=\"caption-attachment-3711\" class=\"wp-caption-text\">D\u00eda Internacional de la Juventud<\/p><\/div>\n<p style=\"text-align: justify;\">Espera una agenda variada durante este mes de agosto, donde el INDERBU articular\u00e1 toda la oferta program\u00e1tica que la alcald\u00eda de Bucaramanga, a trav\u00e9s de sus secretar\u00edas e institutos descentralizados, tienen para ti.<\/p>\n<p style=\"text-align: justify;\">Del mismo modo, daremos a conocer las ofertas de diferentes organizaciones que trabajan por y para los j\u00f3venes, con el objetivo de informarte y motivarte a participar y\/o beneficiarte de sus acciones.<\/p>\n","protected":false},"excerpt":{"rendered":"<p>El 12 de agosto, es el d\u00eda internacional de la Juventud y queremos felicitarte por tu energ\u00eda, vitalidad y responsabilidad&#46;&#46;&#46;<\/p>\n","protected":false},"author":3,"featured_media":3711,"comment_status":"closed","ping_status":"closed","sticky":false,"template":"","format":"standard","meta":{"_bbp_topic_count":0,"_bbp_reply_count":0,"_bbp_total_topic_count":0,"_bbp_total_reply_count":0,"_bbp_voice_count":0,"_bbp_anonymous_reply_count":0,"_bbp_topic_count_hidden":0,"_bbp_reply_count_hidden":0,"_bbp_forum_subforum_count":0,"footnotes":""},"categories":[13,4],"tags":[105,106],"class_list":["post-3710","post","type-post","status-publish","format-standard","has-post-thumbnail","hentry","category-juventud","category-noticias","tag-gobernar-el-hacer","tag-sigamoslo-haciendo-bien"],"_links":{"self":[{"href":"https:\/\/noticias.inderbu.gov.co\/index.php\/wp-json\/wp\/v2\/posts\/3710","targetHints":{"allow":["GET"]}}],"collection":[{"href":"https:\/\/noticias.inderbu.gov.co\/index.php\/wp-json\/wp\/v2\/posts"}],"about":[{"href":"https:\/\/noticias.inderbu.gov.co\/index.php\/wp-json\/wp\/v2\/types\/post"}],"author":[{"embeddable":true,"href":"https:\/\/noticias.inderbu.gov.co\/index.php\/wp-json\/wp\/v2\/users\/3"}],"replies":[{"embeddable":true,"href":"https:\/\/noticias.inderbu.gov.co\/index.php\/wp-json\/wp\/v2\/comments?post=3710"}],"version-history":[{"count":1,"href":"https:\/\/noticias.inderbu.gov.co\/index.php\/wp-json\/wp\/v2\/posts\/3710\/revisions"}],"predecessor-version":[{"id":3712,"href":"https:\/\/noticias.inderbu.gov.co\/index.php\/wp-json\/wp\/v2\/posts\/3710\/revisions\/3712"}],"wp:featuredmedia":[{"embeddable":true,"href":"https:\/\/noticias.inderbu.gov.co\/index.php\/wp-json\/wp\/v2\/media\/3711"}],"wp:attachment":[{"href":"https:\/\/noticias.inderbu.gov.co\/index.php\/wp-json\/wp\/v2\/media?parent=3710"}],"wp:term":[{"taxonomy":"category","embeddable":true,"href":"https:\/\/noticias.inderbu.gov.co\/index.php\/wp-json\/wp\/v2\/categories?post=3710"},{"taxonomy":"post_tag","embeddable":true,"href":"https:\/\/noticias.inderbu.gov.co\/index.php\/wp-json\/wp\/v2\/tags?post=3710"}],"curies":[{"name":"wp","href":"https:\/\/api.w.org\/{rel}","templated":true}]}}