{"id":3646,"date":"2020-07-15T16:50:33","date_gmt":"2020-07-15T21:50:33","guid":{"rendered":"http:\/\/noticias.inderbu.gov.co\/?p=3646"},"modified":"2020-07-15T16:50:33","modified_gmt":"2020-07-15T21:50:33","slug":"colegios-aurelio-martinez-mutis-y-la-presentacion-campeones-reto-de-baloncesto-intercolegiados","status":"publish","type":"post","link":"https:\/\/noticias.inderbu.gov.co\/index.php\/2020\/07\/15\/colegios-aurelio-martinez-mutis-y-la-presentacion-campeones-reto-de-baloncesto-intercolegiados\/","title":{"rendered":"Colegios Aurelio Mart\u00ednez Mutis y La Presentaci\u00f3n Campeones Reto de Baloncesto Intercolegiados"},"content":{"rendered":"<p style=\"text-align: justify;\"><strong>Los colegios Aurelio Mart\u00ednez Mutis en damas y La Presentaci\u00f3n en varones se quedaron con los t\u00edtulos del reto de baloncesto en los Juegos Intercolegiados de Bucaramanga INDERBU 2020.<\/strong><\/p>\n<div id=\"attachment_3647\" style=\"width: 881px\" class=\"wp-caption alignnone\"><img loading=\"lazy\" decoding=\"async\" aria-describedby=\"caption-attachment-3647\" class=\"size-full wp-image-3647\" src=\"http:\/\/noticias.inderbu.gov.co\/wp-content\/uploads\/2020\/07\/1-Andres-Lopez-Presentacion-e1594849209744.jpeg\" alt=\"\" width=\"871\" height=\"869\" \/><p id=\"caption-attachment-3647\" class=\"wp-caption-text\">Andr\u00e9s L\u00f3pez, medalla oro, colegio La Presentaci\u00f3n<\/p><\/div>\n<p style=\"text-align: justify;\">La invitaci\u00f3n fue realizada por el internacional Hansel Atencia, para que los basquetbolistas participaran desde casa, manteniendo sus habilidades deportivas.<\/p>\n<p style=\"text-align: justify;\">En damas, Carolina Barbosa Figueroa de la Instituci\u00f3n Educativa Aurelio Mart\u00ednez Mutis, con 1.514 votos, obtiene la medalla de oro; seguida por Silvia Juliana Su\u00e1rez Hurtado del colegio Gabriela Mistral, con 1.341 votos, para la medalla de plata y en la tercera posici\u00f3n Isabella Cristancho del colegio La Merced, con 544 votos para la medalla de bronce. En la final participaron siete competidoras.<\/p>\n<p style=\"text-align: justify;\"><strong>P\u00f3dium femenino Reto baloncesto<\/strong><\/p>\n<table>\n<tbody>\n<tr>\n<td style=\"text-align: center;\" width=\"56\"><strong>LUGAR<\/strong><\/td>\n<td width=\"255\"><strong>DEPORTISTA<\/strong><\/td>\n<td width=\"170\"><strong>COLEGIO<\/strong><\/td>\n<td style=\"text-align: center;\" width=\"57\"><strong>VOTOS<\/strong><\/td>\n<\/tr>\n<tr>\n<td style=\"text-align: center;\" width=\"56\">1<\/td>\n<td width=\"255\">Carolina Barbosa Figueroa<\/td>\n<td width=\"170\">Aurelio Mart\u00ednez Mutis<\/td>\n<td style=\"text-align: center;\" width=\"57\">1514<\/td>\n<\/tr>\n<tr>\n<td style=\"text-align: center;\" width=\"56\">2<\/td>\n<td width=\"255\">Silvia Juliana Su\u00e1rez Hurtado<\/td>\n<td width=\"170\">Inst. Gabriela Mistral<\/td>\n<td style=\"text-align: center;\" width=\"57\">1343<\/td>\n<\/tr>\n<tr>\n<td style=\"text-align: center;\" width=\"56\">3<\/td>\n<td width=\"255\">Isabella Camila Cristancho Bedoya<\/td>\n<td width=\"170\">La Merced<\/td>\n<td style=\"text-align: center;\" width=\"57\">544<\/td>\n<\/tr>\n<\/tbody>\n<\/table>\n<p style=\"text-align: justify;\">.<\/p>\n<div id=\"attachment_3648\" style=\"width: 532px\" class=\"wp-caption alignnone\"><img loading=\"lazy\" decoding=\"async\" aria-describedby=\"caption-attachment-3648\" class=\"size-full wp-image-3648\" src=\"http:\/\/noticias.inderbu.gov.co\/wp-content\/uploads\/2020\/07\/1-CAROLINA-BARBOSA-AURELIO.jpeg\" alt=\"\" width=\"522\" height=\"719\" srcset=\"https:\/\/noticias.inderbu.gov.co\/wp-content\/uploads\/2020\/07\/1-CAROLINA-BARBOSA-AURELIO.jpeg 522w, https:\/\/noticias.inderbu.gov.co\/wp-content\/uploads\/2020\/07\/1-CAROLINA-BARBOSA-AURELIO-218x300.jpeg 218w\" sizes=\"auto, (max-width: 522px) 100vw, 522px\" \/><p id=\"caption-attachment-3648\" class=\"wp-caption-text\">Carolina Barbosa, medalla oro colegio Aurelio Mart\u00ednez Mutis<\/p><\/div>\n<div id=\"attachment_3649\" style=\"width: 881px\" class=\"wp-caption alignnone\"><img loading=\"lazy\" decoding=\"async\" aria-describedby=\"caption-attachment-3649\" class=\"size-full wp-image-3649\" src=\"http:\/\/noticias.inderbu.gov.co\/wp-content\/uploads\/2020\/07\/2-SILVIA-SUAREZ-INGAMIS-e1594849369163.jpeg\" alt=\"\" width=\"871\" height=\"1161\" \/><p id=\"caption-attachment-3649\" class=\"wp-caption-text\">Silvia Su\u00e1rez, medalla de plata, Instituto Gabriela Mistral<\/p><\/div>\n<div id=\"attachment_3650\" style=\"width: 797px\" class=\"wp-caption alignnone\"><img loading=\"lazy\" decoding=\"async\" aria-describedby=\"caption-attachment-3650\" class=\"size-full wp-image-3650\" src=\"http:\/\/noticias.inderbu.gov.co\/wp-content\/uploads\/2020\/07\/3-ISABELLA-CRISTANCHO-PRESENTACION.jpeg\" alt=\"\" width=\"787\" height=\"1280\" srcset=\"https:\/\/noticias.inderbu.gov.co\/wp-content\/uploads\/2020\/07\/3-ISABELLA-CRISTANCHO-PRESENTACION.jpeg 787w, https:\/\/noticias.inderbu.gov.co\/wp-content\/uploads\/2020\/07\/3-ISABELLA-CRISTANCHO-PRESENTACION-184x300.jpeg 184w, https:\/\/noticias.inderbu.gov.co\/wp-content\/uploads\/2020\/07\/3-ISABELLA-CRISTANCHO-PRESENTACION-768x1249.jpeg 768w, https:\/\/noticias.inderbu.gov.co\/wp-content\/uploads\/2020\/07\/3-ISABELLA-CRISTANCHO-PRESENTACION-630x1024.jpeg 630w\" sizes=\"auto, (max-width: 787px) 100vw, 787px\" \/><p id=\"caption-attachment-3650\" class=\"wp-caption-text\">Isabella Cristancho, medalla de bronce colegio La Presentaci\u00f3n<\/p><\/div>\n<p style=\"text-align: justify;\">En varones el t\u00edtulo lo obtiene Andr\u00e9s Felipe L\u00f3pez Berm\u00fadez del Colegio La Presentaci\u00f3n, con 1583 voto; seguido por Jos\u00e9 Alejandro D\u00edaz Parris de La Presentaci\u00f3n, con 1.299 votos para la medalla de plata y Sebasti\u00e1n Ruiz Fern\u00e1ndez de Comfenalco con 914 votos para la medalla de bronce. \u00a0Participaron en la final 10 competidores.<\/p>\n<p style=\"text-align: justify;\"><strong>P\u00f3dium masculino Reto Baloncesto <\/strong><\/p>\n<table>\n<tbody>\n<tr>\n<td style=\"text-align: center;\" width=\"56\"><strong>LUGAR<\/strong><\/td>\n<td width=\"255\"><strong>DEPORTISTA<\/strong><\/td>\n<td width=\"170\"><strong>COLEGIO<\/strong><\/td>\n<td style=\"text-align: center;\" width=\"57\"><strong>VOTOS<\/strong><\/td>\n<\/tr>\n<tr>\n<td style=\"text-align: center;\" width=\"56\">1<\/td>\n<td width=\"255\">Andr\u00e9s Felipe L\u00f3pez Berm\u00fadez<\/td>\n<td width=\"170\">La Presentaci\u00f3n<\/td>\n<td style=\"text-align: center;\" width=\"57\">1583<\/td>\n<\/tr>\n<tr>\n<td style=\"text-align: center;\" width=\"56\">2<\/td>\n<td width=\"255\">Jos\u00e9 Alejandro D\u00edaz Parris<\/td>\n<td width=\"170\">La Presentaci\u00f3n<\/td>\n<td style=\"text-align: center;\" width=\"57\">1299<\/td>\n<\/tr>\n<tr>\n<td style=\"text-align: center;\" width=\"56\">3<\/td>\n<td width=\"255\">Sebasti\u00e1n Ruiz Fern\u00e1ndez<\/td>\n<td width=\"170\">Comfenalco<\/td>\n<td style=\"text-align: center;\" width=\"57\">914<\/td>\n<\/tr>\n<\/tbody>\n<\/table>\n\n\t\t<style>\n\t\t\t#gallery-1 {\n\t\t\t\tmargin: auto;\n\t\t\t}\n\t\t\t#gallery-1 .gallery-item {\n\t\t\t\tfloat: left;\n\t\t\t\tmargin-top: 10px;\n\t\t\t\ttext-align: center;\n\t\t\t\twidth: 100%;\n\t\t\t}\n\t\t\t#gallery-1 img {\n\t\t\t\tborder: 2px solid #cfcfcf;\n\t\t\t}\n\t\t\t#gallery-1 .gallery-caption {\n\t\t\t\tmargin-left: 0;\n\t\t\t}\n\t\t\t\/* see gallery_shortcode() in wp-includes\/media.php *\/\n\t\t<\/style>\n\t\t<div id='gallery-1' class='gallery galleryid-3646 gallery-columns-1 gallery-size-medium'><dl class='gallery-item'>\n\t\t\t<dt class='gallery-icon landscape'>\n\t\t\t\t<a href='https:\/\/noticias.inderbu.gov.co\/index.php\/2020\/07\/15\/colegios-aurelio-martinez-mutis-y-la-presentacion-campeones-reto-de-baloncesto-intercolegiados\/1-andres-lopez-presentacion\/'><img loading=\"lazy\" decoding=\"async\" width=\"300\" height=\"300\" src=\"https:\/\/noticias.inderbu.gov.co\/wp-content\/uploads\/2020\/07\/1-Andres-Lopez-Presentacion-300x300.jpeg\" class=\"attachment-medium size-medium no-lazy\" alt=\"\" aria-describedby=\"gallery-1-3647\" srcset=\"https:\/\/noticias.inderbu.gov.co\/wp-content\/uploads\/2020\/07\/1-Andres-Lopez-Presentacion-300x300.jpeg 300w, https:\/\/noticias.inderbu.gov.co\/wp-content\/uploads\/2020\/07\/1-Andres-Lopez-Presentacion-150x150.jpeg 150w, https:\/\/noticias.inderbu.gov.co\/wp-content\/uploads\/2020\/07\/1-Andres-Lopez-Presentacion-768x766.jpeg 768w, https:\/\/noticias.inderbu.gov.co\/wp-content\/uploads\/2020\/07\/1-Andres-Lopez-Presentacion-1024x1022.jpeg 1024w, https:\/\/noticias.inderbu.gov.co\/wp-content\/uploads\/2020\/07\/1-Andres-Lopez-Presentacion-160x160.jpeg 160w, https:\/\/noticias.inderbu.gov.co\/wp-content\/uploads\/2020\/07\/1-Andres-Lopez-Presentacion-320x320.jpeg 320w, https:\/\/noticias.inderbu.gov.co\/wp-content\/uploads\/2020\/07\/1-Andres-Lopez-Presentacion-e1594849652359.jpeg 700w\" sizes=\"auto, (max-width: 300px) 100vw, 300px\" \/><\/a>\n\t\t\t<\/dt>\n\t\t\t\t<dd class='wp-caption-text gallery-caption' id='gallery-1-3647'>\n\t\t\t\tAndr\u00e9s L\u00f3pez,medalla oro, colegio La Presentaci\u00f3n\n\t\t\t\t<\/dd><\/dl><br style=\"clear: both\" \/><dl class='gallery-item'>\n\t\t\t<dt class='gallery-icon portrait'>\n\t\t\t\t<a href='https:\/\/noticias.inderbu.gov.co\/index.php\/2020\/07\/15\/colegios-aurelio-martinez-mutis-y-la-presentacion-campeones-reto-de-baloncesto-intercolegiados\/2-jose-alejandro-presentacion\/'><img loading=\"lazy\" decoding=\"async\" width=\"225\" height=\"300\" src=\"https:\/\/noticias.inderbu.gov.co\/wp-content\/uploads\/2020\/07\/2-JOSE-ALEJANDRO-PRESENTACION-225x300.jpeg\" class=\"attachment-medium size-medium no-lazy\" alt=\"\" aria-describedby=\"gallery-1-3651\" srcset=\"https:\/\/noticias.inderbu.gov.co\/wp-content\/uploads\/2020\/07\/2-JOSE-ALEJANDRO-PRESENTACION-225x300.jpeg 225w, https:\/\/noticias.inderbu.gov.co\/wp-content\/uploads\/2020\/07\/2-JOSE-ALEJANDRO-PRESENTACION-768x1024.jpeg 768w, https:\/\/noticias.inderbu.gov.co\/wp-content\/uploads\/2020\/07\/2-JOSE-ALEJANDRO-PRESENTACION-e1594849699295.jpeg 700w\" sizes=\"auto, (max-width: 225px) 100vw, 225px\" \/><\/a>\n\t\t\t<\/dt>\n\t\t\t\t<dd class='wp-caption-text gallery-caption' id='gallery-1-3651'>\n\t\t\t\tJos\u00e9 Alejandro Parris, medalla plata colegio La Presentaci\u00f3n\n\t\t\t\t<\/dd><\/dl><br style=\"clear: both\" \/><dl class='gallery-item'>\n\t\t\t<dt class='gallery-icon portrait'>\n\t\t\t\t<a href='https:\/\/noticias.inderbu.gov.co\/index.php\/2020\/07\/15\/colegios-aurelio-martinez-mutis-y-la-presentacion-campeones-reto-de-baloncesto-intercolegiados\/3-sebastian-ruiz-comfenalco\/'><img loading=\"lazy\" decoding=\"async\" width=\"225\" height=\"300\" src=\"https:\/\/noticias.inderbu.gov.co\/wp-content\/uploads\/2020\/07\/3-SEBASTIAN-RUIZ-COMFENALCO-225x300.jpeg\" class=\"attachment-medium size-medium no-lazy\" alt=\"\" aria-describedby=\"gallery-1-3652\" srcset=\"https:\/\/noticias.inderbu.gov.co\/wp-content\/uploads\/2020\/07\/3-SEBASTIAN-RUIZ-COMFENALCO-225x300.jpeg 225w, https:\/\/noticias.inderbu.gov.co\/wp-content\/uploads\/2020\/07\/3-SEBASTIAN-RUIZ-COMFENALCO-768x1024.jpeg 768w, https:\/\/noticias.inderbu.gov.co\/wp-content\/uploads\/2020\/07\/3-SEBASTIAN-RUIZ-COMFENALCO-e1594849678636.jpeg 700w\" sizes=\"auto, (max-width: 225px) 100vw, 225px\" \/><\/a>\n\t\t\t<\/dt>\n\t\t\t\t<dd class='wp-caption-text gallery-caption' id='gallery-1-3652'>\n\t\t\t\tSebasti\u00e1n Ruiz, medalla de bronce colegio Comfenalco\n\t\t\t\t<\/dd><\/dl><br style=\"clear: both\" \/>\n\t\t<\/div>\n\n<p>En total los videos de los competidores alcanzaron 37.801 visualizaciones a trav\u00e9s del Instagram institucional del INDERBU.<\/p>\n<p>En nuestras redes sociales Facebook, Instagram y Twitter continuar\u00e1n los retos Intercolegiados de Bucaramanga INDERBU 2020, con m\u00e1s deportes y talento por evidenciar.<\/p>\n<p style=\"text-align: justify;\"><strong>#SigamosloHaciendoBien<\/strong><\/p>\n<p style=\"text-align: justify;\"><strong>#GobernarEsHacer<\/strong><\/p>\n","protected":false},"excerpt":{"rendered":"<p>Los colegios Aurelio Mart\u00ednez Mutis en damas y La Presentaci\u00f3n en varones se quedaron con los t\u00edtulos del reto de&#46;&#46;&#46;<\/p>\n","protected":false},"author":3,"featured_media":3647,"comment_status":"closed","ping_status":"closed","sticky":false,"template":"","format":"standard","meta":{"_bbp_topic_count":0,"_bbp_reply_count":0,"_bbp_total_topic_count":0,"_bbp_total_reply_count":0,"_bbp_voice_count":0,"_bbp_anonymous_reply_count":0,"_bbp_topic_count_hidden":0,"_bbp_reply_count_hidden":0,"_bbp_forum_subforum_count":0,"footnotes":""},"categories":[44,4],"tags":[],"class_list":["post-3646","post","type-post","status-publish","format-standard","has-post-thumbnail","hentry","category-intercolegiados","category-noticias"],"_links":{"self":[{"href":"https:\/\/noticias.inderbu.gov.co\/index.php\/wp-json\/wp\/v2\/posts\/3646","targetHints":{"allow":["GET"]}}],"collection":[{"href":"https:\/\/noticias.inderbu.gov.co\/index.php\/wp-json\/wp\/v2\/posts"}],"about":[{"href":"https:\/\/noticias.inderbu.gov.co\/index.php\/wp-json\/wp\/v2\/types\/post"}],"author":[{"embeddable":true,"href":"https:\/\/noticias.inderbu.gov.co\/index.php\/wp-json\/wp\/v2\/users\/3"}],"replies":[{"embeddable":true,"href":"https:\/\/noticias.inderbu.gov.co\/index.php\/wp-json\/wp\/v2\/comments?post=3646"}],"version-history":[{"count":1,"href":"https:\/\/noticias.inderbu.gov.co\/index.php\/wp-json\/wp\/v2\/posts\/3646\/revisions"}],"predecessor-version":[{"id":3653,"href":"https:\/\/noticias.inderbu.gov.co\/index.php\/wp-json\/wp\/v2\/posts\/3646\/revisions\/3653"}],"wp:featuredmedia":[{"embeddable":true,"href":"https:\/\/noticias.inderbu.gov.co\/index.php\/wp-json\/wp\/v2\/media\/3647"}],"wp:attachment":[{"href":"https:\/\/noticias.inderbu.gov.co\/index.php\/wp-json\/wp\/v2\/media?parent=3646"}],"wp:term":[{"taxonomy":"category","embeddable":true,"href":"https:\/\/noticias.inderbu.gov.co\/index.php\/wp-json\/wp\/v2\/categories?post=3646"},{"taxonomy":"post_tag","embeddable":true,"href":"https:\/\/noticias.inderbu.gov.co\/index.php\/wp-json\/wp\/v2\/tags?post=3646"}],"curies":[{"name":"wp","href":"https:\/\/api.w.org\/{rel}","templated":true}]}}