{"id":3624,"date":"2020-06-25T11:55:34","date_gmt":"2020-06-25T16:55:34","guid":{"rendered":"http:\/\/noticias.inderbu.gov.co\/?p=3624"},"modified":"2020-06-25T13:11:34","modified_gmt":"2020-06-25T18:11:34","slug":"san-pedro-y-la-salle-campeones-del-reto-virtual-de-dominadas-con-balon-juegos-deportivos-intercolegiados-inderbu","status":"publish","type":"post","link":"https:\/\/noticias.inderbu.gov.co\/index.php\/2020\/06\/25\/san-pedro-y-la-salle-campeones-del-reto-virtual-de-dominadas-con-balon-juegos-deportivos-intercolegiados-inderbu\/","title":{"rendered":"San Pedro y la Salle, campeones del reto virtual Intercolegiados INDERBU"},"content":{"rendered":"<p>Con 20.865 cuentas alcanzadas, 15.839 reproducciones y 4.733 votos, finaliz\u00f3 el festival del reto de dominadas con bal\u00f3n en el marco de los Juegos Deportivos Intercolegiados de Bucaramanga, organizados por el INDERBU.<\/p>\n<div id=\"attachment_3498\" style=\"width: 881px\" class=\"wp-caption alignnone\"><img loading=\"lazy\" decoding=\"async\" aria-describedby=\"caption-attachment-3498\" class=\"size-full wp-image-3498\" src=\"http:\/\/noticias.inderbu.gov.co\/wp-content\/uploads\/2020\/05\/portada-reto-intercolegiado-e1588618362779.jpeg\" alt=\"\" width=\"871\" height=\"653\" \/><p id=\"caption-attachment-3498\" class=\"wp-caption-text\">Los Juegos Deportivos Intercolegiados de Bucaramanga, en las redes sociales<\/p><\/div>\n<p style=\"text-align: justify;\">De los 131 inscritos, 13 competidores llegaron a la final del evento citado por Juli\u00e1n T\u00e9llez \u201cEl Matador\u201d, exfutbolista que integr\u00f3 la Selecci\u00f3n Colombia y que form\u00f3 parte de las n\u00f3minas del Am\u00e9rica de Cali y el Atl\u00e9tico Bucaramanga.<\/p>\n<p><strong>Campeones del reto viral:<\/strong><\/p>\n<p>En la clasificaci\u00f3n final, Andr\u00e9s Mart\u00ednez del San Pedro Claver con 928 votos, logr\u00f3 ubicarse en la primera posici\u00f3n de los varones; el segundo lugar correspondi\u00f3 a Juan Diego Lozano del Reggio Amelia con 633 votos y la tercera plaza para Santiago Carrero del colegio Provenza con 525 votos.<\/p>\n<table width=\"633\">\n<tbody>\n<tr>\n<td width=\"48\"><strong>Lugar<\/strong><\/td>\n<td width=\"70\"><strong>1er. Nombre<\/strong><\/td>\n<td width=\"70\"><strong>2\u00ba Nombre<\/strong><\/td>\n<td width=\"66\"><strong>1er. Apellido<\/strong><\/td>\n<td width=\"66\"><strong>2\u00ba Apellido<\/strong><\/td>\n<td width=\"123\"><strong>Colegio<\/strong><\/td>\n<td width=\"87\"><strong>Reproducci\u00f3n Video<\/strong><\/td>\n<td width=\"55\"><strong>Likes Video<\/strong><\/td>\n<td width=\"47\"><strong>Logro<\/strong><\/td>\n<\/tr>\n<tr>\n<td width=\"48\">1<\/td>\n<td width=\"70\">Andr\u00e9s<\/td>\n<td width=\"70\">Felipe<\/td>\n<td width=\"66\">Mart\u00ednez<\/td>\n<td width=\"66\">Mahecha<\/td>\n<td width=\"123\">SAN PEDRO<\/td>\n<td width=\"87\">2303<\/td>\n<td width=\"55\">928<\/td>\n<td width=\"47\">Oro<\/td>\n<\/tr>\n<tr>\n<td width=\"48\">2<\/td>\n<td width=\"70\">Juan<\/td>\n<td width=\"70\">Diego<\/td>\n<td width=\"66\">Lozano<\/td>\n<td width=\"66\">Guerrero<\/td>\n<td width=\"123\">REGGIO AMELIA<\/td>\n<td width=\"87\">1900<\/td>\n<td width=\"55\">633<\/td>\n<td width=\"47\">Plata<\/td>\n<\/tr>\n<tr>\n<td width=\"48\">3<\/td>\n<td width=\"70\">Alexander<\/td>\n<td width=\"70\"><\/td>\n<td width=\"66\">Carrero<\/td>\n<td width=\"66\"><\/td>\n<td width=\"123\">PROVENZA<\/td>\n<td width=\"87\">1448<\/td>\n<td width=\"55\">525<\/td>\n<td width=\"47\">Bronce<\/td>\n<\/tr>\n<tr>\n<td width=\"48\">4<\/td>\n<td width=\"70\">Juan<\/td>\n<td width=\"70\">David<\/td>\n<td width=\"66\">Pulido<\/td>\n<td width=\"66\">Su\u00e1rez<\/td>\n<td width=\"123\">SAN PEDRO<\/td>\n<td width=\"87\">2180<\/td>\n<td width=\"55\">361<\/td>\n<td width=\"47\"><\/td>\n<\/tr>\n<tr>\n<td width=\"48\">5<\/td>\n<td width=\"70\">Juan<\/td>\n<td width=\"70\">Camilo<\/td>\n<td width=\"66\">Mart\u00ednez<\/td>\n<td width=\"66\">L\u00f3pez<\/td>\n<td width=\"123\">GORETTY<\/td>\n<td width=\"87\">1109<\/td>\n<td width=\"55\">401<\/td>\n<td width=\"47\"><\/td>\n<\/tr>\n<tr>\n<td width=\"48\">6<\/td>\n<td width=\"70\">Jairo<\/td>\n<td width=\"70\">Enrique<\/td>\n<td width=\"66\">Mercado<\/td>\n<td width=\"66\">Quintero<\/td>\n<td width=\"123\">AURELIO M MUTIS<\/td>\n<td width=\"87\">706<\/td>\n<td width=\"55\">238<\/td>\n<td width=\"47\"><\/td>\n<\/tr>\n<tr>\n<td width=\"48\">7<\/td>\n<td width=\"70\">Deiby<\/td>\n<td width=\"70\">Santiago<\/td>\n<td width=\"66\">Ferreira<\/td>\n<td width=\"66\">Bautista<\/td>\n<td width=\"123\">ITS<\/td>\n<td width=\"87\">763<\/td>\n<td width=\"55\">235<\/td>\n<td width=\"47\"><\/td>\n<\/tr>\n<tr>\n<td width=\"48\">8<\/td>\n<td width=\"70\">Maykin<\/td>\n<td width=\"70\">Joel<\/td>\n<td width=\"66\">Torrado<\/td>\n<td width=\"66\">Guerrero<\/td>\n<td width=\"123\">COCOBU<\/td>\n<td width=\"87\">1003<\/td>\n<td width=\"55\">124<\/td>\n<td width=\"47\"><\/td>\n<\/tr>\n<tr>\n<td width=\"48\">9<\/td>\n<td width=\"70\">Justin<\/td>\n<td width=\"70\"><\/td>\n<td width=\"66\">Remolina<\/td>\n<td width=\"66\">Aceros<\/td>\n<td width=\"123\">I.E.LAS AMERICAS<\/td>\n<td width=\"87\">615<\/td>\n<td width=\"55\">132<\/td>\n<td width=\"47\"><\/td>\n<\/tr>\n<tr>\n<td width=\"48\">10<\/td>\n<td width=\"70\">Alejandro<\/td>\n<td width=\"70\"><\/td>\n<td width=\"66\">Jim\u00e9nez<\/td>\n<td width=\"66\">Oviedo<\/td>\n<td width=\"123\">COCOBU<\/td>\n<td width=\"87\">464<\/td>\n<td width=\"55\">34<\/td>\n<td width=\"47\"><\/td>\n<\/tr>\n<\/tbody>\n<\/table>\n<div id=\"attachment_3625\" style=\"width: 694px\" class=\"wp-caption alignnone\"><img loading=\"lazy\" decoding=\"async\" aria-describedby=\"caption-attachment-3625\" class=\"size-full wp-image-3625\" src=\"http:\/\/noticias.inderbu.gov.co\/wp-content\/uploads\/2020\/06\/1-Oro-Juan-Diego.jpg\" alt=\"\" width=\"684\" height=\"1026\" srcset=\"https:\/\/noticias.inderbu.gov.co\/wp-content\/uploads\/2020\/06\/1-Oro-Juan-Diego.jpg 684w, https:\/\/noticias.inderbu.gov.co\/wp-content\/uploads\/2020\/06\/1-Oro-Juan-Diego-200x300.jpg 200w, https:\/\/noticias.inderbu.gov.co\/wp-content\/uploads\/2020\/06\/1-Oro-Juan-Diego-683x1024.jpg 683w\" sizes=\"auto, (max-width: 684px) 100vw, 684px\" \/><p id=\"caption-attachment-3625\" class=\"wp-caption-text\">1 Oro-Andr\u00e9s Felipe Mart\u00ednez\/San Pedro<\/p><\/div>\n<div id=\"attachment_3626\" style=\"width: 650px\" class=\"wp-caption alignnone\"><img loading=\"lazy\" decoding=\"async\" aria-describedby=\"caption-attachment-3626\" class=\"size-full wp-image-3626\" src=\"http:\/\/noticias.inderbu.gov.co\/wp-content\/uploads\/2020\/06\/2-Plata-Juan-Lozano.jpg\" alt=\"\" width=\"640\" height=\"1002\" srcset=\"https:\/\/noticias.inderbu.gov.co\/wp-content\/uploads\/2020\/06\/2-Plata-Juan-Lozano.jpg 640w, https:\/\/noticias.inderbu.gov.co\/wp-content\/uploads\/2020\/06\/2-Plata-Juan-Lozano-192x300.jpg 192w\" sizes=\"auto, (max-width: 640px) 100vw, 640px\" \/><p id=\"caption-attachment-3626\" class=\"wp-caption-text\">2 Plata-Juan Lozano \/ Reggio Amelia<\/p><\/div>\n<div id=\"attachment_3627\" style=\"width: 349px\" class=\"wp-caption alignnone\"><img loading=\"lazy\" decoding=\"async\" aria-describedby=\"caption-attachment-3627\" class=\"size-full wp-image-3627\" src=\"http:\/\/noticias.inderbu.gov.co\/wp-content\/uploads\/2020\/06\/3-Bronce-Alexander-Carrero.jpg\" alt=\"\" width=\"339\" height=\"600\" srcset=\"https:\/\/noticias.inderbu.gov.co\/wp-content\/uploads\/2020\/06\/3-Bronce-Alexander-Carrero.jpg 339w, https:\/\/noticias.inderbu.gov.co\/wp-content\/uploads\/2020\/06\/3-Bronce-Alexander-Carrero-170x300.jpg 170w\" sizes=\"auto, (max-width: 339px) 100vw, 339px\" \/><p id=\"caption-attachment-3627\" class=\"wp-caption-text\">3 Bronce-Alexander Carrero\/Provenza<\/p><\/div>\n<p>En la final de damas, Mar\u00eda Jos\u00e9 Acevedo del Colegio de la Salle se titul\u00f3 con 539 votos a favor, dejando para la segunda plaza a Charol Mej\u00eda Sandoval del Decroly con 387 votos y el tercer lugar para Mar\u00eda Stefany Leal tambi\u00e9n del Decroly con 196 votos.<\/p>\n<table width=\"633\">\n<tbody>\n<tr>\n<td width=\"48\"><strong>Lugar<\/strong><\/td>\n<td width=\"64\"><strong>1er. Nombre<\/strong><\/td>\n<td width=\"76\"><strong>2\u00ba Nombre<\/strong><\/td>\n<td width=\"66\"><strong>1er. Apellido<\/strong><\/td>\n<td width=\"66\"><strong>2\u00ba Apellido<\/strong><\/td>\n<td width=\"123\"><strong>Colegio<\/strong><\/td>\n<td width=\"87\"><strong>Reproducci\u00f3n Video<\/strong><\/td>\n<td width=\"55\"><strong>Likes Video<\/strong><\/td>\n<td width=\"47\"><strong>Logro<\/strong><\/td>\n<\/tr>\n<tr>\n<td width=\"48\">1<\/td>\n<td width=\"64\">Mar\u00eda<\/td>\n<td width=\"76\">Jos\u00e9<\/td>\n<td width=\"66\">Acevedo<\/td>\n<td width=\"66\">S\u00e1nchez<\/td>\n<td width=\"123\">LA SALLE<\/td>\n<td width=\"87\">1411<\/td>\n<td width=\"55\">539<\/td>\n<td width=\"47\">Oro<\/td>\n<\/tr>\n<tr>\n<td width=\"48\">2<\/td>\n<td width=\"64\">Charol<\/td>\n<td width=\"76\"><\/td>\n<td width=\"66\">Mej\u00eda<\/td>\n<td width=\"66\">Sandoval<\/td>\n<td width=\"123\">DECROLY<\/td>\n<td width=\"87\">971<\/td>\n<td width=\"55\">387<\/td>\n<td width=\"47\">Plata<\/td>\n<\/tr>\n<tr>\n<td width=\"48\">3<\/td>\n<td width=\"64\">Mar\u00eda<\/td>\n<td width=\"76\">Stefany<\/td>\n<td width=\"66\">Leal<\/td>\n<td width=\"66\">Tarazona<\/td>\n<td width=\"123\">DECROLY<\/td>\n<td width=\"87\">966<\/td>\n<td width=\"55\">196<\/td>\n<td width=\"47\">Bronce<\/td>\n<\/tr>\n<\/tbody>\n<\/table>\n<div id=\"attachment_3628\" style=\"width: 395px\" class=\"wp-caption alignnone\"><img loading=\"lazy\" decoding=\"async\" aria-describedby=\"caption-attachment-3628\" class=\"size-full wp-image-3628\" src=\"http:\/\/noticias.inderbu.gov.co\/wp-content\/uploads\/2020\/06\/1-Oro-Mar\u00eda-Jos\u00e9-Acevedo.jpg\" alt=\"\" width=\"385\" height=\"584\" srcset=\"https:\/\/noticias.inderbu.gov.co\/wp-content\/uploads\/2020\/06\/1-Oro-Mar\u00eda-Jos\u00e9-Acevedo.jpg 385w, https:\/\/noticias.inderbu.gov.co\/wp-content\/uploads\/2020\/06\/1-Oro-Mar\u00eda-Jos\u00e9-Acevedo-198x300.jpg 198w\" sizes=\"auto, (max-width: 385px) 100vw, 385px\" \/><p id=\"caption-attachment-3628\" class=\"wp-caption-text\">1 Oro-Mar\u00eda Jos\u00e9 Acevedo \/ La Salle<\/p><\/div>\n<div id=\"attachment_3629\" style=\"width: 395px\" class=\"wp-caption alignnone\"><img loading=\"lazy\" decoding=\"async\" aria-describedby=\"caption-attachment-3629\" class=\"size-full wp-image-3629\" src=\"http:\/\/noticias.inderbu.gov.co\/wp-content\/uploads\/2020\/06\/2-Plata-Charol-Mej\u00eda.jpg\" alt=\"\" width=\"385\" height=\"594\" srcset=\"https:\/\/noticias.inderbu.gov.co\/wp-content\/uploads\/2020\/06\/2-Plata-Charol-Mej\u00eda.jpg 385w, https:\/\/noticias.inderbu.gov.co\/wp-content\/uploads\/2020\/06\/2-Plata-Charol-Mej\u00eda-194x300.jpg 194w\" sizes=\"auto, (max-width: 385px) 100vw, 385px\" \/><p id=\"caption-attachment-3629\" class=\"wp-caption-text\">2 Plata-Charol Mej\u00eda \/Decroly<\/p><\/div>\n<div id=\"attachment_3630\" style=\"width: 393px\" class=\"wp-caption alignnone\"><img loading=\"lazy\" decoding=\"async\" aria-describedby=\"caption-attachment-3630\" class=\"size-full wp-image-3630\" src=\"http:\/\/noticias.inderbu.gov.co\/wp-content\/uploads\/2020\/06\/3-Bronce-Mar\u00eda-Stefani-Leal.jpg\" alt=\"\" width=\"383\" height=\"592\" srcset=\"https:\/\/noticias.inderbu.gov.co\/wp-content\/uploads\/2020\/06\/3-Bronce-Mar\u00eda-Stefani-Leal.jpg 383w, https:\/\/noticias.inderbu.gov.co\/wp-content\/uploads\/2020\/06\/3-Bronce-Mar\u00eda-Stefani-Leal-194x300.jpg 194w\" sizes=\"auto, (max-width: 383px) 100vw, 383px\" \/><p id=\"caption-attachment-3630\" class=\"wp-caption-text\">3 Bronce-Mar\u00eda Stefani Leal \/ Decroly<\/p><\/div>\n<p>El INDERBU contin\u00faa realizando retos virtuales, en el marco de los Juegos Intercolegiados, con una amplia participaci\u00f3n de deportistas estudiantiles, quienes en representaci\u00f3n de sus establecimientos educativos, env\u00edan fotograf\u00edas y videos con gestos y ejercicios t\u00e9cnicos, que son publicadas en las redes sociales institucionales, permitiendo interacci\u00f3n con la comunidad educativa.<\/p>\n<p>#SigamosloHaciendoBien<\/p>\n<p>https:\/\/www.instagram.com\/somosinderbu\/<\/p>\n<p>&nbsp;<\/p>\n","protected":false},"excerpt":{"rendered":"<p>Con 20.865 cuentas alcanzadas, 15.839 reproducciones y 4.733 votos, finaliz\u00f3 el festival del reto de dominadas con bal\u00f3n en el&#46;&#46;&#46;<\/p>\n","protected":false},"author":3,"featured_media":3498,"comment_status":"closed","ping_status":"closed","sticky":false,"template":"","format":"standard","meta":{"_bbp_topic_count":0,"_bbp_reply_count":0,"_bbp_total_topic_count":0,"_bbp_total_reply_count":0,"_bbp_voice_count":0,"_bbp_anonymous_reply_count":0,"_bbp_topic_count_hidden":0,"_bbp_reply_count_hidden":0,"_bbp_forum_subforum_count":0,"footnotes":""},"categories":[44,4],"tags":[106],"class_list":["post-3624","post","type-post","status-publish","format-standard","has-post-thumbnail","hentry","category-intercolegiados","category-noticias","tag-sigamoslo-haciendo-bien"],"_links":{"self":[{"href":"https:\/\/noticias.inderbu.gov.co\/index.php\/wp-json\/wp\/v2\/posts\/3624","targetHints":{"allow":["GET"]}}],"collection":[{"href":"https:\/\/noticias.inderbu.gov.co\/index.php\/wp-json\/wp\/v2\/posts"}],"about":[{"href":"https:\/\/noticias.inderbu.gov.co\/index.php\/wp-json\/wp\/v2\/types\/post"}],"author":[{"embeddable":true,"href":"https:\/\/noticias.inderbu.gov.co\/index.php\/wp-json\/wp\/v2\/users\/3"}],"replies":[{"embeddable":true,"href":"https:\/\/noticias.inderbu.gov.co\/index.php\/wp-json\/wp\/v2\/comments?post=3624"}],"version-history":[{"count":6,"href":"https:\/\/noticias.inderbu.gov.co\/index.php\/wp-json\/wp\/v2\/posts\/3624\/revisions"}],"predecessor-version":[{"id":6519,"href":"https:\/\/noticias.inderbu.gov.co\/index.php\/wp-json\/wp\/v2\/posts\/3624\/revisions\/6519"}],"wp:featuredmedia":[{"embeddable":true,"href":"https:\/\/noticias.inderbu.gov.co\/index.php\/wp-json\/wp\/v2\/media\/3498"}],"wp:attachment":[{"href":"https:\/\/noticias.inderbu.gov.co\/index.php\/wp-json\/wp\/v2\/media?parent=3624"}],"wp:term":[{"taxonomy":"category","embeddable":true,"href":"https:\/\/noticias.inderbu.gov.co\/index.php\/wp-json\/wp\/v2\/categories?post=3624"},{"taxonomy":"post_tag","embeddable":true,"href":"https:\/\/noticias.inderbu.gov.co\/index.php\/wp-json\/wp\/v2\/tags?post=3624"}],"curies":[{"name":"wp","href":"https:\/\/api.w.org\/{rel}","templated":true}]}}