{"id":3599,"date":"2020-06-11T18:43:52","date_gmt":"2020-06-11T23:43:52","guid":{"rendered":"http:\/\/noticias.inderbu.gov.co\/?p=3599"},"modified":"2020-06-11T18:43:52","modified_gmt":"2020-06-11T23:43:52","slug":"exitoso-festival-fotografico-intercolegiado-de-taekwondo","status":"publish","type":"post","link":"https:\/\/noticias.inderbu.gov.co\/index.php\/2020\/06\/11\/exitoso-festival-fotografico-intercolegiado-de-taekwondo\/","title":{"rendered":"Exitoso festival fotogr\u00e1fico Intercolegiado de Taekwondo"},"content":{"rendered":"<p>A trav\u00e9s del Facebook institucional, el INDERBU realiz\u00f3 con satisfacci\u00f3n el Festival fotogr\u00e1fico Intercolegiado de Taekwondo con 72.159 interacciones.<\/p>\n<div id=\"attachment_3612\" style=\"width: 495px\" class=\"wp-caption alignnone\"><img loading=\"lazy\" decoding=\"async\" aria-describedby=\"caption-attachment-3612\" class=\"size-full wp-image-3612\" src=\"http:\/\/noticias.inderbu.gov.co\/wp-content\/uploads\/2020\/06\/1\u00b0.THOMAS-ESTEBAN-GOMEZ-VANEGAS-DE-LA-CONSOLATA-1.jpg\" alt=\"\" width=\"485\" height=\"743\" srcset=\"https:\/\/noticias.inderbu.gov.co\/wp-content\/uploads\/2020\/06\/1\u00b0.THOMAS-ESTEBAN-GOMEZ-VANEGAS-DE-LA-CONSOLATA-1.jpg 485w, https:\/\/noticias.inderbu.gov.co\/wp-content\/uploads\/2020\/06\/1\u00b0.THOMAS-ESTEBAN-GOMEZ-VANEGAS-DE-LA-CONSOLATA-1-196x300.jpg 196w\" sizes=\"auto, (max-width: 485px) 100vw, 485px\" \/><p id=\"caption-attachment-3612\" class=\"wp-caption-text\">Campe\u00f3n del Festival Fotogr\u00e1fico Intercolegiado de Taekwondo, Thom\u00e1s G\u00f3mez del colegio La Consolata.<\/p><\/div>\n<p><strong>El Festival: <\/strong><\/p>\n<p>74 estudiantes de colegios p\u00fablicos y privados fueron publicados en un \u00e1lbum, realizando la ejecuci\u00f3n de un gesto t\u00e9cnico en alguna de las modalidades del taekwondo.\u00a0 La comunidad educativa particip\u00f3 reaccionando tanto a la publicaci\u00f3n de su deportista favorito, como tambi\u00e9n dando Like al fan page del INDERBU.<\/p>\n<p><strong>Los ganadores:<\/strong><\/p>\n<p>Revisadas las estad\u00edsticas, se tuvieron en cuenta \u00fanicamente las reacciones que cumplieran con la dualidad de las condiciones (Like al Fan Page y Like a la fotograf\u00eda) se realizaron tablas de clasificaci\u00f3n general y por categor\u00edas femenina y masculina.<\/p>\n<p><strong>Clasificaci\u00f3n General<\/strong><\/p>\n<table width=\"709\">\n<tbody>\n<tr>\n<td width=\"28\"><strong>N\u00b0<\/strong><\/td>\n<td width=\"50\"><strong>1er. Nombre<\/strong><\/td>\n<td width=\"64\"><strong>2\u00ba Nombre<\/strong><\/td>\n<td width=\"58\"><strong>1er. Apellido<\/strong><\/td>\n<td width=\"59\"><strong>2\u00ba Apellido<\/strong><\/td>\n<td width=\"43\"><strong>Curso<\/strong><\/td>\n<td width=\"104\"><strong>COLEGIO<\/strong><\/td>\n<td width=\"38\"><strong>Rama<\/strong><\/td>\n<td width=\"69\"><strong>Comentario<\/strong><\/td>\n<td width=\"69\"><strong>Compartido<\/strong><\/td>\n<td width=\"41\"><strong>Vistos<\/strong><\/td>\n<td width=\"47\"><strong>Likes v\u00e1lidos<\/strong><\/td>\n<td width=\"38\"><strong>medalla<\/strong><\/td>\n<\/tr>\n<tr>\n<td width=\"28\">1<\/td>\n<td width=\"50\">Thomas<\/td>\n<td width=\"64\">Esteban<\/td>\n<td width=\"58\">Gomez<\/td>\n<td width=\"59\">Vanegas<\/td>\n<td width=\"43\">9<\/td>\n<td width=\"104\">Biling\u00fce La Consolata<\/td>\n<td width=\"38\">M<\/td>\n<td width=\"69\">411<\/td>\n<td width=\"69\">249<\/td>\n<td width=\"41\">1978<\/td>\n<td width=\"47\">255<\/td>\n<td width=\"38\">Oro<\/td>\n<\/tr>\n<tr>\n<td width=\"28\">2<\/td>\n<td width=\"50\">Paula<\/td>\n<td width=\"64\">Saray<\/td>\n<td width=\"58\">Rodriguez<\/td>\n<td width=\"59\">Quintero<\/td>\n<td width=\"43\">10<\/td>\n<td width=\"104\">Aurelio Martinez Mutis A<\/td>\n<td width=\"38\">F<\/td>\n<td width=\"69\">124<\/td>\n<td width=\"69\">150<\/td>\n<td width=\"41\">2712<\/td>\n<td width=\"47\">132<\/td>\n<td width=\"38\">Plata<\/td>\n<\/tr>\n<tr>\n<td width=\"28\">3<\/td>\n<td width=\"50\">Javier<\/td>\n<td width=\"64\">Alejandro<\/td>\n<td width=\"58\">Restrepo<\/td>\n<td width=\"59\">Petro<\/td>\n<td width=\"43\">11<\/td>\n<td width=\"104\">Caldas<\/td>\n<td width=\"38\">M<\/td>\n<td width=\"69\">209<\/td>\n<td width=\"69\">119<\/td>\n<td width=\"41\">1870<\/td>\n<td width=\"47\">109<\/td>\n<td width=\"38\">Bronce<\/td>\n<\/tr>\n<tr>\n<td width=\"28\">4<\/td>\n<td width=\"50\">Sara<\/td>\n<td width=\"64\">Sofia<\/td>\n<td width=\"58\">Sanchez<\/td>\n<td width=\"59\">Mangones<\/td>\n<td width=\"43\">10<\/td>\n<td width=\"104\">Coal<\/td>\n<td width=\"38\">F<\/td>\n<td width=\"69\">84<\/td>\n<td width=\"69\">107<\/td>\n<td width=\"41\">1701<\/td>\n<td width=\"47\">102<\/td>\n<td width=\"38\">&nbsp;<\/td>\n<\/tr>\n<tr>\n<td width=\"28\">5<\/td>\n<td width=\"50\">Esteban<\/td>\n<td width=\"64\">Alexander<\/td>\n<td width=\"58\">Ram\u00edrez<\/td>\n<td width=\"59\">Pe\u00f1a<\/td>\n<td width=\"43\">&nbsp;<\/td>\n<td width=\"104\">Aurelio Martinez Mutis A<\/td>\n<td width=\"38\">M<\/td>\n<td width=\"69\">16<\/td>\n<td width=\"69\">18<\/td>\n<td width=\"41\">434<\/td>\n<td width=\"47\">92<\/td>\n<td width=\"38\">&nbsp;<\/td>\n<\/tr>\n<\/tbody>\n<\/table>\n<p>&nbsp;<\/p>\n<p><strong>Clasificaci\u00f3n Damas<\/strong><\/p>\n<table width=\"718\">\n<tbody>\n<tr>\n<td width=\"28\"><strong>N\u00b0<\/strong><\/td>\n<td width=\"69\"><strong>1er.Nombre<\/strong><\/td>\n<td width=\"54\"><strong>2\u00ba Nombre<\/strong><\/td>\n<td width=\"58\"><strong>1er. Apellido<\/strong><\/td>\n<td width=\"60\"><strong>2\u00ba Apellido<\/strong><\/td>\n<td width=\"52\"><strong>Curso<\/strong><\/td>\n<td width=\"85\"><strong>COLEGIO<\/strong><\/td>\n<td width=\"38\"><strong>Rama<\/strong><\/td>\n<td width=\"69\"><strong>Comentario<\/strong><\/td>\n<td width=\"69\"><strong>Compartido<\/strong><\/td>\n<td width=\"41\"><strong>Vistos<\/strong><\/td>\n<td width=\"47\"><strong>Likes v\u00e1lidos<\/strong><\/td>\n<td width=\"47\"><strong>medalla<\/strong><\/td>\n<\/tr>\n<tr>\n<td width=\"28\">1<\/td>\n<td width=\"69\">Paula<\/td>\n<td width=\"54\">Saray<\/td>\n<td width=\"58\">Rodriguez<\/td>\n<td width=\"60\">Quintero<\/td>\n<td width=\"52\">10<\/td>\n<td width=\"85\">Aurelio Martinez Mutis A<\/td>\n<td width=\"38\">F<\/td>\n<td width=\"69\">124<\/td>\n<td width=\"69\">150<\/td>\n<td width=\"41\">2712<\/td>\n<td width=\"47\">132<\/td>\n<td width=\"47\">Oro<\/td>\n<\/tr>\n<tr>\n<td width=\"28\">2<\/td>\n<td width=\"69\">Sara<\/td>\n<td width=\"54\">Sofia<\/td>\n<td width=\"58\">Sanchez<\/td>\n<td width=\"60\">Mangones<\/td>\n<td width=\"52\">10<\/td>\n<td width=\"85\">Coal<\/td>\n<td width=\"38\">F<\/td>\n<td width=\"69\">84<\/td>\n<td width=\"69\">107<\/td>\n<td width=\"41\">1701<\/td>\n<td width=\"47\">102<\/td>\n<td width=\"47\">Plata<\/td>\n<\/tr>\n<tr>\n<td width=\"28\">3<\/td>\n<td width=\"69\">Natalia<\/td>\n<td width=\"54\">Andrea<\/td>\n<td width=\"58\">N\u00fa\u00f1ez<\/td>\n<td width=\"60\">Bernal<\/td>\n<td width=\"52\">11<\/td>\n<td width=\"85\">Inem<\/td>\n<td width=\"38\">F<\/td>\n<td width=\"69\">21<\/td>\n<td width=\"69\">55<\/td>\n<td width=\"41\">605<\/td>\n<td width=\"47\">59<\/td>\n<td width=\"47\">Bronce<\/td>\n<\/tr>\n<tr>\n<td width=\"28\">4<\/td>\n<td width=\"69\">Maria<\/td>\n<td width=\"54\">Jos\u00e9<\/td>\n<td width=\"58\">Serna<\/td>\n<td width=\"60\">Madrid<\/td>\n<td width=\"52\">11<\/td>\n<td width=\"85\">Centro Piloto<\/td>\n<td width=\"38\">F<\/td>\n<td width=\"69\">81<\/td>\n<td width=\"69\">167<\/td>\n<td width=\"41\">833<\/td>\n<td width=\"47\">45<\/td>\n<td width=\"47\">&nbsp;<\/td>\n<\/tr>\n<tr>\n<td width=\"28\">5<\/td>\n<td width=\"69\">Mitchel<\/td>\n<td width=\"54\">Valeria<\/td>\n<td width=\"58\">Pabon<\/td>\n<td width=\"60\">Fern\u00e1ndez<\/td>\n<td width=\"52\">9<\/td>\n<td width=\"85\">Goretty<\/td>\n<td width=\"38\">F<\/td>\n<td width=\"69\">18<\/td>\n<td width=\"69\">28<\/td>\n<td width=\"41\">453<\/td>\n<td width=\"47\">42<\/td>\n<td width=\"47\">&nbsp;<\/td>\n<\/tr>\n<\/tbody>\n<\/table>\n<p>&nbsp;<\/p>\n\n\t\t<style>\n\t\t\t#gallery-1 {\n\t\t\t\tmargin: auto;\n\t\t\t}\n\t\t\t#gallery-1 .gallery-item {\n\t\t\t\tfloat: left;\n\t\t\t\tmargin-top: 10px;\n\t\t\t\ttext-align: center;\n\t\t\t\twidth: 50%;\n\t\t\t}\n\t\t\t#gallery-1 img {\n\t\t\t\tborder: 2px solid #cfcfcf;\n\t\t\t}\n\t\t\t#gallery-1 .gallery-caption {\n\t\t\t\tmargin-left: 0;\n\t\t\t}\n\t\t\t\/* see gallery_shortcode() in wp-includes\/media.php *\/\n\t\t<\/style>\n\t\t<div id='gallery-1' class='gallery galleryid-3599 gallery-columns-2 gallery-size-medium'><dl class='gallery-item'>\n\t\t\t<dt class='gallery-icon portrait'>\n\t\t\t\t<a href='https:\/\/noticias.inderbu.gov.co\/index.php\/2020\/06\/11\/exitoso-festival-fotografico-intercolegiado-de-taekwondo\/1-paula-saray-rodriguez-del-aurelio-martinez-mutis\/'><img loading=\"lazy\" decoding=\"async\" width=\"135\" height=\"300\" src=\"https:\/\/noticias.inderbu.gov.co\/wp-content\/uploads\/2020\/06\/1\u00b0.PAULA-SARAY-RODRIGUEZ-DEL-AURELIO-MARTINEZ-MUTIS-135x300.jpg\" class=\"attachment-medium size-medium no-lazy\" alt=\"\" aria-describedby=\"gallery-1-3602\" srcset=\"https:\/\/noticias.inderbu.gov.co\/wp-content\/uploads\/2020\/06\/1\u00b0.PAULA-SARAY-RODRIGUEZ-DEL-AURELIO-MARTINEZ-MUTIS-135x300.jpg 135w, https:\/\/noticias.inderbu.gov.co\/wp-content\/uploads\/2020\/06\/1\u00b0.PAULA-SARAY-RODRIGUEZ-DEL-AURELIO-MARTINEZ-MUTIS-462x1024.jpg 462w, https:\/\/noticias.inderbu.gov.co\/wp-content\/uploads\/2020\/06\/1\u00b0.PAULA-SARAY-RODRIGUEZ-DEL-AURELIO-MARTINEZ-MUTIS.jpg 577w\" sizes=\"auto, (max-width: 135px) 100vw, 135px\" \/><\/a>\n\t\t\t<\/dt>\n\t\t\t\t<dd class='wp-caption-text gallery-caption' id='gallery-1-3602'>\n\t\t\t\t1\u00b0 Paula Saray Rodr\u00edguez &#8211; Aurelio\n\t\t\t\t<\/dd><\/dl><dl class='gallery-item'>\n\t\t\t<dt class='gallery-icon portrait'>\n\t\t\t\t<a href='https:\/\/noticias.inderbu.gov.co\/index.php\/2020\/06\/11\/exitoso-festival-fotografico-intercolegiado-de-taekwondo\/2-sara-sofia-sanchez-mangones-coal\/'><img loading=\"lazy\" decoding=\"async\" width=\"225\" height=\"300\" src=\"https:\/\/noticias.inderbu.gov.co\/wp-content\/uploads\/2020\/06\/2\u00b0.SARA-SOFIA-SANCHEZ-MANGONES-COAL-225x300.jpg\" class=\"attachment-medium size-medium no-lazy\" alt=\"\" aria-describedby=\"gallery-1-3605\" srcset=\"https:\/\/noticias.inderbu.gov.co\/wp-content\/uploads\/2020\/06\/2\u00b0.SARA-SOFIA-SANCHEZ-MANGONES-COAL-225x300.jpg 225w, https:\/\/noticias.inderbu.gov.co\/wp-content\/uploads\/2020\/06\/2\u00b0.SARA-SOFIA-SANCHEZ-MANGONES-COAL-768x1024.jpg 768w, https:\/\/noticias.inderbu.gov.co\/wp-content\/uploads\/2020\/06\/2\u00b0.SARA-SOFIA-SANCHEZ-MANGONES-COAL.jpg 960w\" sizes=\"auto, (max-width: 225px) 100vw, 225px\" \/><\/a>\n\t\t\t<\/dt>\n\t\t\t\t<dd class='wp-caption-text gallery-caption' id='gallery-1-3605'>\n\t\t\t\t2\u00b0 Sara Sof\u00eda S\u00e1nchez &#8211; COAL\n\t\t\t\t<\/dd><\/dl><br style=\"clear: both\" \/><dl class='gallery-item'>\n\t\t\t<dt class='gallery-icon landscape'>\n\t\t\t\t<a href='https:\/\/noticias.inderbu.gov.co\/index.php\/2020\/06\/11\/exitoso-festival-fotografico-intercolegiado-de-taekwondo\/3-nathalia-andrea-nunez-inem\/'><img loading=\"lazy\" decoding=\"async\" width=\"300\" height=\"265\" src=\"https:\/\/noticias.inderbu.gov.co\/wp-content\/uploads\/2020\/06\/3-Nathalia-Andrea-Nu\u00f1ez-INEM-300x265.jpg\" class=\"attachment-medium size-medium no-lazy\" alt=\"\" aria-describedby=\"gallery-1-3606\" srcset=\"https:\/\/noticias.inderbu.gov.co\/wp-content\/uploads\/2020\/06\/3-Nathalia-Andrea-Nu\u00f1ez-INEM-300x265.jpg 300w, https:\/\/noticias.inderbu.gov.co\/wp-content\/uploads\/2020\/06\/3-Nathalia-Andrea-Nu\u00f1ez-INEM.jpg 420w\" sizes=\"auto, (max-width: 300px) 100vw, 300px\" \/><\/a>\n\t\t\t<\/dt>\n\t\t\t\t<dd class='wp-caption-text gallery-caption' id='gallery-1-3606'>\n\t\t\t\t3\u00b0 Nathalia Nu\u00f1ez- INEM\n\t\t\t\t<\/dd><\/dl><dl class='gallery-item'>\n\t\t\t<dt class='gallery-icon landscape'>\n\t\t\t\t<a href='https:\/\/noticias.inderbu.gov.co\/index.php\/2020\/06\/11\/exitoso-festival-fotografico-intercolegiado-de-taekwondo\/4-maria-jose-serna-del-cpsb\/'><img loading=\"lazy\" decoding=\"async\" width=\"300\" height=\"300\" src=\"https:\/\/noticias.inderbu.gov.co\/wp-content\/uploads\/2020\/06\/4\u00b0.MARIA-JOSE-SERNA-DEL-CPSB-300x300.jpg\" class=\"attachment-medium size-medium no-lazy\" alt=\"\" aria-describedby=\"gallery-1-3609\" srcset=\"https:\/\/noticias.inderbu.gov.co\/wp-content\/uploads\/2020\/06\/4\u00b0.MARIA-JOSE-SERNA-DEL-CPSB-300x300.jpg 300w, https:\/\/noticias.inderbu.gov.co\/wp-content\/uploads\/2020\/06\/4\u00b0.MARIA-JOSE-SERNA-DEL-CPSB-150x150.jpg 150w, https:\/\/noticias.inderbu.gov.co\/wp-content\/uploads\/2020\/06\/4\u00b0.MARIA-JOSE-SERNA-DEL-CPSB-768x768.jpg 768w, https:\/\/noticias.inderbu.gov.co\/wp-content\/uploads\/2020\/06\/4\u00b0.MARIA-JOSE-SERNA-DEL-CPSB-1024x1024.jpg 1024w, https:\/\/noticias.inderbu.gov.co\/wp-content\/uploads\/2020\/06\/4\u00b0.MARIA-JOSE-SERNA-DEL-CPSB-160x160.jpg 160w, https:\/\/noticias.inderbu.gov.co\/wp-content\/uploads\/2020\/06\/4\u00b0.MARIA-JOSE-SERNA-DEL-CPSB-320x320.jpg 320w\" sizes=\"auto, (max-width: 300px) 100vw, 300px\" \/><\/a>\n\t\t\t<\/dt>\n\t\t\t\t<dd class='wp-caption-text gallery-caption' id='gallery-1-3609'>\n\t\t\t\t4\u00b0 Mar\u00eda Jos\u00e9 Serna &#8211; CPSB\n\t\t\t\t<\/dd><\/dl><br style=\"clear: both\" \/><dl class='gallery-item'>\n\t\t\t<dt class='gallery-icon portrait'>\n\t\t\t\t<a href='https:\/\/noticias.inderbu.gov.co\/index.php\/2020\/06\/11\/exitoso-festival-fotografico-intercolegiado-de-taekwondo\/5-mitchel-valeria-pabon-fernandez-goretty\/'><img loading=\"lazy\" decoding=\"async\" width=\"142\" height=\"300\" src=\"https:\/\/noticias.inderbu.gov.co\/wp-content\/uploads\/2020\/06\/5\u00b0.Mitchel-Valeria-Pabon-Fernandez-GORETTY-142x300.jpeg\" class=\"attachment-medium size-medium no-lazy\" alt=\"\" aria-describedby=\"gallery-1-3611\" srcset=\"https:\/\/noticias.inderbu.gov.co\/wp-content\/uploads\/2020\/06\/5\u00b0.Mitchel-Valeria-Pabon-Fernandez-GORETTY-142x300.jpeg 142w, https:\/\/noticias.inderbu.gov.co\/wp-content\/uploads\/2020\/06\/5\u00b0.Mitchel-Valeria-Pabon-Fernandez-GORETTY.jpeg 450w\" sizes=\"auto, (max-width: 142px) 100vw, 142px\" \/><\/a>\n\t\t\t<\/dt>\n\t\t\t\t<dd class='wp-caption-text gallery-caption' id='gallery-1-3611'>\n\t\t\t\t5\u00b0 Mitchel Pab\u00f3n &#8211; Goretty\n\t\t\t\t<\/dd><\/dl>\n\t\t\t<br style='clear: both' \/>\n\t\t<\/div>\n\n<p><strong>Clasificaci\u00f3n Varones<\/strong><\/p>\n<table width=\"708\">\n<tbody>\n<tr>\n<td width=\"28\"><strong>N\u00b0<\/strong><\/td>\n<td width=\"69\"><strong>1er.Nombre<\/strong><\/td>\n<td width=\"64\"><strong>2\u00ba Nombre<\/strong><\/td>\n<td width=\"62\"><strong>1er. Apellido<\/strong><\/td>\n<td width=\"60\"><strong>2\u00ba Apellido<\/strong><\/td>\n<td width=\"40\"><strong>Curso<\/strong><\/td>\n<td width=\"83\"><strong>Colegio<\/strong><\/td>\n<td width=\"38\"><strong>Rama<\/strong><\/td>\n<td width=\"69\"><strong>Comentario<\/strong><\/td>\n<td width=\"69\"><strong>Compartido<\/strong><\/td>\n<td width=\"41\"><strong>Vistos<\/strong><\/td>\n<td width=\"47\"><strong>Likes v\u00e1lidos<\/strong><\/td>\n<td width=\"38\"><strong>Medalla<\/strong><\/td>\n<\/tr>\n<tr>\n<td width=\"28\">1<\/td>\n<td width=\"69\">Thomas<\/td>\n<td width=\"64\">Esteban<\/td>\n<td width=\"62\">Gomez<\/td>\n<td width=\"60\">Vanegas<\/td>\n<td width=\"40\">9<\/td>\n<td width=\"83\">Biling\u00fce La Consolata<\/td>\n<td width=\"38\">M<\/td>\n<td width=\"69\">411<\/td>\n<td width=\"69\">249<\/td>\n<td width=\"41\">1978<\/td>\n<td width=\"47\">255<\/td>\n<td width=\"38\">Oro<\/td>\n<\/tr>\n<tr>\n<td width=\"28\">2<\/td>\n<td width=\"69\">Javier<\/td>\n<td width=\"64\">Alejandro<\/td>\n<td width=\"62\">Restrepo<\/td>\n<td width=\"60\">Petro<\/td>\n<td width=\"40\">11<\/td>\n<td width=\"83\">Caldas<\/td>\n<td width=\"38\">M<\/td>\n<td width=\"69\">209<\/td>\n<td width=\"69\">119<\/td>\n<td width=\"41\">1870<\/td>\n<td width=\"47\">109<\/td>\n<td width=\"38\">Plata<\/td>\n<\/tr>\n<tr>\n<td width=\"28\">3<\/td>\n<td width=\"69\">Esteban<\/td>\n<td width=\"64\">Alexander<\/td>\n<td width=\"62\">Ram\u00edrez<\/td>\n<td width=\"60\">Pe\u00f1a<\/td>\n<td width=\"40\">&nbsp;<\/td>\n<td width=\"83\">Aurelio Martinez Mutis A<\/td>\n<td width=\"38\">M<\/td>\n<td width=\"69\">16<\/td>\n<td width=\"69\">18<\/td>\n<td width=\"41\">434<\/td>\n<td width=\"47\">92<\/td>\n<td width=\"38\">Bronce<\/td>\n<\/tr>\n<tr>\n<td width=\"28\">4<\/td>\n<td width=\"69\">Jorge<\/td>\n<td width=\"64\">Alejandro<\/td>\n<td width=\"62\">Maldonado<\/td>\n<td width=\"60\">Sep\u00falveda<\/td>\n<td width=\"40\">8<\/td>\n<td width=\"83\">Inem<\/td>\n<td width=\"38\">M<\/td>\n<td width=\"69\">13<\/td>\n<td width=\"69\">53<\/td>\n<td width=\"41\">726<\/td>\n<td width=\"47\">46<\/td>\n<td width=\"38\">&nbsp;<\/td>\n<\/tr>\n<tr>\n<td width=\"28\">5<\/td>\n<td width=\"69\">Jeyvan<\/td>\n<td width=\"64\">Camilo<\/td>\n<td width=\"62\">Lopez<\/td>\n<td width=\"60\">Monta\u00f1ez<\/td>\n<td width=\"40\">9<\/td>\n<td width=\"83\">Fernando De Arag\u00f3n<\/td>\n<td width=\"38\">M<\/td>\n<td width=\"69\">30<\/td>\n<td width=\"69\">50<\/td>\n<td width=\"41\">584<\/td>\n<td width=\"47\">46<\/td>\n<td width=\"38\">&nbsp;<\/td>\n<\/tr>\n<\/tbody>\n<\/table>\n\n\t\t<style>\n\t\t\t#gallery-2 {\n\t\t\t\tmargin: auto;\n\t\t\t}\n\t\t\t#gallery-2 .gallery-item {\n\t\t\t\tfloat: left;\n\t\t\t\tmargin-top: 10px;\n\t\t\t\ttext-align: center;\n\t\t\t\twidth: 50%;\n\t\t\t}\n\t\t\t#gallery-2 img {\n\t\t\t\tborder: 2px solid #cfcfcf;\n\t\t\t}\n\t\t\t#gallery-2 .gallery-caption {\n\t\t\t\tmargin-left: 0;\n\t\t\t}\n\t\t\t\/* see gallery_shortcode() in wp-includes\/media.php *\/\n\t\t<\/style>\n\t\t<div id='gallery-2' class='gallery galleryid-3599 gallery-columns-2 gallery-size-thumbnail'><dl class='gallery-item'>\n\t\t\t<dt class='gallery-icon portrait'>\n\t\t\t\t<a href='https:\/\/noticias.inderbu.gov.co\/index.php\/2020\/06\/11\/exitoso-festival-fotografico-intercolegiado-de-taekwondo\/1-thomas-esteban-gomez-vanegas-de-la-consolata-1\/'><img loading=\"lazy\" decoding=\"async\" width=\"150\" height=\"150\" src=\"https:\/\/noticias.inderbu.gov.co\/wp-content\/uploads\/2020\/06\/1\u00b0.THOMAS-ESTEBAN-GOMEZ-VANEGAS-DE-LA-CONSOLATA-1-150x150.jpg\" class=\"attachment-thumbnail size-thumbnail no-lazy\" alt=\"\" aria-describedby=\"gallery-2-3612\" srcset=\"https:\/\/noticias.inderbu.gov.co\/wp-content\/uploads\/2020\/06\/1\u00b0.THOMAS-ESTEBAN-GOMEZ-VANEGAS-DE-LA-CONSOLATA-1-150x150.jpg 150w, https:\/\/noticias.inderbu.gov.co\/wp-content\/uploads\/2020\/06\/1\u00b0.THOMAS-ESTEBAN-GOMEZ-VANEGAS-DE-LA-CONSOLATA-1-160x160.jpg 160w, https:\/\/noticias.inderbu.gov.co\/wp-content\/uploads\/2020\/06\/1\u00b0.THOMAS-ESTEBAN-GOMEZ-VANEGAS-DE-LA-CONSOLATA-1-320x320.jpg 320w\" sizes=\"auto, (max-width: 150px) 100vw, 150px\" \/><\/a>\n\t\t\t<\/dt>\n\t\t\t\t<dd class='wp-caption-text gallery-caption' id='gallery-2-3612'>\n\t\t\t\t1\u00b0 Thomas G\u00f3mez &#8211; La Consolata\n\t\t\t\t<\/dd><\/dl><dl class='gallery-item'>\n\t\t\t<dt class='gallery-icon landscape'>\n\t\t\t\t<a href='https:\/\/noticias.inderbu.gov.co\/index.php\/2020\/06\/11\/exitoso-festival-fotografico-intercolegiado-de-taekwondo\/2-javier-alejandro-restrepo-petro-del-instituto-caldas\/'><img loading=\"lazy\" decoding=\"async\" width=\"150\" height=\"150\" src=\"https:\/\/noticias.inderbu.gov.co\/wp-content\/uploads\/2020\/06\/2\u00b0.JAVIER-ALEJANDRO-RESTREPO-PETRO-DEL-INSTITUTO-CALDAS-150x150.jpeg\" class=\"attachment-thumbnail size-thumbnail no-lazy\" alt=\"\" aria-describedby=\"gallery-2-3604\" srcset=\"https:\/\/noticias.inderbu.gov.co\/wp-content\/uploads\/2020\/06\/2\u00b0.JAVIER-ALEJANDRO-RESTREPO-PETRO-DEL-INSTITUTO-CALDAS-150x150.jpeg 150w, https:\/\/noticias.inderbu.gov.co\/wp-content\/uploads\/2020\/06\/2\u00b0.JAVIER-ALEJANDRO-RESTREPO-PETRO-DEL-INSTITUTO-CALDAS-160x160.jpeg 160w, https:\/\/noticias.inderbu.gov.co\/wp-content\/uploads\/2020\/06\/2\u00b0.JAVIER-ALEJANDRO-RESTREPO-PETRO-DEL-INSTITUTO-CALDAS-320x320.jpeg 320w\" sizes=\"auto, (max-width: 150px) 100vw, 150px\" \/><\/a>\n\t\t\t<\/dt>\n\t\t\t\t<dd class='wp-caption-text gallery-caption' id='gallery-2-3604'>\n\t\t\t\t2\u00b0 Javier Restrepo &#8211; Caldas\n\t\t\t\t<\/dd><\/dl><br style=\"clear: both\" \/><dl class='gallery-item'>\n\t\t\t<dt class='gallery-icon landscape'>\n\t\t\t\t<a href='https:\/\/noticias.inderbu.gov.co\/index.php\/2020\/06\/11\/exitoso-festival-fotografico-intercolegiado-de-taekwondo\/3-esteban-alexander-ramirez-pena-aurelio-martinez-mutis\/'><img loading=\"lazy\" decoding=\"async\" width=\"150\" height=\"150\" src=\"https:\/\/noticias.inderbu.gov.co\/wp-content\/uploads\/2020\/06\/3\u00b0.Esteban-Alexander-Ram\u00edrez-Pe\u00f1a-AURELIO-MARTINEZ-MUTIS-150x150.jpg\" class=\"attachment-thumbnail size-thumbnail no-lazy\" alt=\"\" aria-describedby=\"gallery-2-3607\" srcset=\"https:\/\/noticias.inderbu.gov.co\/wp-content\/uploads\/2020\/06\/3\u00b0.Esteban-Alexander-Ram\u00edrez-Pe\u00f1a-AURELIO-MARTINEZ-MUTIS-150x150.jpg 150w, https:\/\/noticias.inderbu.gov.co\/wp-content\/uploads\/2020\/06\/3\u00b0.Esteban-Alexander-Ram\u00edrez-Pe\u00f1a-AURELIO-MARTINEZ-MUTIS-160x160.jpg 160w, https:\/\/noticias.inderbu.gov.co\/wp-content\/uploads\/2020\/06\/3\u00b0.Esteban-Alexander-Ram\u00edrez-Pe\u00f1a-AURELIO-MARTINEZ-MUTIS-320x320.jpg 320w\" sizes=\"auto, (max-width: 150px) 100vw, 150px\" \/><\/a>\n\t\t\t<\/dt>\n\t\t\t\t<dd class='wp-caption-text gallery-caption' id='gallery-2-3607'>\n\t\t\t\t3\u00b0 Esteban Ram\u00edrez &#8211; Aurelio\n\t\t\t\t<\/dd><\/dl><dl class='gallery-item'>\n\t\t\t<dt class='gallery-icon landscape'>\n\t\t\t\t<a href='https:\/\/noticias.inderbu.gov.co\/index.php\/2020\/06\/11\/exitoso-festival-fotografico-intercolegiado-de-taekwondo\/4-jorge-alejandro-maldonado-sepulveda-inem\/'><img loading=\"lazy\" decoding=\"async\" width=\"150\" height=\"150\" src=\"https:\/\/noticias.inderbu.gov.co\/wp-content\/uploads\/2020\/06\/4\u00b0.Jorge-Alejandro-Maldonado-Sepulveda-INEM-150x150.jpg\" class=\"attachment-thumbnail size-thumbnail no-lazy\" alt=\"\" aria-describedby=\"gallery-2-3608\" srcset=\"https:\/\/noticias.inderbu.gov.co\/wp-content\/uploads\/2020\/06\/4\u00b0.Jorge-Alejandro-Maldonado-Sepulveda-INEM-150x150.jpg 150w, https:\/\/noticias.inderbu.gov.co\/wp-content\/uploads\/2020\/06\/4\u00b0.Jorge-Alejandro-Maldonado-Sepulveda-INEM-160x160.jpg 160w, https:\/\/noticias.inderbu.gov.co\/wp-content\/uploads\/2020\/06\/4\u00b0.Jorge-Alejandro-Maldonado-Sepulveda-INEM-320x320.jpg 320w\" sizes=\"auto, (max-width: 150px) 100vw, 150px\" \/><\/a>\n\t\t\t<\/dt>\n\t\t\t\t<dd class='wp-caption-text gallery-caption' id='gallery-2-3608'>\n\t\t\t\t4\u00b0 Jorge Maldonado &#8211; INEM\n\t\t\t\t<\/dd><\/dl><br style=\"clear: both\" \/><dl class='gallery-item'>\n\t\t\t<dt class='gallery-icon portrait'>\n\t\t\t\t<a href='https:\/\/noticias.inderbu.gov.co\/index.php\/2020\/06\/11\/exitoso-festival-fotografico-intercolegiado-de-taekwondo\/5-jeyvan-camilo-lopez-montanez-del-fernando-de-aragon\/'><img loading=\"lazy\" decoding=\"async\" width=\"150\" height=\"150\" src=\"https:\/\/noticias.inderbu.gov.co\/wp-content\/uploads\/2020\/06\/5\u00b0.Jeyvan-Camilo-L\u00f3pez-Monta\u00f1ez-DEL-FERNANDO-DE-ARAGON-150x150.jpg\" class=\"attachment-thumbnail size-thumbnail no-lazy\" alt=\"\" aria-describedby=\"gallery-2-3610\" srcset=\"https:\/\/noticias.inderbu.gov.co\/wp-content\/uploads\/2020\/06\/5\u00b0.Jeyvan-Camilo-L\u00f3pez-Monta\u00f1ez-DEL-FERNANDO-DE-ARAGON-150x150.jpg 150w, https:\/\/noticias.inderbu.gov.co\/wp-content\/uploads\/2020\/06\/5\u00b0.Jeyvan-Camilo-L\u00f3pez-Monta\u00f1ez-DEL-FERNANDO-DE-ARAGON-160x160.jpg 160w, https:\/\/noticias.inderbu.gov.co\/wp-content\/uploads\/2020\/06\/5\u00b0.Jeyvan-Camilo-L\u00f3pez-Monta\u00f1ez-DEL-FERNANDO-DE-ARAGON-320x320.jpg 320w\" sizes=\"auto, (max-width: 150px) 100vw, 150px\" \/><\/a>\n\t\t\t<\/dt>\n\t\t\t\t<dd class='wp-caption-text gallery-caption' id='gallery-2-3610'>\n\t\t\t\t5\u00b0Jeyvan Camilo L\u00f3pez &#8211; Fdo de Arag\u00f3n\n\t\t\t\t<\/dd><\/dl>\n\t\t\t<br style='clear: both' \/>\n\t\t<\/div>\n\n<p>&nbsp;<\/p>\n<p>&nbsp;<\/p>\n","protected":false},"excerpt":{"rendered":"<p>A trav\u00e9s del Facebook institucional, el INDERBU realiz\u00f3 con satisfacci\u00f3n el Festival fotogr\u00e1fico Intercolegiado de Taekwondo con 72.159 interacciones. El&#46;&#46;&#46;<\/p>\n","protected":false},"author":3,"featured_media":3601,"comment_status":"closed","ping_status":"closed","sticky":false,"template":"","format":"standard","meta":{"_bbp_topic_count":0,"_bbp_reply_count":0,"_bbp_total_topic_count":0,"_bbp_total_reply_count":0,"_bbp_voice_count":0,"_bbp_anonymous_reply_count":0,"_bbp_topic_count_hidden":0,"_bbp_reply_count_hidden":0,"_bbp_forum_subforum_count":0,"footnotes":""},"categories":[44,4],"tags":[41,106],"class_list":["post-3599","post","type-post","status-publish","format-standard","has-post-thumbnail","hentry","category-intercolegiados","category-noticias","tag-juegos-intercolegiados","tag-sigamoslo-haciendo-bien"],"_links":{"self":[{"href":"https:\/\/noticias.inderbu.gov.co\/index.php\/wp-json\/wp\/v2\/posts\/3599","targetHints":{"allow":["GET"]}}],"collection":[{"href":"https:\/\/noticias.inderbu.gov.co\/index.php\/wp-json\/wp\/v2\/posts"}],"about":[{"href":"https:\/\/noticias.inderbu.gov.co\/index.php\/wp-json\/wp\/v2\/types\/post"}],"author":[{"embeddable":true,"href":"https:\/\/noticias.inderbu.gov.co\/index.php\/wp-json\/wp\/v2\/users\/3"}],"replies":[{"embeddable":true,"href":"https:\/\/noticias.inderbu.gov.co\/index.php\/wp-json\/wp\/v2\/comments?post=3599"}],"version-history":[{"count":1,"href":"https:\/\/noticias.inderbu.gov.co\/index.php\/wp-json\/wp\/v2\/posts\/3599\/revisions"}],"predecessor-version":[{"id":3613,"href":"https:\/\/noticias.inderbu.gov.co\/index.php\/wp-json\/wp\/v2\/posts\/3599\/revisions\/3613"}],"wp:featuredmedia":[{"embeddable":true,"href":"https:\/\/noticias.inderbu.gov.co\/index.php\/wp-json\/wp\/v2\/media\/3601"}],"wp:attachment":[{"href":"https:\/\/noticias.inderbu.gov.co\/index.php\/wp-json\/wp\/v2\/media?parent=3599"}],"wp:term":[{"taxonomy":"category","embeddable":true,"href":"https:\/\/noticias.inderbu.gov.co\/index.php\/wp-json\/wp\/v2\/categories?post=3599"},{"taxonomy":"post_tag","embeddable":true,"href":"https:\/\/noticias.inderbu.gov.co\/index.php\/wp-json\/wp\/v2\/tags?post=3599"}],"curies":[{"name":"wp","href":"https:\/\/api.w.org\/{rel}","templated":true}]}}