{"id":3378,"date":"2020-03-06T10:58:46","date_gmt":"2020-03-06T15:58:46","guid":{"rendered":"http:\/\/noticias.inderbu.gov.co\/?p=3378"},"modified":"2020-03-06T10:58:46","modified_gmt":"2020-03-06T15:58:46","slug":"en-la-recreovia-de-este-domingo-8-de-marzo-se-realizara-caminata-contra-el-cancer","status":"publish","type":"post","link":"https:\/\/noticias.inderbu.gov.co\/index.php\/2020\/03\/06\/en-la-recreovia-de-este-domingo-8-de-marzo-se-realizara-caminata-contra-el-cancer\/","title":{"rendered":"En la Recreov\u00eda de este domingo 8 de marzo, se realizar\u00e1 caminata contra el c\u00e1ncer"},"content":{"rendered":"<p style=\"text-align: justify;\"><strong><em>Este domingo 8 de marzo se realizar\u00e1, en la Recreov\u00eda del INDERBU, la Segunda Caminata Contra el C\u00e1ncer, acompa\u00f1ando a pacientes que luchan contra esta enfermedad.\u00a0 <\/em><\/strong><\/p>\n<div id=\"attachment_3368\" style=\"width: 881px\" class=\"wp-caption alignnone\"><img loading=\"lazy\" decoding=\"async\" aria-describedby=\"caption-attachment-3368\" class=\"size-full wp-image-3368\" src=\"http:\/\/noticias.inderbu.gov.co\/wp-content\/uploads\/2020\/02\/caminata-SENOSama-recorrido-e1582927574165.jpeg\" alt=\"\" width=\"871\" height=\"871\" \/><p id=\"caption-attachment-3368\" class=\"wp-caption-text\">Recorrido #CaminataSiSePuede<\/p><\/div>\n<p style=\"text-align: justify;\">El INDERBU brinda apoyo log\u00edstico para la realizaci\u00f3n de la Caminata Contra el C\u00e1ncer; evento organizado por la fundaci\u00f3n <strong>SENOSama<\/strong>, que busca resaltar el importante rol de la familia y amigos en el proceso de atenci\u00f3n a pacientes con c\u00e1ncer.<\/p>\n<p style=\"text-align: justify;\">Teniendo como punto de partida la carrera 27 con calle 37, la caminata de pacientes acompa\u00f1ados de sus seres queridos, partir\u00e1 entre las 7:30 y 8:00 de la ma\u00f1ana, realizando un circuito de ida y regreso hasta la glorieta del Caballo de Bol\u00edvar en la UIS.<\/p>\n<p style=\"text-align: justify;\"><strong>Aer\u00f3bicos de la Recreov\u00eda se realizan con normalidad:<\/strong><\/p>\n<p style=\"text-align: justify;\">Las sesiones de actividad f\u00edsica musicalizada se realizar\u00e1n de manera habitual en la calle 10 y en el parque de Los Ni\u00f1os, desarrollando rutinas para principiantes y avanzados, al ritmo y energ\u00eda de los instructores del INDERBU.<\/p>\n<div id=\"attachment_2875\" style=\"width: 882px\" class=\"wp-caption alignnone\"><img loading=\"lazy\" decoding=\"async\" aria-describedby=\"caption-attachment-2875\" class=\"size-full wp-image-2875\" src=\"http:\/\/noticias.inderbu.gov.co\/wp-content\/uploads\/2019\/09\/IMG_2767-e1568213863751.jpg\" alt=\"\" width=\"872\" height=\"581\" \/><p id=\"caption-attachment-2875\" class=\"wp-caption-text\">Aer\u00f3bicos en la Recreov\u00eda<\/p><\/div>\n<p style=\"text-align: justify;\"><strong>Sesi\u00f3n de elongaci\u00f3n muscular en la calle 10: <\/strong><\/p>\n<p style=\"text-align: justify;\">Cuando los caminantes lleguen al punto de la calle 10, se cambiar\u00e1 el ritmo de la sesi\u00f3n para realizar una corta rutina de elongaci\u00f3n y ralajaci\u00f3n muscular con el prop\u00f3sito de evitar fatigas o sobrecargas musculares en los pacientes que han caminado.<\/p>\n<div id=\"attachment_2390\" style=\"width: 880px\" class=\"wp-caption alignnone\"><img loading=\"lazy\" decoding=\"async\" aria-describedby=\"caption-attachment-2390\" class=\"size-full wp-image-2390\" src=\"http:\/\/noticias.inderbu.gov.co\/wp-content\/uploads\/2019\/03\/CAMIANTA-CONTRA-CANCER1-e1552341694138.jpeg\" alt=\"\" width=\"870\" height=\"423\" \/><p id=\"caption-attachment-2390\" class=\"wp-caption-text\">Ejercicios de elongaci\u00f3n y respiraci\u00f3n coordinados por instructores del INDERBU<\/p><\/div>\n<p style=\"text-align: justify;\"><strong>Punto de hidrataci\u00f3n en la calle 10:<\/strong><\/p>\n<p style=\"text-align: justify;\">La fundaci\u00f3n SENOSama, con apoyo de patrocinadores, tiene dispuesto en la glorieta del Caballo de Bol\u00edvar, un stand de hidrataci\u00f3n y consumo de frutas, para que los caminantes puedan retomar energ\u00edas y continuar su recorrido de regreso a la calle 37 con carrera 27.<\/p>\n<p style=\"text-align: justify;\"><strong>Vinculaci\u00f3n y apoyo:<\/strong><\/p>\n<p style=\"text-align: justify;\">Organizaciones como el ejercito nacional y cl\u00ednicas con su personal del \u00e1rea de la salud, as\u00ed como la presencia de varias Gestoras Sociales del \u00e1rea metropolitana de Bucaramanga, la directora del INDEREBU, junto a diversas entidades y empresas privadas, se vinculan a la caminata, en una fiesta por la vida y en contra del c\u00e1ncer, puesto que el apoyo emocional y afecto contribuyen postivamente en los resultados de las terapias y procedimientos que deben realizarse los pacientes.<\/p>\n<div id=\"attachment_3300\" style=\"width: 880px\" class=\"wp-caption alignnone\"><img loading=\"lazy\" decoding=\"async\" aria-describedby=\"caption-attachment-3300\" class=\"size-full wp-image-3300\" src=\"http:\/\/noticias.inderbu.gov.co\/wp-content\/uploads\/2020\/01\/Reunio\u0301n-SENOSama-e1580486919407.jpeg\" alt=\"\" width=\"870\" height=\"580\" \/><p id=\"caption-attachment-3300\" class=\"wp-caption-text\">De Izq. a Der.: Luz Marina Isaza- Fundaci\u00f3n SENOSama, Consuelo Rodr\u00edguez Gil, directora INDERBU; Genny Cristina Sarmiento D\u00edaz, Gestora Social Santander, Elsa Jaimes Carvajal, Gestora Social Piedecuesta; Luz Mildred Su\u00e1rez, Gestora Social Floridablanca; Claudia Mercedes Amaya Ayala &#8211; Directora Fundaci\u00f3n SENOSama; Mar\u00eda Alejandra Mayorga, Gestora Social Gir\u00f3n.<\/p><\/div>\n<p style=\"text-align: justify;\">La Fundacio\u0301n <strong>SENOSama<\/strong>, busca mejorar la calidad de vida de las personas con diagno\u0301stico de ca\u0301ncer de mama, u\u0301tero y ovario, y dentro de sus actividades se encuentra la caminata bajo la etiqueta #CaminataSiSePuede.<\/p>\n<p style=\"text-align: justify;\"><strong>Inscripciones abiertas:<\/strong><\/p>\n<p style=\"text-align: justify;\">Las inscripciones a\u00fan est\u00e1n abiertas para participar en la Segunda #CaminataSiSePuede en apoyo a pacientes con c\u00e1ncer, a trav\u00e9s de la p\u00e1gina web <a href=\"http:\/\/www.senosama.com\">www.senosama.com<\/a>, tambi\u00e9n personalmente en la calle 44 29\u00aa-41 oficina 203 edificio Trafalgar o al celular 3183578306.<\/p>\n<div id=\"attachment_3370\" style=\"width: 881px\" class=\"wp-caption alignnone\"><img loading=\"lazy\" decoding=\"async\" aria-describedby=\"caption-attachment-3370\" class=\"size-full wp-image-3370\" src=\"http:\/\/noticias.inderbu.gov.co\/wp-content\/uploads\/2020\/02\/kit-caminata-SENOSama-e1582927866329.jpeg\" alt=\"\" width=\"871\" height=\"875\" \/><p id=\"caption-attachment-3370\" class=\"wp-caption-text\">kit caminata S\u00ed se Puede, fundaci\u00f3n SENOSama<\/p><\/div>\n","protected":false},"excerpt":{"rendered":"<p>Este domingo 8 de marzo se realizar\u00e1, en la Recreov\u00eda del INDERBU, la Segunda Caminata Contra el C\u00e1ncer, acompa\u00f1ando a&#46;&#46;&#46;<\/p>\n","protected":false},"author":3,"featured_media":3369,"comment_status":"closed","ping_status":"open","sticky":false,"template":"","format":"standard","meta":{"_bbp_topic_count":0,"_bbp_reply_count":0,"_bbp_total_topic_count":0,"_bbp_total_reply_count":0,"_bbp_voice_count":0,"_bbp_anonymous_reply_count":0,"_bbp_topic_count_hidden":0,"_bbp_reply_count_hidden":0,"_bbp_forum_subforum_count":0,"footnotes":""},"categories":[6,4],"tags":[25,72,61],"class_list":["post-3378","post","type-post","status-publish","format-standard","has-post-thumbnail","hentry","category-actifisica","category-noticias","tag-actividad-fisica","tag-habitos-y-estilos-de-vida-saludables","tag-recreovias-inderbu"],"_links":{"self":[{"href":"https:\/\/noticias.inderbu.gov.co\/index.php\/wp-json\/wp\/v2\/posts\/3378","targetHints":{"allow":["GET"]}}],"collection":[{"href":"https:\/\/noticias.inderbu.gov.co\/index.php\/wp-json\/wp\/v2\/posts"}],"about":[{"href":"https:\/\/noticias.inderbu.gov.co\/index.php\/wp-json\/wp\/v2\/types\/post"}],"author":[{"embeddable":true,"href":"https:\/\/noticias.inderbu.gov.co\/index.php\/wp-json\/wp\/v2\/users\/3"}],"replies":[{"embeddable":true,"href":"https:\/\/noticias.inderbu.gov.co\/index.php\/wp-json\/wp\/v2\/comments?post=3378"}],"version-history":[{"count":1,"href":"https:\/\/noticias.inderbu.gov.co\/index.php\/wp-json\/wp\/v2\/posts\/3378\/revisions"}],"predecessor-version":[{"id":3379,"href":"https:\/\/noticias.inderbu.gov.co\/index.php\/wp-json\/wp\/v2\/posts\/3378\/revisions\/3379"}],"wp:featuredmedia":[{"embeddable":true,"href":"https:\/\/noticias.inderbu.gov.co\/index.php\/wp-json\/wp\/v2\/media\/3369"}],"wp:attachment":[{"href":"https:\/\/noticias.inderbu.gov.co\/index.php\/wp-json\/wp\/v2\/media?parent=3378"}],"wp:term":[{"taxonomy":"category","embeddable":true,"href":"https:\/\/noticias.inderbu.gov.co\/index.php\/wp-json\/wp\/v2\/categories?post=3378"},{"taxonomy":"post_tag","embeddable":true,"href":"https:\/\/noticias.inderbu.gov.co\/index.php\/wp-json\/wp\/v2\/tags?post=3378"}],"curies":[{"name":"wp","href":"https:\/\/api.w.org\/{rel}","templated":true}]}}