{"id":3193,"date":"2019-11-28T14:19:12","date_gmt":"2019-11-28T19:19:12","guid":{"rendered":"http:\/\/noticias.inderbu.gov.co\/?p=3193"},"modified":"2019-11-28T14:19:12","modified_gmt":"2019-11-28T19:19:12","slug":"inderbu-convoca-a-curso-de-administracion-deportiva","status":"publish","type":"post","link":"https:\/\/noticias.inderbu.gov.co\/index.php\/2019\/11\/28\/inderbu-convoca-a-curso-de-administracion-deportiva\/","title":{"rendered":"INDERBU convoca a curso de administraci\u00f3n deportiva"},"content":{"rendered":"<p style=\"text-align: justify;\"><strong><em>Est\u00e1n abiertas las inscripciones para el Curso de Administraci\u00f3n Deportiva, dirigido a <\/em><\/strong><strong><em>integrantes de clubes, ligas, l\u00edderes y entrenadores deportivos.<\/em><\/strong><\/p>\n<div id=\"attachment_2050\" style=\"width: 859px\" class=\"wp-caption alignnone\"><img loading=\"lazy\" decoding=\"async\" aria-describedby=\"caption-attachment-2050\" class=\"size-full wp-image-2050\" src=\"http:\/\/noticias.inderbu.gov.co\/wp-content\/uploads\/2018\/10\/capacitacio\u0301nIMAGEN.jpg\" alt=\"\" width=\"849\" height=\"565\" srcset=\"https:\/\/noticias.inderbu.gov.co\/wp-content\/uploads\/2018\/10\/capacitacio\u0301nIMAGEN.jpg 849w, https:\/\/noticias.inderbu.gov.co\/wp-content\/uploads\/2018\/10\/capacitacio\u0301nIMAGEN-300x200.jpg 300w, https:\/\/noticias.inderbu.gov.co\/wp-content\/uploads\/2018\/10\/capacitacio\u0301nIMAGEN-768x511.jpg 768w\" sizes=\"auto, (max-width: 849px) 100vw, 849px\" \/><p id=\"caption-attachment-2050\" class=\"wp-caption-text\">Capacitaci\u00f3n con el INDERBU<\/p><\/div>\n<p style=\"text-align: justify;\">La Universidad Santo Tom\u00e1s de Aquino certificar\u00e1 y acreditar\u00e1 el programa que ser\u00e1 en las tem\u00e1ticas descritas en la Resoluci\u00f3n 001541 del 16 de julio de 2018 del Departamento Administrativo del Deporte, la Recreaci\u00f3n, la Actividad F\u00edsica y el Aprovechamiento del Tiempo Libre \u00a0de COLDEPORTES.<\/p>\n<p style=\"text-align: justify;\">Las clases de impartir\u00e1n a trav\u00e9s de su facultad de Cultura F\u00edsica, Deporte y Recreaci\u00f3n con una duraci\u00f3n de 48 horas (1 cr\u00e9dito) y contempla el 50% de las horas en modalidad presencial (24 horas) y el otro 50% en modalidad virtual (24 horas).<\/p>\n<p style=\"text-align: justify;\">El horario propuesto para cumplir con la intensidad horaria es del martes 3 de diciembre al viernes 6 de diciembre de 5:00 a 9:00 p.m. o de 6:00 a 10:00 p.m. y el s\u00e1bado 7 de diciembre de 7 a.m. a 3:00 p.m. en el Campus de Floridablanca o el Campus de Bucaramanga, seg\u00fan se acuerde con los participantes.<\/p>\n<p style=\"text-align: justify;\">Se trabajar\u00e1 en modalidad virtual en la semana del 9 al 13 de diciembre, para finalizar el curso dentro del calendario acad\u00e9mico de la universidad.<\/p>\n<p style=\"text-align: justify;\">Las inscripciones deben realizarse a trav\u00e9s del link:<\/p>\n<p style=\"text-align: justify;\">\u00a0<a href=\"https:\/\/forms.gle\/wrXv3A4R4TcZ4LdJA\">https:\/\/forms.gle\/wrXv3A4R4TcZ4LdJA<\/a><\/p>\n<p style=\"text-align: justify;\">El cupo es limitado, para las 30 primeras personas inscritas.<\/p>\n<p>La circular de convocatoria puede ser descargado aqu\u00ed\u00a0<a href=\"http:\/\/noticias.inderbu.gov.co\/wp-content\/uploads\/2019\/11\/CIRCULAR-CLUBES.pdf\">CIRCULAR CLUBES<\/a><\/p>\n","protected":false},"excerpt":{"rendered":"<p>Est\u00e1n abiertas las inscripciones para el Curso de Administraci\u00f3n Deportiva, dirigido a integrantes de clubes, ligas, l\u00edderes y entrenadores deportivos.&#46;&#46;&#46;<\/p>\n","protected":false},"author":3,"featured_media":2050,"comment_status":"closed","ping_status":"open","sticky":false,"template":"","format":"standard","meta":{"_bbp_topic_count":0,"_bbp_reply_count":0,"_bbp_total_topic_count":0,"_bbp_total_reply_count":0,"_bbp_voice_count":0,"_bbp_anonymous_reply_count":0,"_bbp_topic_count_hidden":0,"_bbp_reply_count_hidden":0,"_bbp_forum_subforum_count":0,"footnotes":""},"categories":[5,4],"tags":[32,52],"class_list":["post-3193","post","type-post","status-publish","format-standard","has-post-thumbnail","hentry","category-formaciond","category-noticias","tag-capacitacion","tag-prevencion-de-flagelos-juveniles"],"_links":{"self":[{"href":"https:\/\/noticias.inderbu.gov.co\/index.php\/wp-json\/wp\/v2\/posts\/3193","targetHints":{"allow":["GET"]}}],"collection":[{"href":"https:\/\/noticias.inderbu.gov.co\/index.php\/wp-json\/wp\/v2\/posts"}],"about":[{"href":"https:\/\/noticias.inderbu.gov.co\/index.php\/wp-json\/wp\/v2\/types\/post"}],"author":[{"embeddable":true,"href":"https:\/\/noticias.inderbu.gov.co\/index.php\/wp-json\/wp\/v2\/users\/3"}],"replies":[{"embeddable":true,"href":"https:\/\/noticias.inderbu.gov.co\/index.php\/wp-json\/wp\/v2\/comments?post=3193"}],"version-history":[{"count":1,"href":"https:\/\/noticias.inderbu.gov.co\/index.php\/wp-json\/wp\/v2\/posts\/3193\/revisions"}],"predecessor-version":[{"id":3195,"href":"https:\/\/noticias.inderbu.gov.co\/index.php\/wp-json\/wp\/v2\/posts\/3193\/revisions\/3195"}],"wp:featuredmedia":[{"embeddable":true,"href":"https:\/\/noticias.inderbu.gov.co\/index.php\/wp-json\/wp\/v2\/media\/2050"}],"wp:attachment":[{"href":"https:\/\/noticias.inderbu.gov.co\/index.php\/wp-json\/wp\/v2\/media?parent=3193"}],"wp:term":[{"taxonomy":"category","embeddable":true,"href":"https:\/\/noticias.inderbu.gov.co\/index.php\/wp-json\/wp\/v2\/categories?post=3193"},{"taxonomy":"post_tag","embeddable":true,"href":"https:\/\/noticias.inderbu.gov.co\/index.php\/wp-json\/wp\/v2\/tags?post=3193"}],"curies":[{"name":"wp","href":"https:\/\/api.w.org\/{rel}","templated":true}]}}