{"id":3117,"date":"2019-11-07T12:31:14","date_gmt":"2019-11-07T17:31:14","guid":{"rendered":"http:\/\/noticias.inderbu.gov.co\/?p=3117"},"modified":"2019-11-07T12:34:31","modified_gmt":"2019-11-07T17:34:31","slug":"bucaramanga-actualizo-la-plataforma-de-juventud-2","status":"publish","type":"post","link":"https:\/\/noticias.inderbu.gov.co\/index.php\/2019\/11\/07\/bucaramanga-actualizo-la-plataforma-de-juventud-2\/","title":{"rendered":"Bucaramanga actualiz\u00f3 la Plataforma de Juventud"},"content":{"rendered":"<p style=\"text-align: justify;\"><strong><em>Bucaramanga sigue siendo pionera en temas de juventud, por ello, actualiz\u00f3 ante la Personer\u00eda municipal, la Plataforma de Juventud del 2019, para dar cumplimiento a las Leyes 1622 de 2013 y 1885 del 2018.<\/em><\/strong><\/p>\n<div id=\"attachment_3118\" style=\"width: 881px\" class=\"wp-caption alignnone\"><img loading=\"lazy\" decoding=\"async\" aria-describedby=\"caption-attachment-3118\" class=\"size-full wp-image-3118\" src=\"http:\/\/noticias.inderbu.gov.co\/wp-content\/uploads\/2019\/11\/Plataforma-de-Juventud-e1573147654695.png\" alt=\"\" width=\"871\" height=\"480\" \/><p id=\"caption-attachment-3118\" class=\"wp-caption-text\">Organizaciones de la Plataforma de Juventud de Bucaramanga<\/p><\/div>\n<p style=\"text-align: justify;\">Mediante Resoluci\u00f3n 189 del 22 de octubre de 2019, emanada por la Personer\u00eda de Bucaramanga, se actualiz\u00f3 la Plataforma de Juventud del municipio, para que quedaran registradas las organizaciones juveniles que la conforman.<\/p>\n<p style=\"text-align: justify;\">La Personer\u00eda realiz\u00f3 el registro del acta de asamblea de fecha 21 de septiembre de 2019, donde se actualiz\u00f3 la conformaci\u00f3n la Plataforma Juvenil del municipio, cuyo objeto es el de asesorar, articular, coordinar, concertar, realizar veedur\u00eda y control social a las entidades y agendas de juventud de Bucaramanga.<\/p>\n<h1 style=\"text-align: justify;\">Nueva Junta Directiva de la Plataforma Juvenil de Bucaramanga<\/h1>\n<div id=\"attachment_2690\" style=\"width: 881px\" class=\"wp-caption alignnone\"><img loading=\"lazy\" decoding=\"async\" aria-describedby=\"caption-attachment-2690\" class=\"size-full wp-image-2690\" src=\"http:\/\/noticias.inderbu.gov.co\/wp-content\/uploads\/2019\/08\/PLATAFORMA-REACTIVACION-e1565019572703.jpeg\" alt=\"\" width=\"871\" height=\"653\" \/><p id=\"caption-attachment-2690\" class=\"wp-caption-text\">Reuni\u00f3n Plataforma de Juventud<\/p><\/div>\n<p style=\"text-align: justify;\"><em>La nueva junta directiva qued\u00f3 conformada de la siguiente manera:<\/em><\/p>\n<table>\n<tbody>\n<tr>\n<td width=\"103\"><em><strong>CARGO<\/strong><\/em><\/td>\n<td width=\"228\"><em><strong>NOMBRES<\/strong><\/em><\/td>\n<td width=\"132\"><em><strong>ORGANIZACI\u00d3N<\/strong><\/em><\/td>\n<td width=\"126\"><em><strong>DOCUMENTO<\/strong><\/em><\/td>\n<\/tr>\n<tr>\n<td width=\"103\"><em>Presidente<\/em><\/td>\n<td width=\"228\"><em>Rafael Andr\u00e9s Hinestroza Mart\u00ednez<\/em><\/td>\n<td width=\"132\"><em>Asociaci\u00f3n SCOUT de Colombia<\/em><\/td>\n<td width=\"126\"><em>1.098.772.574 de Bucaramanga<\/em><\/td>\n<\/tr>\n<tr>\n<td width=\"103\"><em>Vicepresidente<\/em><\/td>\n<td width=\"228\"><em>Karen Vanessa D\u00edaz Delgado<\/em><\/td>\n<td width=\"132\"><em>J\u00f3venes al Poder<\/em><\/td>\n<td width=\"126\"><em>1.098.735.935 de Bucaramanga<\/em><\/td>\n<\/tr>\n<tr>\n<td width=\"103\"><em>Secretaria <\/em><\/td>\n<td width=\"228\"><em>Niyireth Daniela T\u00e9llez<\/em><\/td>\n<td width=\"132\"><em>Movimiento Nal de ni\u00f1os, ni\u00f1as, adolescentes y j\u00f3venes gestores de paz<\/em><\/td>\n<td width=\"126\"><em>1.005.372 de Bucaramanga<\/em><\/td>\n<\/tr>\n<tr>\n<td width=\"103\"><em>Vocal 1<\/em><\/td>\n<td width=\"228\"><em>Juli\u00e1n David Su\u00e1rez Moreno<\/em><\/td>\n<td width=\"132\"><em>AISEC<\/em><\/td>\n<td width=\"126\"><em>1.098.804.624 de Bucaramanga<\/em><\/td>\n<\/tr>\n<tr>\n<td width=\"103\"><em>Vocal 2<\/em><\/td>\n<td width=\"228\"><em>Mar\u00eda Fernanda Morales Amaya<\/em><\/td>\n<td width=\"132\"><em>JUCO<\/em><\/td>\n<td width=\"126\"><em>1.089.787.624 de Bucaramanga <\/em><\/td>\n<\/tr>\n<\/tbody>\n<\/table>\n<p style=\"text-align: justify;\"><em>\u00a0<\/em><\/p>\n<p style=\"text-align: justify;\">De igual manera, en dicha reuni\u00f3n de asamblea se plantearon, diferentes aspectos referentes a la organizaci\u00f3n interna de la Plataforma de Juventud, sus funciones y agenda de trabajo.<\/p>\n<p style=\"text-align: justify;\"><em>Sobre el proceso de formaci\u00f3n y consolidaci\u00f3n de la Plataforma de Juventud, inform\u00f3 el Subdirector Operativo del INDERBU, Lic. \u00c1lvaro Jos\u00e9 Cote Mendoza, \u201cen Bucaramanga la Plataforma Juvenil\u00a0 fue creada el 12 de agosto del 2016 y su funcionamiento ha sido activo y evolutivo en la medida en que se ha abierto un espacio de participaci\u00f3n y representaci\u00f3n a todas las organizaciones juveniles, que articuladamente vienen trabajando y se les ha orientado en la consolidaci\u00f3n de su horizonte de acci\u00f3n\u201d.<\/em><\/p>\n<p style=\"text-align: justify;\"><strong>Organizaciones que conforman actualmente la Plataforma:<\/strong><\/p>\n<table width=\"586\">\n<tbody>\n<tr>\n<td width=\"38\"><strong>No.<\/strong><\/td>\n<td width=\"331\"><strong>ORGANIZACIONES<\/strong><\/td>\n<td width=\"217\"><strong>REPRESENTANTES<\/strong><\/td>\n<\/tr>\n<tr>\n<td width=\"38\">1<\/td>\n<td width=\"331\">AIESEC En Colombia Oficina Bucaramanga<\/td>\n<td width=\"217\">Juli\u00e1n David Su\u00e1rez Moreno<\/p>\n<p>Kevin Arley G\u00f3mez<\/td>\n<\/tr>\n<tr>\n<td width=\"38\">2<\/td>\n<td width=\"331\">ASOCIACION COLOMBIANA DE ESTUDIANTES UNIVERSITARIOS ACEU<\/td>\n<td width=\"217\">Juan Diego Ballen Mesa<\/p>\n<p>Johan Daniel Garavito Navarro<\/td>\n<\/tr>\n<tr>\n<td width=\"38\">3<\/td>\n<td width=\"331\">ASOCIACION SKATE POR LA VIDA<\/td>\n<td width=\"217\">Oscar Pi\u00f1eres Cuadros<\/p>\n<p>Mar\u00eda Ang\u00e9lica Parra Barios<\/td>\n<\/tr>\n<tr>\n<td width=\"38\">4<\/td>\n<td width=\"331\">ASOCIACION SCOUT DE COLOMBIA<\/td>\n<td width=\"217\">Rafael Andr\u00e9s Hinestroza<\/td>\n<\/tr>\n<tr>\n<td width=\"38\"><strong>5<\/strong><\/td>\n<td width=\"331\"><strong>\u00a0<\/strong><\/p>\n<p>CORPORACI\u00d3N CIDEMOS<\/td>\n<td width=\"217\">Jos\u00e9 Alfredo Echeverr\u00eda Blanco<\/p>\n<p>Sony Len\u00edn Moncada Tamayo<\/td>\n<\/tr>\n<tr>\n<td width=\"38\">6<\/td>\n<td width=\"331\">CORPORACION CORPAZDDHH<\/td>\n<td width=\"217\">David Carvajal Guerrero<\/p>\n<p>Luis Benavides<\/td>\n<\/tr>\n<tr>\n<td width=\"38\">7<\/td>\n<td width=\"331\">Corporaci\u00f3n para la Recuperaci\u00f3n y el fortalecimiento del tejido social UNIVERSO SOCIAL<\/td>\n<td width=\"217\">Ronald Alberto D\u00edaz Ram\u00edrez<\/p>\n<p>Leidy Esmeralda Parra Carrillo<\/td>\n<\/tr>\n<tr>\n<td width=\"38\"><strong>8<\/strong><\/td>\n<td width=\"331\"><strong>\u00a0<\/strong><\/p>\n<p>I\u00b4S ELOHIM<\/td>\n<td width=\"217\">Yann\u00edn Libardo Hern\u00e1ndez Diaz<\/p>\n<p>Leidy Marcela Duarte Velandia<\/td>\n<\/tr>\n<tr>\n<td width=\"38\">9<\/td>\n<td width=\"331\">FUNDACION JOSECRIS. Semillas de Paz<\/td>\n<td width=\"217\">Edwin Romero Viviescas<\/p>\n<p>Fabio Iv\u00e1n Saavedra<\/td>\n<\/tr>\n<tr>\n<td width=\"38\">10<\/td>\n<td width=\"331\">JOVENES AL PODER<\/td>\n<td width=\"217\">Karen Vannesa D\u00edaz Delgado<\/p>\n<p>Laura Marulanda Pulido<\/td>\n<\/tr>\n<tr>\n<td width=\"38\">11<\/td>\n<td width=\"331\">JUVENTUD COMUNISTA COLOMBIANA JUCO<\/td>\n<td width=\"217\">Ana Judith Torres Carrillo<\/p>\n<p>Laura Rond\u00f3n<\/td>\n<\/tr>\n<tr>\n<td width=\"38\">12<\/td>\n<td width=\"331\">LEOPARDOS RAPPERS COLECTIVO JOVENES ARTISTAS<\/td>\n<td width=\"217\">Winston D\u00edaz D\u00edaz<\/p>\n<p>Andr\u00e9s G\u00f3mez<\/td>\n<\/tr>\n<tr>\n<td width=\"38\">13<\/td>\n<td width=\"331\">MOVIMIENTO NACIONAL DE NI\u00d1OS,NI\u00d1AS,ADOLESCENTES Y J\u00d3VENES GESTORES<\/td>\n<td width=\"217\">Niriyeth Daniela T\u00e9llez Su\u00e1rez<\/p>\n<p>Darina Camar\u00f3n<\/td>\n<\/tr>\n<tr>\n<td width=\"38\">14<\/td>\n<td width=\"331\">PLATAFORMA ASOLGTBIQ SANTANDER<\/td>\n<td width=\"217\">Iv\u00e1n Dario Prada Serrano<\/p>\n<p>Robinson Hosnayder Duarte<\/td>\n<\/tr>\n<tr>\n<td width=\"38\">15<\/td>\n<td width=\"331\">WORD VISION INTERNATIONAL<\/td>\n<td width=\"217\">Leidy Karina J\u00e1come Hort\u00faa<\/p>\n<p>Melissa Sue Rodr\u00edguez Loaiza<\/td>\n<\/tr>\n<\/tbody>\n<\/table>\n<p>&nbsp;<\/p>\n","protected":false},"excerpt":{"rendered":"<p>Bucaramanga sigue siendo pionera en temas de juventud, por ello, actualiz\u00f3 ante la Personer\u00eda municipal, la Plataforma de Juventud del&#46;&#46;&#46;<\/p>\n","protected":false},"author":3,"featured_media":3118,"comment_status":"closed","ping_status":"open","sticky":false,"template":"","format":"standard","meta":{"_bbp_topic_count":0,"_bbp_reply_count":0,"_bbp_total_topic_count":0,"_bbp_total_reply_count":0,"_bbp_voice_count":0,"_bbp_anonymous_reply_count":0,"_bbp_topic_count_hidden":0,"_bbp_reply_count_hidden":0,"_bbp_forum_subforum_count":0,"footnotes":""},"categories":[13,4],"tags":[33,87],"class_list":["post-3117","post","type-post","status-publish","format-standard","has-post-thumbnail","hentry","category-juventud","category-noticias","tag-participacion-juvenil","tag-plataforma-de-juventud"],"_links":{"self":[{"href":"https:\/\/noticias.inderbu.gov.co\/index.php\/wp-json\/wp\/v2\/posts\/3117","targetHints":{"allow":["GET"]}}],"collection":[{"href":"https:\/\/noticias.inderbu.gov.co\/index.php\/wp-json\/wp\/v2\/posts"}],"about":[{"href":"https:\/\/noticias.inderbu.gov.co\/index.php\/wp-json\/wp\/v2\/types\/post"}],"author":[{"embeddable":true,"href":"https:\/\/noticias.inderbu.gov.co\/index.php\/wp-json\/wp\/v2\/users\/3"}],"replies":[{"embeddable":true,"href":"https:\/\/noticias.inderbu.gov.co\/index.php\/wp-json\/wp\/v2\/comments?post=3117"}],"version-history":[{"count":3,"href":"https:\/\/noticias.inderbu.gov.co\/index.php\/wp-json\/wp\/v2\/posts\/3117\/revisions"}],"predecessor-version":[{"id":3121,"href":"https:\/\/noticias.inderbu.gov.co\/index.php\/wp-json\/wp\/v2\/posts\/3117\/revisions\/3121"}],"wp:featuredmedia":[{"embeddable":true,"href":"https:\/\/noticias.inderbu.gov.co\/index.php\/wp-json\/wp\/v2\/media\/3118"}],"wp:attachment":[{"href":"https:\/\/noticias.inderbu.gov.co\/index.php\/wp-json\/wp\/v2\/media?parent=3117"}],"wp:term":[{"taxonomy":"category","embeddable":true,"href":"https:\/\/noticias.inderbu.gov.co\/index.php\/wp-json\/wp\/v2\/categories?post=3117"},{"taxonomy":"post_tag","embeddable":true,"href":"https:\/\/noticias.inderbu.gov.co\/index.php\/wp-json\/wp\/v2\/tags?post=3117"}],"curies":[{"name":"wp","href":"https:\/\/api.w.org\/{rel}","templated":true}]}}